{"id":24748,"date":"2023-03-18T18:01:11","date_gmt":"2023-03-18T15:01:11","guid":{"rendered":"http:\/\/akdenizolaygazetesi.com\/?p=24748"},"modified":"2023-03-18T18:01:11","modified_gmt":"2023-03-18T15:01:11","slug":"secer-halkin-mucadelesinin-dunyaya-mal-olmus-zaferi","status":"publish","type":"post","link":"https:\/\/akdenizolaygazetesi.com\/?p=24748","title":{"rendered":"SE\u00c7ER:  &#8220;HALKIN M\u00dcCADELES\u0130N\u0130N D\u00dcNYAYA MAL OLMU\u015e ZAFER\u0130&#8221;"},"content":{"rendered":"<p>Mersin B\u00fcy\u00fck\u015fehir Belediye Ba\u015fkan\u0131 Vahap Se\u00e7er, 18 Mart \u015eehitleri Anma G\u00fcn\u00fc ve \u00c7anakkale Deniz Zaferi&#8217;nin 108. y\u0131l d\u00f6n\u00fcm\u00fc kapsam\u0131nda Mersin \u015eehitli\u011fi&#8217;nde d\u00fczenlenen programa kat\u0131ld\u0131. 18 Mart&#8217;\u0131n \u00e7ok \u00f6zel bir g\u00fcn oldu\u011funu vurgulayan Ba\u015fkan Se\u00e7er, &#8220;\u00c7anakkale Zaferi; Do\u011fu&#8217;dan Bat\u0131&#8217;ya, Kuzey&#8217;den G\u00fcney&#8217;e b\u00fct\u00fcn bir halk\u0131n m\u00fccadelesinin d\u00fcnyaya mal olmu\u015f bir zaferidir&#8221; dedi.<\/p>\n<p>Kent protokol\u00fc \u015eehitlik An\u0131t\u0131&#8217;na \u00e7elenklerini sundu<\/p>\n<p>D\u00fczenlenen t\u00f6rene; Mersin Valisi Ali Hamza Pehlivan, Akdeniz B\u00f6lge ve Garnizon Komutan\u0131 Tu\u011famiral Fuat Gedik, Mersin B\u00fcy\u00fck\u015fehir Belediye Ba\u015fkan\u0131 Vahap Se\u00e7er, T\u00fcrkiye Harp Malul\u00fc Gaziler, \u015eehit Dul ve Yetimleri Derne\u011fi Mersin \u015eube Ba\u015fkan\u0131 Fatih Tuncer, Mersin milletvekilleri, \u015fehit yak\u0131nlar\u0131, gaziler, kent protokol\u00fc, vatanda\u015flar ve \u00f6\u011frenciler kat\u0131ld\u0131.<\/p>\n<p>T\u00f6rende; Vali Pehlivan,  Akdeniz B\u00f6lge ve Garnizon Komutan\u0131 Tu\u011famiral Gedik, Ba\u015fkan Se\u00e7er ve T\u00fcrkiye Harp Malul\u00fc Gaziler, \u015eehit Dul ve Yetimleri Derne\u011fi Mersin \u015eube Ba\u015fkan\u0131 Tuncer taraf\u0131ndan \u015eehitlik An\u0131t\u0131&#8217;na \u00e7elenkler sunuldu. \u00c7elenk sunumunun ard\u0131ndan sayg\u0131 duru\u015funda bulunuldu ve sayg\u0131 at\u0131\u015f\u0131 yap\u0131ld\u0131. Daha sonra \u0130stikl\u00e2l Mar\u015f\u0131 e\u015fli\u011finde T\u00fcrk bayra\u011f\u0131 g\u00f6ndere \u00e7ekildi. Bir \u00f6\u011frenci taraf\u0131ndan okunan \u015fiirin ard\u0131ndan ise T\u00fcrkiye Harp Malul\u00fc Gaziler, \u015eehit, Dul ve Yetimleri Derne\u011fi Mersin \u015eube Ba\u015fkan\u0131 Fatih Tuncer konu\u015fma yapt\u0131. Akdeniz B\u00f6lge ve Garnizon Komutanl\u0131\u011f\u0131nca belirlenen bir subay taraf\u0131ndan da g\u00fcn\u00fcn anlam ve \u00f6nemini belirten konu\u015fma ger\u00e7ekle\u015ftirildi ve Vali Pehlivan taraf\u0131ndan \u015eehitlik Defteri imzaland\u0131.<\/p>\n<p>\u015eehit mezarlar\u0131na karanfiller b\u0131rak\u0131ld\u0131<\/p>\n<p>Kur&#8217;an-\u0131 Kerim tilavetinin ard\u0131ndan Mersin \u0130l M\u00fcft\u00fcs\u00fc Ayd\u0131n Y\u0131\u011fman taraf\u0131ndan \u015fehitler i\u00e7in dua okudu. Yap\u0131lan duan\u0131n ard\u0131ndan protokol \u00fcyeleri \u015fehitlerin mezarlar\u0131n\u0131 ziyaret ederek, mezarlara karanfil b\u0131rakt\u0131lar.<\/p>\n<p>Ba\u015fkan Se\u00e7er: &#8220;Halk\u0131n m\u00fccadelesinin d\u00fcnyaya mal olmu\u015f zaferi&#8221;<\/p>\n<p>Mersin \u015eehitli\u011fi&#8217;nde, g\u00fcn\u00fcn anlam ve \u00f6nemine ili\u015fkin de\u011ferlendirmelerde bulunan Ba\u015fkan Se\u00e7er, &#8220;\u00c7ok \u00f6zel bir g\u00fcn. Birincisi; \u00c7anakkale Zaferi&#8217;nin 108 y\u0131l \u00f6nce o g\u00fcnk\u00fc ko\u015fullarda, Osmanl\u0131 \u0130mparatorlu\u011fu \u00e7at\u0131s\u0131 alt\u0131nda o topraklarda Do\u011fu&#8217;dan Bat\u0131&#8217;ya, Kuzey&#8217;den G\u00fcney&#8217;e b\u00fct\u00fcn bir halk\u0131n m\u00fccadelesinin asl\u0131nda d\u00fcnyaya mal olmu\u015f bir zaferi. Bug\u00fcn ayn\u0131 zamanda \u015eehitler G\u00fcn\u00fc olarak \u015fehitlerimizi y\u00e2d ediyoruz, mekanlar\u0131 cennet olsun. Bu topraklarda ba\u011f\u0131ms\u0131z bir millet olarak ya\u015f\u0131yorsak, bir vatan\u0131m\u0131z varsa, bayra\u011f\u0131m\u0131z g\u00f6nderde dalgalan\u0131yorsa, ezan dinmiyorsa o \u015fehitlerimiz sayesinde. Onlara olan g\u00f6revimizi T\u00fcrk milleti olarak yerine getirmekle m\u00fckellefiz. Bunu bizim hem insani hem vicdani hem de vatani vazifemiz olarak de\u011ferlendirmek laz\u0131m&#8221; dedi.<\/p>\n<p>&#8220;Bu \u00fclkenin b\u00fct\u00fcn halk\u0131n\u0131n birbirine s\u0131ms\u0131k\u0131 ba\u011fl\u0131 olmas\u0131 gerekiyor&#8221;<\/p>\n<p>T\u00fcrkiye&#8217;nin g\u00fc\u00e7l\u00fc bir \u00fclke olabilmesi i\u00e7in birlik ve beraberlik duygusuyla hareket edilmesinin \u00f6nemine vurgu yapan Ba\u015fkan Se\u00e7er, &#8220;Bu \u00fclkenin do\u011fudan bat\u0131ya, kuzeyden g\u00fcneye ya\u015fayan b\u00fct\u00fcn halk\u0131n\u0131n birbirine s\u0131ms\u0131k\u0131 ba\u011fl\u0131 olmas\u0131 gerekiyor. Birlik, beraberlik, birbirimize sevgi, sayg\u0131, vatan sevgisi kavramlar\u0131n\u0131 ve Ulu \u00d6nder Mustafa Kemal Atat\u00fcrk sevgisini kalbimizin en derinliklerine yazmal\u0131y\u0131z, beynimize kaz\u0131mal\u0131y\u0131z ki bu d\u00fc\u015f\u00fcnceyle, bu duyguyla hayat\u0131m\u0131z\u0131 s\u00fcrd\u00fcrelim ve \u00fclkemizin de ilelebet ya\u015famas\u0131na vesile olal\u0131m&#8221; diye konu\u015ftu.<\/p>\n<p>&#8220;Ulu \u00d6nder Mustafa Kemal Atat\u00fcrk&#8217;\u00fcn g\u00f6sterdi\u011fi hedefte y\u00fcr\u00fcyen y\u00f6neticileriz&#8221;<\/p>\n<p>Ba\u015fkan Se\u00e7er, konu\u015fmas\u0131n\u0131 \u015fu s\u00f6zlerle s\u00fcrd\u00fcrd\u00fc:<\/p>\n<p>&#8220;Bizler; Ulu \u00d6nder Mustafa Kemal Atat\u00fcrk&#8217;\u00fcn a\u00e7t\u0131\u011f\u0131 yolda, g\u00f6sterdi\u011fi hedefte y\u00fcr\u00fcyen y\u00f6neticileriz. Duygular\u0131m\u0131z, d\u00fc\u015f\u00fcncelerimiz, azmimiz, \u00e7al\u0131\u015fmalar\u0131m\u0131z bu y\u00f6nde. T\u00fcrkiye&#8217;miz \u00e7ok daha g\u00fczel g\u00fcnleri g\u00f6recek, \u00e7ok daha g\u00fc\u00e7l\u00fc konuma gelecek. Huzurun, sevginin, sayg\u0131n\u0131n, refah\u0131n t\u00fcm yurt sath\u0131na yayg\u0131n oldu\u011fu, \u00e7ok daha g\u00fczel g\u00fcnlere kavu\u015facak. Bu tabi ki bizim birli\u011fimiz, beraberli\u011fimiz ve azmimiz sayesinde olacak.&#8221;<\/p>\n","protected":false},"excerpt":{"rendered":"<p>Mersin B\u00fcy\u00fck\u015fehir Belediye Ba\u015fkan\u0131 Vahap Se\u00e7er, 18 Mart \u015eehitleri Anma G\u00fcn\u00fc ve \u00c7anakkale Deniz Zaferi&#8217;nin 108. y\u0131l d\u00f6n\u00fcm\u00fc kapsam\u0131nda Mersin \u015eehitli\u011fi&#8217;nde d\u00fczenlenen programa kat\u0131ld\u0131. 18 Mart&#8217;\u0131n \u00e7ok \u00f6zel bir g\u00fcn &hellip; <a href=\"https:\/\/akdenizolaygazetesi.com\/?p=24748\" class=\"more-link\">Devam\u0131n\u0131 Oku&#8230;<\/a><\/p>\n","protected":false},"author":2,"featured_media":24749,"comment_status":"open","ping_status":"open","sticky":false,"template":"","format":"standard","meta":[],"categories":[3],"tags":[],"_links":{"self":[{"href":"https:\/\/akdenizolaygazetesi.com\/index.php?rest_route=\/wp\/v2\/posts\/24748"}],"collection":[{"href":"https:\/\/akdenizolaygazetesi.com\/index.php?rest_route=\/wp\/v2\/posts"}],"about":[{"href":"https:\/\/akdenizolaygazetesi.com\/index.php?rest_route=\/wp\/v2\/types\/post"}],"author":[{"embeddable":true,"href":"https:\/\/akdenizolaygazetesi.com\/index.php?rest_route=\/wp\/v2\/users\/2"}],"replies":[{"embeddable":true,"href":"https:\/\/akdenizolaygazetesi.com\/index.php?rest_route=%2Fwp%2Fv2%2Fcomments&post=24748"}],"version-history":[{"count":1,"href":"https:\/\/akdenizolaygazetesi.com\/index.php?rest_route=\/wp\/v2\/posts\/24748\/revisions"}],"predecessor-version":[{"id":24750,"href":"https:\/\/akdenizolaygazetesi.com\/index.php?rest_route=\/wp\/v2\/posts\/24748\/revisions\/24750"}],"wp:featuredmedia":[{"embeddable":true,"href":"https:\/\/akdenizolaygazetesi.com\/index.php?rest_route=\/wp\/v2\/media\/24749"}],"wp:attachment":[{"href":"https:\/\/akdenizolaygazetesi.com\/index.php?rest_route=%2Fwp%2Fv2%2Fmedia&parent=24748"}],"wp:term":[{"taxonomy":"category","embeddable":true,"href":"https:\/\/akdenizolaygazetesi.com\/index.php?rest_route=%2Fwp%2Fv2%2Fcategories&post=24748"},{"taxonomy":"post_tag","embeddable":true,"href":"https:\/\/akdenizolaygazetesi.com\/index.php?rest_route=%2Fwp%2Fv2%2Ftags&post=24748"}],"curies":[{"name":"wp","href":"https:\/\/api.w.org\/{rel}","templated":true}]}}