{"id":24754,"date":"2023-03-19T11:08:44","date_gmt":"2023-03-19T08:08:44","guid":{"rendered":"http:\/\/akdenizolaygazetesi.com\/?p=24754"},"modified":"2023-03-19T11:08:44","modified_gmt":"2023-03-19T08:08:44","slug":"japonya-mersin-iliskileri-bircok-tarihsel-olaya-dayaniyor","status":"publish","type":"post","link":"https:\/\/akdenizolaygazetesi.com\/?p=24754","title":{"rendered":"&#8220;JAPONYA-MERS\u0130N \u0130L\u0130\u015eK\u0130LER\u0130 B\u0130R\u00c7OK TAR\u0130HSEL OLAYA DAYANIYOR&#8221;"},"content":{"rendered":"<p>Japonya B\u00fcy\u00fckel\u00e7isi Kazuhiro Suzuki ve beraberindeki heyet, Mersin B\u00fcy\u00fck\u015fehir Belediye Ba\u015fkan\u0131 Vahap Se\u00e7er&#8217;e nezaket ziyaretinde bulundu.<\/p>\n<p>Ziyarette; Mersin B\u00fcy\u00fck\u015fehir Belediyesi Mersin Su ve Kanalizasyon \u0130daresi (MESK\u0130) Genel M\u00fcd\u00fcr\u00fc \u0130rfan Korkmaz, Mersin B\u00fcy\u00fck\u015fehir Belediyesi Ba\u015fkan Dan\u0131\u015fmanlar\u0131 \u0130brahim Evrim ile Ertan Liman da yer ald\u0131.<\/p>\n<p>&#8220;Umut ediyorum JICA finans konusunda da \u00e7al\u0131\u015fmalar\u0131m\u0131z olumlu sonu\u00e7lan\u0131r&#8221;<\/p>\n<p>Ba\u015fkan Se\u00e7er,  Japonya ile ili\u015fkilerin daha \u00e7ok geli\u015ftirilmesi temennisinde bulunarak, &#8220;Umut ediyorum bundan sonraki s\u00fcre\u00e7te de Japon halk\u0131yla ili\u015fkilerimiz gayet d\u00fczeyli olur. Ekonomik, sosyal, siyasal ve \u00e7evrenin korunmas\u0131 gibi her alanda; T\u00fcrkiye&#8217;de, Japonya&#8217;da toplumsal ve d\u00fcnya bar\u0131\u015f\u0131n\u0131n tesisi konusunda \u00f6nemli deneyimlerimizi birbirimize aktar\u0131r\u0131z. Yine \u00f6zellikle belediyemizin altyap\u0131 yat\u0131r\u0131mlar\u0131nda \u00f6nemli bir finans kayna\u011f\u0131 olan JICA finans konusunda da \u00e7al\u0131\u015fmalar\u0131m\u0131z olumlu neticelerle sonu\u00e7lan\u0131r. Bu konuda da Say\u0131n B\u00fcy\u00fckel\u00e7inin bu ziyareti s\u0131ras\u0131nda de\u011ferlendirme yap\u0131p kendisinden bu anlamda belediyemiz ad\u0131na da katk\u0131lar\u0131n\u0131z\u0131 beklerim&#8221; ifadelerini kulland\u0131.<\/p>\n<p>&#8220;Japonya-Mersin ili\u015fkileri bir\u00e7ok tarihsel olaya dayan\u0131yor&#8221;<\/p>\n<p>Ba\u015fkan Se\u00e7er, 6 \u015eubat depreminden sonra Japonya Heyeti&#8217;nin b\u00f6lgede yapt\u0131\u011f\u0131 arama-kurtarma \u00e7al\u0131\u015fmalar\u0131 ve daha sonraki s\u00fcre\u00e7teki faaliyetlerinden dolay\u0131 sonsuz \u015f\u00fckranlar\u0131n\u0131 iletti. Se\u00e7er, &#8220;Bundan sonraki s\u00fcre\u00e7te de b\u00f6lgenin tekrar imar edilmesi i\u00e7in mutlaka \u00fclkemizin deste\u011fe ihtiyac\u0131 var ve Japonya&#8217;n\u0131n da bu konuda, nas\u0131l bug\u00fcne kadar deste\u011fini esirgemediyse, bundan sonra da ayn\u0131 duygular\u0131n\u0131 esirgemeyece\u011fini umut ediyoruz. Japonya-Mersin ili\u015fkileri bir\u00e7ok tarihsel olaya dayan\u0131yor. Say\u0131n B\u00fcy\u00fckel\u00e7i ile benim ilk g\u00f6r\u00fc\u015fmem. Bunu bir ba\u015flang\u0131\u00e7 olarak kabul edip, bundan sonraki s\u00fcre\u00e7te daha yo\u011fun bir \u015fekilde dostlu\u011fumuzun, ili\u015fkilerimizin ve birbirimize katk\u0131lar\u0131m\u0131z\u0131n geli\u015fmesi ve peki\u015fmesi i\u00e7in \u00e7al\u0131\u015fmalar\u0131m\u0131z\u0131 s\u00fcrd\u00fcrmemizde yarar var&#8221; dedi.<\/p>\n<p>Ba\u015fkan Se\u00e7er ayr\u0131ca hibe programlar\u0131na ili\u015fkin de; &#8220;Japonya B\u00fcy\u00fckel\u00e7ili\u011fimize baz\u0131 hibe programlar\u0131ndan Mersin&#8217;in yararlanmas\u0131 ile ilgili proje sunumlar\u0131m\u0131z var. Bunun da taraf\u0131n\u0131zca da desteklenmesini arzu ederiz. Ayr\u0131ca az \u00f6nceki destek talebimi bir daha yinelemek istiyorum. \u00d6zellikle Mersin&#8217;in altyap\u0131 \u00e7al\u0131\u015fmalar\u0131nda \u0130ller Bankas\u0131 koordinasyonu ile belediyelere aktar\u0131lan kredilerden faydalanmam\u0131z y\u00f6n\u00fcnde de Say\u0131n B\u00fcy\u00fckel\u00e7i&#8217;nin katk\u0131lar\u0131n\u0131 bekleriz&#8221; diye konu\u015ftu.<\/p>\n<p>B\u00fcy\u00fckel\u00e7i Suzuki: &#8220;T\u00fcrkiye&#8217;ye destek olmak ad\u0131na kendimizi sorumlu hissediyoruz&#8221;<\/p>\n<p>Suzuki, T\u00fcrkiye&#8217;de y\u00fcr\u00fct\u00fclecek olan pek \u00e7ok \u00e7al\u0131\u015fmada belediyelerle de i\u015fbirli\u011fine a\u00e7\u0131k olduklar\u0131n\u0131 belirterek, bu d\u00f6nemde afet b\u00f6lgelerine a\u011f\u0131rl\u0131k verdiklerini belirtti. Suzuki 11 Mart&#8217;\u0131n B\u00fcy\u00fck Japonya Depremi&#8217;nin y\u0131ld\u00f6n\u00fcm\u00fc oldu\u011funu ve \u00fclkesinin ya\u015fad\u0131\u011f\u0131 bu deprem sonras\u0131nda T\u00fcrkiye&#8217;nin de arama kurtarma \u00e7al\u0131\u015fmalar\u0131na verdi\u011fi destek i\u00e7in minnettar olduklar\u0131n\u0131 s\u00f6yledi. Bu nedenle T\u00fcrkiye&#8217;de meydana gelen depremleri sadece T\u00fcrkiye&#8217;nin sorunu olarak g\u00f6rmediklerini belirten B\u00fcy\u00fckel\u00e7i Suzuki, 6 \u015eubat&#8217;ta meydana gelen depremler sonras\u0131nda T\u00fcrkiye&#8217;ye destek olmak ad\u0131na kendilerini sorumlu hissettiklerini ve deprem sonras\u0131 \u00e7al\u0131\u015fmalar\u0131 desteklediklerini ifade etti.<\/p>\n<p>Ba\u015fkan Se\u00e7er depreme dayan\u0131kl\u0131 riskli yap\u0131lar\u0131n yenilenmesi ve depreme diren\u00e7li hale getirilmesi konusunda \u00f6nemli \u00e7al\u0131\u015fmalar\u0131 olaca\u011f\u0131n\u0131 vurgulayarak bu konuda yo\u011fun deprem ya\u015fayan Japonya&#8217;n\u0131n deneyimlerinden faydalanmak istediklerini belirtti. Ayr\u0131ca yap\u0131lacak yeni projelerde \u00f6nemli katk\u0131lar sunmalar\u0131n\u0131 arzu ettiklerini de dile getirdi.<\/p>\n<p>&#8220;T\u00fcrkiye-Japonya aras\u0131nda kadim bir dostluk mevcut&#8221;<\/p>\n<p>T\u00fcrkiye i\u00e7in \u00f6nemli bir g\u00fcnde ger\u00e7ekle\u015ftirdi\u011fi ziyaretten dolay\u0131 memnun oldu\u011funu da ifade eden B\u00fcy\u00fckel\u00e7i Kazuhiro Suzuki, &#8220;Cumartesi g\u00fcn\u00fc olmas\u0131na ra\u011fmen nezaketle bizi kar\u015f\u0131lad\u0131\u011f\u0131n\u0131z i\u00e7in te\u015fekk\u00fcr ederim.  Bug\u00fcn 18 Mart \u00c7anakkale Sava\u015f\u0131&#8217;n\u0131n zafer g\u00fcn\u00fc olarak kutland\u0131\u011f\u0131n\u0131 biliyorum. B\u00f6yle anlaml\u0131 ve \u00f6nemli bir g\u00fcnde Mersin&#8217;i ziyaret edebildi\u011fim i\u00e7in \u00e7ok memnuniyet duyuyorum&#8221; dedi.<\/p>\n<p>Ge\u00e7ti\u011fimiz y\u0131l ba\u015flayan Rusya-Ukrayna sava\u015f\u0131ndan dolay\u0131 ya\u015fanan geli\u015fmeler nedeniyle Mersin ziyaretini ertelemek zorunda kald\u0131\u011f\u0131n\u0131 s\u00f6yleyen Suzuki, &#8220;Ondan bir y\u0131l sonra tam ayn\u0131 g\u00fcnde ziyaret edebildi\u011fim i\u00e7in \u00e7ok memnunum. Japonya ve T\u00fcrkiye aras\u0131nda 1890 y\u0131l\u0131nda meydana gelen Ertu\u011frul F\u0131rkateyni facias\u0131na dayanan kadim bir dostlu\u011fumuz mevcuttur. Bunun i\u00e7in b\u00f6yle anlaml\u0131 bir g\u00fcnde ziyaret yapaca\u011f\u0131m\u0131 d\u00fc\u015f\u00fcn\u00fcyordum. \u00c7ok te\u015fekk\u00fcr ediyorum&#8221; diye konu\u015ftu.<\/p>\n<p>G\u00f6r\u00fc\u015fmede pandemi nedeni ile kesintiye u\u011frayan \u00f6\u011frenci de\u011fi\u015fim programlar\u0131n\u0131n da daha aktif olarak s\u00fcrd\u00fcr\u00fclmesi y\u00f6n\u00fcnde Ba\u015fkan Se\u00e7er ile B\u00fcy\u00fckel\u00e7i Suzuki aras\u0131nda g\u00f6r\u00fc\u015f birli\u011fine var\u0131ld\u0131. Ziyaret, heyetlerin birbirlerine hediye takdim etmesi ile sona erdi.<\/p>\n<p>\u00d6te yandan Ertu\u011frul F\u0131rkateyni \u015eehitleri an\u0131s\u0131na Japonya B\u00fcy\u00fckel\u00e7ili\u011fi taraf\u0131ndan d\u00fczenlenen Refah \u015eehitleri An\u0131t\u0131&#8217;na \u00e7elenk sunma t\u00f6renine Japonya B\u00fcy\u00fckel\u00e7isi Kazuhiro Suzuki ile birlikte Mersin B\u00fcy\u00fck\u015fehir Belediye Ba\u015fkan\u0131 Vahap Se\u00e7er&#8217;i temsilen K\u00fclt\u00fcr A.\u015e. Y\u00f6netim Kurulu Ba\u015fkan\u0131 ve B\u00fcy\u00fck\u015fehir Belediyesi Meclis \u00dcyesi Bedri Dursun kat\u0131ld\u0131.<\/p>\n","protected":false},"excerpt":{"rendered":"<p>Japonya B\u00fcy\u00fckel\u00e7isi Kazuhiro Suzuki ve beraberindeki heyet, Mersin B\u00fcy\u00fck\u015fehir Belediye Ba\u015fkan\u0131 Vahap Se\u00e7er&#8217;e nezaket ziyaretinde bulundu. Ziyarette; Mersin B\u00fcy\u00fck\u015fehir Belediyesi Mersin Su ve Kanalizasyon \u0130daresi (MESK\u0130) Genel M\u00fcd\u00fcr\u00fc \u0130rfan Korkmaz, &hellip; <a href=\"https:\/\/akdenizolaygazetesi.com\/?p=24754\" class=\"more-link\">Devam\u0131n\u0131 Oku&#8230;<\/a><\/p>\n","protected":false},"author":2,"featured_media":24755,"comment_status":"open","ping_status":"open","sticky":false,"template":"","format":"standard","meta":[],"categories":[2,3,5],"tags":[],"_links":{"self":[{"href":"https:\/\/akdenizolaygazetesi.com\/index.php?rest_route=\/wp\/v2\/posts\/24754"}],"collection":[{"href":"https:\/\/akdenizolaygazetesi.com\/index.php?rest_route=\/wp\/v2\/posts"}],"about":[{"href":"https:\/\/akdenizolaygazetesi.com\/index.php?rest_route=\/wp\/v2\/types\/post"}],"author":[{"embeddable":true,"href":"https:\/\/akdenizolaygazetesi.com\/index.php?rest_route=\/wp\/v2\/users\/2"}],"replies":[{"embeddable":true,"href":"https:\/\/akdenizolaygazetesi.com\/index.php?rest_route=%2Fwp%2Fv2%2Fcomments&post=24754"}],"version-history":[{"count":1,"href":"https:\/\/akdenizolaygazetesi.com\/index.php?rest_route=\/wp\/v2\/posts\/24754\/revisions"}],"predecessor-version":[{"id":24756,"href":"https:\/\/akdenizolaygazetesi.com\/index.php?rest_route=\/wp\/v2\/posts\/24754\/revisions\/24756"}],"wp:featuredmedia":[{"embeddable":true,"href":"https:\/\/akdenizolaygazetesi.com\/index.php?rest_route=\/wp\/v2\/media\/24755"}],"wp:attachment":[{"href":"https:\/\/akdenizolaygazetesi.com\/index.php?rest_route=%2Fwp%2Fv2%2Fmedia&parent=24754"}],"wp:term":[{"taxonomy":"category","embeddable":true,"href":"https:\/\/akdenizolaygazetesi.com\/index.php?rest_route=%2Fwp%2Fv2%2Fcategories&post=24754"},{"taxonomy":"post_tag","embeddable":true,"href":"https:\/\/akdenizolaygazetesi.com\/index.php?rest_route=%2Fwp%2Fv2%2Ftags&post=24754"}],"curies":[{"name":"wp","href":"https:\/\/api.w.org\/{rel}","templated":true}]}}