{"id":24757,"date":"2023-03-19T11:10:33","date_gmt":"2023-03-19T08:10:33","guid":{"rendered":"http:\/\/akdenizolaygazetesi.com\/?p=24757"},"modified":"2023-03-19T11:10:33","modified_gmt":"2023-03-19T08:10:33","slug":"buyuksehir-belediyesi-isbirligindeki-proje-ile-dezavantajli-ailelere-destek-saglanacak","status":"publish","type":"post","link":"https:\/\/akdenizolaygazetesi.com\/?p=24757","title":{"rendered":"B\u00dcY\u00dcK\u015eEH\u0130R BELED\u0130YES\u0130 \u0130\u015eB\u0130RL\u0130\u011e\u0130NDEK\u0130 PROJE \u0130LE DEZAVANTAJLI A\u0130LELERE DESTEK SA\u011eLANACAK"},"content":{"rendered":"<p>Mersin B\u00fcy\u00fck\u015fehir Belediyesi Kad\u0131n ve Aile Hizmetleri Dairesi i\u015fbirli\u011finde, Bo\u011fazi\u00e7i \u00dcniversitesi Psikoloji Ara\u015ft\u0131rma ve Uygulama Merkezi (B\u00dcPAM) \u00e7at\u0131s\u0131 alt\u0131nda yer alan Erken \u00c7ocukluk Birimi &#8220;Bebek95&#8221; projesi, Mersin&#8217;de uygulamaya ge\u00e7ecek. &#8216;Mersin95&#8217; ismiyle dezavantajl\u0131, depremden etkilenip kente gelen hamilelere ve 0-3 ya\u015f aras\u0131nda \u00e7ocuklar\u0131 olan ailelere ev ziyaret temelli aile rehberli\u011fi deste\u011fi verilecek.<\/p>\n<p>Bebek95 projesi nedir?<\/p>\n<p>Ad\u0131n\u0131 D\u00fcnya Sa\u011fl\u0131k \u00d6rg\u00fct\u00fc taraf\u0131ndan 3 ya\u015f\u0131nda sa\u011fl\u0131kl\u0131 bir \u00e7ocu\u011fun ortalama boyu olarak kabul edilen 95 cm&#8217;den ilham alan Bebek95 biriminde, do\u011fum \u00f6ncesinden 3 ya\u015f\u0131na kadar bebeklerin temel geli\u015fim s\u00fcre\u00e7lerini destekleyen \u00e7al\u0131\u015fmalar y\u00fcr\u00fct\u00fcl\u00fcyor. Projenin ama\u00e7lar\u0131 aras\u0131nda; 0-3 ya\u015f d\u00f6neminin kritik \u00f6nemine dair toplumda fark\u0131ndal\u0131k yaratmak, bilimsel veriler \u0131\u015f\u0131\u011f\u0131nda erken \u00e7ocukluk geli\u015fimine y\u00f6nelik aile-odakl\u0131 erken m\u00fcdahale programlar\u0131 geli\u015ftirmek, yoksulluk, m\u00fcltecilik stat\u00fcs\u00fc gibi dezavantajl\u0131 ko\u015fullarda ya\u015fayan ailelerdeki bak\u0131m verenler ile bebeklerin bu programlardan faydalanmas\u0131 i\u00e7in yerel y\u00f6netimler, sivil toplum kurulu\u015flar\u0131, kamu ve \u00f6zel sekt\u00f6r kurulu\u015flar\u0131 ile i\u015fbirlikleri geli\u015ftirmek, erken m\u00fcdahale programlar\u0131n\u0131 uygulayan saha ekiplerine destek sa\u011flamak, programlar\u0131n aileler ve \u00e7ocuklar \u00fczerindeki etkilerini ara\u015ft\u0131rmak ve kan\u0131t-temelli programlar\u0131n daha fazla say\u0131da \u00e7ocuk ve aileye ula\u015fmas\u0131n\u0131 sa\u011flamak yer al\u0131yor.<\/p>\n<p>Benveniste: &#8220;Mersin B\u00fcy\u00fck\u015fehir Belediyesi ile beraber &#8216;Mersin95&#8217;i ba\u015flatma karar\u0131 ald\u0131k&#8221;<\/p>\n<p>Bo\u011fazi\u00e7i \u00dcniversitesi b\u00fcnyesindeki Bebek95 Erken \u00c7ocukluk Birim Koordinat\u00f6r\u00fc Uzman Psikolog Hande Benveniste, Bebek95 projesinin detaylar\u0131ndan bahsederek, &#8220;2017 y\u0131l\u0131nda Bernard van Leer Vakf\u0131 ile beraber \u00e7al\u0131\u015fmaya ba\u015flad\u0131k. 4 il\u00e7e belediyesinde program\u0131n etkisini \u00f6l\u00e7en bir pilot ara\u015ft\u0131rma yap\u0131ld\u0131. Hamilelik ile ba\u015flayan, do\u011fumdan sonra da iki haftada bir annelerin ziyaret edildi\u011fi bir ev ziyareti program\u0131 olu\u015fturduk. Burada annenin ruh sa\u011fl\u0131\u011f\u0131, anne \u00e7ocuk ili\u015fkisi, \u00e7ocu\u011fun geli\u015fimi, beslenme gibi konularda anneye destek sunmaya ba\u015flad\u0131k. Bunun i\u00e7in yerel y\u00f6netimlerde ekipler e\u011fitip, onlara saha deste\u011fi verip, bunun s\u00fcrd\u00fcr\u00fclebilir bir program olmas\u0131 i\u00e7in u\u011fra\u015f verdik. Ara\u015ft\u0131rma projesinin sonunda elde etti\u011fimiz olumlu sonu\u00e7lar, bizi bunu T\u00fcrkiye&#8217;de yayg\u0131nla\u015ft\u0131rma yoluna itti ve Bo\u011fazi\u00e7i \u00dcniversitesi&#8217;nde bir merkez kuruldu. \u015eu anda da yayg\u0131nla\u015ft\u0131rma s\u00fcrecindeyiz. Son ya\u015fanan \u00fcz\u00fcc\u00fc olaydan sonra, depremi ya\u015fam\u0131\u015f ki\u015filere destek verebilmek amac\u0131yla, Mersin B\u00fcy\u00fck\u015fehir Belediyesi ile beraber &#8216;Mersin95&#8217;i ba\u015flatma karar\u0131 ald\u0131k&#8221; dedi.<\/p>\n<p>&#8220;B\u00fcy\u00fck\u015fehir Belediyesi h\u0131zl\u0131 bir \u015fekilde ekip olu\u015fturdu&#8221;<\/p>\n<p>Benveniste, B\u00fcy\u00fck\u015fehir Belediyesi&#8217;nin proje i\u00e7in h\u0131zla \u00e7al\u0131\u015ft\u0131\u011f\u0131n\u0131 anlatarak, &#8220;Mersin B\u00fcy\u00fck\u015fehir Belediyesi h\u0131zl\u0131 bir \u015fekilde ekip olu\u015fturdu. \u015eimdi bizler gelip, bu ekibe e\u011fitim verece\u011fiz. Ayn\u0131 zamanda, \u00f6zel duruma g\u00f6re baz\u0131 yeni mod\u00fcller de ekleyece\u011fiz. Daha sonra depremden etkilenen hamile veya 0-3 ya\u015f \u00e7ocu\u011fu olan annelere, ailelere destek vermeye ba\u015flayaca\u011f\u0131z. Program\u0131n en \u00f6nemli \u00f6zelli\u011fi s\u00fcreklilik. Yani biz iki haftada bir, ki \u015fimdi deprem ya\u015fam\u0131\u015f ailelerle haftada bir temas kurarak, s\u00fcrekli irtibat halinde olaca\u011f\u0131z. Onlara bilgi vermenin \u00f6tesinde; uygulama becerilerini, ebeveynlik becerilerini geli\u015ftirmek, davran\u0131\u015f de\u011fi\u015fikli\u011fi yaratmak, kafalar\u0131ndaki \u00e7ocuk resmini de\u011fi\u015ftirmek, takdir etmek, olumlu d\u00fc\u015f\u00fcnme gibi beceriler kazand\u0131rmaya \u00e7al\u0131\u015f\u0131yoruz. Tabi bunlar\u0131 verirken \u00e7ok b\u00fcy\u00fck bir g\u00fcven ili\u015fkisi olu\u015fuyor. Annenin kendini de\u011ferli hissetmesi, becerileri geli\u015ftik\u00e7e, \u00e7ocu\u011fundaki geli\u015fimleri g\u00f6rd\u00fck\u00e7e \u00f6zg\u00fcveninin y\u00fckselmesi ve bunun neticesinde de t\u00fcm aileye yans\u0131yan olumlu bir etkisi oluyor. Biz bu s\u00fcrekli temasla, bu g\u00fcven ili\u015fkisiyle onlar\u0131n yan\u0131nda olmak istiyoruz ve ayr\u0131ca t\u00fcm ailede gerekli olabilecek ihtiya\u00e7lar\u0131 da, belediyenin gerekli birimlerini y\u00f6nlendirerek tespit etmi\u015f olabilece\u011fiz&#8221; ifadelerine yer verdi.<\/p>\n<p>Bebek95 projesinde yer alan 95 rakam\u0131n\u0131n anlam\u0131n\u0131 da a\u00e7\u0131klayan Benveniste, &#8221; &#8217;95&#8217;,  3 ya\u015f\u0131nda sa\u011fl\u0131kl\u0131 bir \u00e7ocu\u011fun, D\u00fcnya Sa\u011fl\u0131k \u00d6rg\u00fct\u00fc taraf\u0131ndan kabul edilen boy ortalamas\u0131d\u0131r. Biz diyoruz ki; e\u011fer bir \u015fehre 95 santimden bakarsak, sorunlar\u0131 g\u00f6r\u00fcp \u00e7\u00f6zersek, asl\u0131nda herkes i\u00e7in, ya\u015fl\u0131lar i\u00e7in, engelliler i\u00e7in, yeti\u015fkinler i\u00e7in sorunlar\u0131 \u00e7\u00f6zm\u00fc\u015f oluruz, daha ya\u015fanabilir bir \u015fehir olu\u015ftururuz. Kent95 olarak bilinen ve d\u00fcnyada \u00e7e\u015fitli \u00fclkelerde uygulanan bu program\u0131n bir aya\u011f\u0131 bizim yapt\u0131\u011f\u0131m\u0131z ev ziyareti program\u0131, bir aya\u011f\u0131 kamusal alanlar\u0131 0-3 ya\u015fa g\u00f6re d\u00f6n\u00fc\u015ft\u00fcrmek ve bir di\u011fer \u00f6nemli aya\u011f\u0131 ise b\u00fct\u00fcn bunlar\u0131 veriye dayal\u0131 yapabilmek&#8221; diye konu\u015ftu.<\/p>\n<p>Benveniste, Mersin&#8217;de erken \u00e7ocukluk d\u00f6nemi ile ilgili yap\u0131lan \u00e7al\u0131\u015fmalar\u0131 be\u011fenerek takip etti\u011fini belirterek, &#8220;Mersin&#8217;e ilk defa geldim. Son bir y\u0131ld\u0131r, Mersin&#8217;de kad\u0131n ve \u00e7ocuklukla ilgili yap\u0131lan her t\u00fcrl\u00fc \u00e7al\u0131\u015fmay\u0131 b\u00fcy\u00fck bir heyecanla izliyordum ve \u00e7al\u0131\u015fmak nasip oldu. B\u00f6yle bir ekiple, b\u00f6yle bir erken \u00e7ocukluk anlay\u0131\u015f\u0131 ve fark\u0131ndal\u0131\u011f\u0131 olan bir belediye ile \u00e7al\u0131\u015fmak ger\u00e7ekten \u00e7ok heyecan verici. Umar\u0131m \u00e7ok g\u00fczel bir \u015fekilde program\u0131 oturtabiliriz ve \u00e7evreye de yayg\u0131nla\u015ft\u0131rabiliriz&#8221; dedi.<\/p>\n<p>Foggo: &#8220;Depremden etkilenen hamile kad\u0131nlara y\u00f6nelik ilk pilot proje olacak&#8221;<\/p>\n<p>Cumhuriyet Halk Partisi Yoksulluk Dayan\u0131\u015fma Koordinat\u00f6r\u00fc Hacer Foggo ise, daha \u00f6nce de Mersin&#8217;i ziyaret etti\u011fini ve B\u00fcy\u00fck\u015fehir Belediyesi&#8217;nin sosyal projelerini inceledi\u011fini ifade ederek, &#8220;Mersin B\u00fcy\u00fck\u015fehir Belediyesi&#8217;nin yoksullukla ilgili projelerini incelemi\u015ftik. Zaten genel anlamda \u00e7ok iyi \u00e7al\u0131\u015f\u0131yor Mersin B\u00fcy\u00fck\u015fehir Belediyesi&#8221; dedi.<\/p>\n<p>Foggo, bu kez ziyaretlerinin sebebinin Bebek95 projesinin Mersin&#8217;e ta\u015f\u0131nmas\u0131 oldu\u011funu belirterek, \u015f\u00f6yle devam etti:<\/p>\n<p>&#8220;Bug\u00fcn burada olmam\u0131z\u0131n nedeni, Mersin95 projesinin hayata ge\u00e7ecek olmas\u0131. Daha do\u011frusu, Bebek95 projesinin Mersin&#8217;de de hayata ge\u00e7ecek olmas\u0131. \u015eu a\u00e7\u0131dan \u00e7ok \u00f6nemli proje; Birle\u015fmi\u015f Milletler&#8217;in rakamlar\u0131na g\u00f6re, deprem ya\u015fanan b\u00f6lgelerde 240 binin \u00fczerinde hamile kad\u0131n var. Mersin&#8217;i de d\u00fc\u015f\u00fcnd\u00fc\u011f\u00fcm\u00fcz zaman, buraya depremden etkilenen 400 bin \u00fczerinde insan ta\u015f\u0131nd\u0131. Bunlar\u0131n aras\u0131nda hamile kad\u0131nlar da var ve onlara y\u00f6nelik bir proje burada hayata ge\u00e7ecek. Depremden etkilenen hamile kad\u0131nlara y\u00f6nelik ilk pilot proje olacak. \u00c7ok \u00f6nemli, \u00e7ok k\u0131ymetli bir proje oldu\u011funu d\u00fc\u015f\u00fcn\u00fcyorum. Bundan sonra, belki ba\u015fka b\u00f6lgelerde de yayg\u0131nla\u015facak. Niye \u00f6nemli? \u00c7\u00fcnk\u00fc T\u00fcrkiye&#8217;de \u00f6zellikle erken \u00e7ocukluk e\u011fitimine, 0-3 ya\u015fa y\u00f6nelik \u00e7ok fazla proje yok. Ama asl\u0131nda b\u00fct\u00fcn karakter ve ki\u015filik de asl\u0131nda o d\u00f6nemlerde ba\u015fl\u0131yor. Yani erken \u00e7ocukluk d\u00f6neminde ba\u015fl\u0131yor ve bu anlamda da \u00e7ok \u00f6nemli. Bir de depremden etkilenen anneler a\u00e7\u0131s\u0131ndan da \u00e7ok \u00f6nemli bir proje oldu\u011funu d\u00fc\u015f\u00fcn\u00fcyorum. B\u00fcy\u00fck\u015fehir Belediye Ba\u015fkan\u0131m\u0131z Vahap Se\u00e7er ile de bir toplant\u0131 yapt\u0131k. Kendisi de bu projenin hayata ge\u00e7ece\u011finden dolay\u0131 \u00e7ok mutlu. Kendisine de buradan te\u015fekk\u00fcr ediyorum.&#8221;<\/p>\n","protected":false},"excerpt":{"rendered":"<p>Mersin B\u00fcy\u00fck\u015fehir Belediyesi Kad\u0131n ve Aile Hizmetleri Dairesi i\u015fbirli\u011finde, Bo\u011fazi\u00e7i \u00dcniversitesi Psikoloji Ara\u015ft\u0131rma ve Uygulama Merkezi (B\u00dcPAM) \u00e7at\u0131s\u0131 alt\u0131nda yer alan Erken \u00c7ocukluk Birimi &#8220;Bebek95&#8221; projesi, Mersin&#8217;de uygulamaya ge\u00e7ecek. &#8216;Mersin95&#8217; &hellip; <a href=\"https:\/\/akdenizolaygazetesi.com\/?p=24757\" class=\"more-link\">Devam\u0131n\u0131 Oku&#8230;<\/a><\/p>\n","protected":false},"author":2,"featured_media":24758,"comment_status":"open","ping_status":"open","sticky":false,"template":"","format":"standard","meta":[],"categories":[2,3],"tags":[],"_links":{"self":[{"href":"https:\/\/akdenizolaygazetesi.com\/index.php?rest_route=\/wp\/v2\/posts\/24757"}],"collection":[{"href":"https:\/\/akdenizolaygazetesi.com\/index.php?rest_route=\/wp\/v2\/posts"}],"about":[{"href":"https:\/\/akdenizolaygazetesi.com\/index.php?rest_route=\/wp\/v2\/types\/post"}],"author":[{"embeddable":true,"href":"https:\/\/akdenizolaygazetesi.com\/index.php?rest_route=\/wp\/v2\/users\/2"}],"replies":[{"embeddable":true,"href":"https:\/\/akdenizolaygazetesi.com\/index.php?rest_route=%2Fwp%2Fv2%2Fcomments&post=24757"}],"version-history":[{"count":1,"href":"https:\/\/akdenizolaygazetesi.com\/index.php?rest_route=\/wp\/v2\/posts\/24757\/revisions"}],"predecessor-version":[{"id":24759,"href":"https:\/\/akdenizolaygazetesi.com\/index.php?rest_route=\/wp\/v2\/posts\/24757\/revisions\/24759"}],"wp:featuredmedia":[{"embeddable":true,"href":"https:\/\/akdenizolaygazetesi.com\/index.php?rest_route=\/wp\/v2\/media\/24758"}],"wp:attachment":[{"href":"https:\/\/akdenizolaygazetesi.com\/index.php?rest_route=%2Fwp%2Fv2%2Fmedia&parent=24757"}],"wp:term":[{"taxonomy":"category","embeddable":true,"href":"https:\/\/akdenizolaygazetesi.com\/index.php?rest_route=%2Fwp%2Fv2%2Fcategories&post=24757"},{"taxonomy":"post_tag","embeddable":true,"href":"https:\/\/akdenizolaygazetesi.com\/index.php?rest_route=%2Fwp%2Fv2%2Ftags&post=24757"}],"curies":[{"name":"wp","href":"https:\/\/api.w.org\/{rel}","templated":true}]}}