{"id":24767,"date":"2023-03-20T13:25:14","date_gmt":"2023-03-20T10:25:14","guid":{"rendered":"http:\/\/akdenizolaygazetesi.com\/?p=24767"},"modified":"2023-03-20T13:25:14","modified_gmt":"2023-03-20T10:25:14","slug":"mersinde-bulunan-depremzedelerin-rehberi-kariyer-merkezi","status":"publish","type":"post","link":"https:\/\/akdenizolaygazetesi.com\/?p=24767","title":{"rendered":"MERS\u0130N&#8217;DE BULUNAN DEPREMZEDELER\u0130N REHBER\u0130: KAR\u0130YER MERKEZ\u0130"},"content":{"rendered":"<p>Mersin B\u00fcy\u00fck\u015fehir Belediyesi Kariyer Merkezi, Mersin&#8217;de bulunan ve i\u015f bulma konusunda s\u0131k\u0131nt\u0131 ya\u015fayan depremzedeler i\u00e7in Rehberlik ve Y\u00f6nlendirme Hizmeti veriyor. Depremzedelere verece\u011fi Kariyer Rehberli\u011fi ve \u0130\u015f Arama Dan\u0131\u015fmanl\u0131\u011f\u0131 hizmeti ile i\u015f bulma s\u00fcre\u00e7lerine destek olacak olan Kariyer Merkezi, depremzedelerin firmalarla ba\u011flant\u0131s\u0131n\u0131 sa\u011flayacak.<br \/>\nKariyer Merkezi&#8217;ne kay\u0131t yapt\u0131ran i\u015fsiz depremzedelere y\u00f6nelik, haftal\u0131k olarak yap\u0131lacak toplant\u0131larla da e\u011fitim durumu ve mesleki analizler yap\u0131lacak. Bu sayede depremzedenin mesleki yeterlili\u011fi, bilgi ve becerilerine g\u00f6re istihdam olanaklar\u0131 ve piyasa ihtiya\u00e7lar\u0131 do\u011frultusunda do\u011fru e\u015fle\u015ftirmenin yap\u0131lmas\u0131 sa\u011flanacak.<br \/>\n\u0130\u015f se\u00e7eneklerini do\u011fru bir \u015fekilde sunabilmek i\u00e7in depremzedelerin; ya\u015f, e\u011fitim durumu ve kald\u0131klar\u0131 yeri de g\u00f6z \u00f6n\u00fcnde bulundurarak hizmet verecek olan Kariyer Merkezi, Mersin&#8217;deki mevcut i\u015f g\u00fcc\u00fc piyasas\u0131 ile ilgili de bilgi verecek.<br \/>\nYeni mezun olan veya farkl\u0131 meslek edinmek isteyen depremzedeler i\u00e7in de mesleki e\u011fitimler d\u00fczenleyecek olan Kariyer Merkezi,  i\u015f arama becerileri e\u011fitimi, cv olu\u015fturma, m\u00fclakat teknikleri konular\u0131nda da bilgilendirmeler yapacak.<br \/>\n\u00d6zada: &#8220;Kurumlar aras\u0131 i\u015fbirli\u011fine d\u00f6n\u00fck \u00e7al\u0131\u015fmalar\u0131m\u0131z\u0131 yaparak; kaynaklar\u0131m\u0131z\u0131, yetkinliklerimizi ve yeteneklerimizi bir araya getirerek en uygun hizmeti sunmaya \u00e7al\u0131\u015f\u0131yoruz&#8221;<br \/>\nKariyer Merkezi M\u00fcd\u00fcr\u00fc Serkan \u00d6zada, Mersin&#8217;de bulunan depremzedelere istihdam konusunda verecekleri desteklerden bahsederek, &#8220;Biz Mersin B\u00fcy\u00fck\u015fehir Belediyesi Kariyer Merkezi olarak, deprem b\u00f6lgesinden gelen vatanda\u015flar\u0131m\u0131za nas\u0131l bir hizmet politikas\u0131 \u00fcretece\u011fimizle ilgili \u00e7al\u0131\u015fma yapt\u0131k. 2 Mart tarihinde ilimizde bulunan sivil toplum kurulu\u015flar\u0131, kamu kurulu\u015flar\u0131 ve odalar\u0131m\u0131zla yapm\u0131\u015f oldu\u011fumuz bir \u00e7al\u0131\u015fma oldu. O \u00e7al\u0131\u015fman\u0131n \u00fczerine neler yapaca\u011f\u0131m\u0131z\u0131 konu\u015ftuk. Burada \u00e7ok \u00f6nemli bir unsur; kurumlar aras\u0131 i\u015fbirli\u011fi. Kurumlar aras\u0131 i\u015fbirli\u011fine d\u00f6n\u00fck \u00e7al\u0131\u015fmalar\u0131m\u0131z\u0131 yaparak; kaynaklar\u0131m\u0131z\u0131, yetkinliklerimizi ve yeteneklerimizi bir araya getirerek en uygun hizmeti sunmaya \u00e7al\u0131\u015f\u0131yoruz&#8221; dedi.<br \/>\nKariyer Merkezi&#8217;nin &#8216;Kariyer Rehberli\u011fi&#8217; hizmeti ile depremzedeler i\u00e7in sa\u011flayacaklar\u0131 destekleri aktaran \u00d6zada, &#8220;Deprem b\u00f6lgesinden gelen vatanda\u015flar\u0131m\u0131za Mersin i\u015f piyasas\u0131n\u0131 tan\u0131t\u0131p, Kariyer Merkezimize kay\u0131t oldu\u011fu zaman kendilerinin mesleki analizini, geldikleri yerlerin ve e\u011fitim durumlar\u0131n\u0131n analizini yapabilmenin \u00f6nemine de\u011finiyoruz. \u00c7\u00fcnk\u00fc bunu do\u011fru bir \u015fekilde yapt\u0131\u011f\u0131m\u0131z zaman, e\u015fle\u015ftirmeyi de do\u011fru yapaca\u011f\u0131m\u0131z\u0131 d\u00fc\u015f\u00fcn\u00fcyoruz. Kariyer etkinlikleri ve i\u015f arama becerileri e\u011fitimleriyle de, istihdam becerilerini art\u0131rmak istiyoruz&#8221; diye konu\u015ftu.<\/p>\n<p>&#8220;\u00d6n\u00fcm\u00fcz\u00fc g\u00f6rebilmek i\u00e7in \u00e7al\u0131\u015ftay yapmak istiyoruz&#8221;<br \/>\n\u0130\u015f arayan adaylar\u0131n firmalarla ba\u011flant\u0131s\u0131n\u0131 sa\u011flad\u0131klar\u0131n\u0131 ve mesleki e\u011fitim \u00e7al\u0131\u015fmalar\u0131 yapt\u0131klar\u0131n\u0131 s\u00f6zlerine ekleyen \u00d6zada, May\u0131s ay\u0131nda yapmay\u0131 planlad\u0131klar\u0131 \u00e7al\u0131\u015ftaydan da bahsederek, \u015f\u00f6yle devam etti:<br \/>\n&#8220;May\u0131s ay\u0131n\u0131n ilk haftas\u0131 d\u00fc\u015f\u00fcnd\u00fc\u011f\u00fcm\u00fcz bir konu var. Bu da Mersin insan kaynaklar\u0131 alan\u0131nda yapaca\u011f\u0131m\u0131z \u00e7al\u0131\u015ftay. Mersin B\u00fcy\u00fck\u015fehir Belediyesi Kariyer Merkezi&#8217;nin \u00f6nc\u00fcl\u00fc\u011f\u00fcnde yapaca\u011f\u0131m\u0131z bu \u00e7al\u0131\u015fmada, yine i\u015f d\u00fcnyas\u0131n\u0131n t\u00fcm taraflar\u0131n\u0131 kapsayacak \u015fekilde; \u00fcniversitelerimiz, odalar, i\u015f d\u00fcnyas\u0131, firmalar hatta deprem b\u00f6lgesinden gelen vatanda\u015flar\u0131m\u0131zdan olu\u015fan ve yakla\u015f\u0131k 200 ki\u015fiye yak\u0131n ki\u015finin kat\u0131l\u0131m\u0131yla bir \u00e7al\u0131\u015ftay yapmay\u0131 planl\u0131yoruz. Burada hem Kariyer Merkezimizin yapm\u0131\u015f oldu\u011fu \u00e7al\u0131\u015fmalar\u0131 de\u011ferlendirmek ve ileriye d\u00f6n\u00fck neler yapaca\u011f\u0131m\u0131z\u0131 planlamak, bunun d\u0131\u015f\u0131nda i\u015f d\u00fcnyas\u0131n\u0131n ihtiya\u00e7lar\u0131 neler ve deprem b\u00f6lgesindeki vatanda\u015flar\u0131m\u0131za veya buraya gelen vatanda\u015flar\u0131m\u0131za nas\u0131l hizmet sunaca\u011f\u0131m\u0131z konusunda \u00f6n\u00fcm\u00fcz\u00fc g\u00f6rebilmek i\u00e7in \u00e7al\u0131\u015fma yapmak istiyoruz.&#8221;<br \/>\nKariyer Merkezi olarak deprem b\u00f6lgelerini de ziyaret ettiklerini ve o b\u00f6lgelerdeki insan kaynaklar\u0131 konusunda da \u00e7al\u0131\u015fmalar y\u00fcr\u00fcteceklerini ifade eden \u00d6zada, &#8220;Biz Mersin B\u00fcy\u00fck\u015fehir Belediyesi Kariyer Merkezi olarak, Ticaret Odas\u0131&#8217;yla Hatay b\u00f6lgesini ziyaret ettik. Hatay Ticaret ve Sanayi Odas\u0131 Ba\u015fkan\u0131m\u0131zla g\u00f6r\u00fc\u015fmelerimiz sonucunda oradaki sanayinin ve ticaretin ayakta durmas\u0131 ve hayat\u0131na devam edebilmesi i\u00e7in insan kayna\u011f\u0131 konusunda \u00e7al\u0131\u015fmalar\u0131m\u0131z\u0131 bir araya getirmek zorunday\u0131z. \u00c7\u00fcnk\u00fc zorunlu ihtiya\u00e7lar giderildikten sonra, Hatay ve di\u011fer deprem b\u00f6lgelerimizde aya\u011fa kalkmak isteyen, \u00fcretimini, hizmetini s\u00fcrd\u00fcrmek isteyen firmalar\u0131m\u0131z\u0131n insan kaynaklar\u0131 a\u00e7\u0131\u011f\u0131 olacakt\u0131r. Bu konuda da b\u00fcy\u00fck bir \u015fekilde \u00e7al\u0131\u015fma yap\u0131yoruz&#8221; dedi.<br \/>\n&#8220;\u0130\u015f ilanlar\u0131 konusunda kriterler uyuyorsa hemen ileti\u015fim sa\u011fl\u0131yoruz&#8221;<br \/>\nDeprem b\u00f6lgesinden gelen vatanda\u015flar\u0131n Kariyer Merkezi&#8217;ne kay\u0131t oldu\u011fu takdirde, i\u015f ilanlar\u0131 konusunda kriterlerin de uymas\u0131 durumunda hemen kendileriyle ileti\u015fime ge\u00e7tiklerini kaydeden \u00d6zada, &#8220;Haftan\u0131n bir g\u00fcn\u00fc de grup g\u00f6r\u00fc\u015fmeleriyle hem bir tan\u0131\u015fma etkinli\u011fi yap\u0131yoruz, hem de Kariyer Merkezimizin nas\u0131l i\u015fledi\u011fi ile ilgili bilgilendirme yap\u0131yoruz, ki bundan sonraki s\u00fcre\u00e7 periyodik olarak sistematik bir \u015fekilde devam etsin&#8221; ifadelerini kulland\u0131.<br \/>\n&#8220;\u0130\u015fsiz konumdaki depremzedeler i\u00e7in \u00e7ok faydal\u0131 bir \u00e7al\u0131\u015fma oldu&#8221;<br \/>\nHatay&#8217;da ya\u015fanan deprem felaketinin ard\u0131ndan Mersin&#8217;e gelen \u0130n\u015faat M\u00fchendisi \u0130smail Can, Kariyer Merkezi&#8217;nin depremzedeler i\u00e7in verdi\u011fi rehberlik ve y\u00f6nlendirme hizmetini de\u011ferlendirerek, &#8220;\u00c7ok ba\u015far\u0131l\u0131 bir hizmet. Mersin&#8217;de bulunan i\u015fsiz konumdaki depremzedeler i\u00e7in \u00e7ok faydal\u0131 bir \u00e7al\u0131\u015fma oldu. Bundan sonraki s\u00fcre\u00e7te nas\u0131l i\u015f bulabilece\u011fimizi ve do\u011fru i\u015fe nas\u0131l ula\u015fabilece\u011fimiz konusunda faydal\u0131 g\u00f6r\u00fc\u015fmeler oldu. Bu anlamda Mersin B\u00fcy\u00fck\u015fehir Belediye Ba\u015fkan\u0131m\u0131za \u00e7ok te\u015fekk\u00fcr ediyoruz&#8221; dedi.<\/p>\n","protected":false},"excerpt":{"rendered":"<p>Mersin B\u00fcy\u00fck\u015fehir Belediyesi Kariyer Merkezi, Mersin&#8217;de bulunan ve i\u015f bulma konusunda s\u0131k\u0131nt\u0131 ya\u015fayan depremzedeler i\u00e7in Rehberlik ve Y\u00f6nlendirme Hizmeti veriyor. Depremzedelere verece\u011fi Kariyer Rehberli\u011fi ve \u0130\u015f Arama Dan\u0131\u015fmanl\u0131\u011f\u0131 hizmeti ile &hellip; <a href=\"https:\/\/akdenizolaygazetesi.com\/?p=24767\" class=\"more-link\">Devam\u0131n\u0131 Oku&#8230;<\/a><\/p>\n","protected":false},"author":2,"featured_media":24768,"comment_status":"open","ping_status":"open","sticky":false,"template":"","format":"standard","meta":[],"categories":[8,2,3],"tags":[],"_links":{"self":[{"href":"https:\/\/akdenizolaygazetesi.com\/index.php?rest_route=\/wp\/v2\/posts\/24767"}],"collection":[{"href":"https:\/\/akdenizolaygazetesi.com\/index.php?rest_route=\/wp\/v2\/posts"}],"about":[{"href":"https:\/\/akdenizolaygazetesi.com\/index.php?rest_route=\/wp\/v2\/types\/post"}],"author":[{"embeddable":true,"href":"https:\/\/akdenizolaygazetesi.com\/index.php?rest_route=\/wp\/v2\/users\/2"}],"replies":[{"embeddable":true,"href":"https:\/\/akdenizolaygazetesi.com\/index.php?rest_route=%2Fwp%2Fv2%2Fcomments&post=24767"}],"version-history":[{"count":1,"href":"https:\/\/akdenizolaygazetesi.com\/index.php?rest_route=\/wp\/v2\/posts\/24767\/revisions"}],"predecessor-version":[{"id":24769,"href":"https:\/\/akdenizolaygazetesi.com\/index.php?rest_route=\/wp\/v2\/posts\/24767\/revisions\/24769"}],"wp:featuredmedia":[{"embeddable":true,"href":"https:\/\/akdenizolaygazetesi.com\/index.php?rest_route=\/wp\/v2\/media\/24768"}],"wp:attachment":[{"href":"https:\/\/akdenizolaygazetesi.com\/index.php?rest_route=%2Fwp%2Fv2%2Fmedia&parent=24767"}],"wp:term":[{"taxonomy":"category","embeddable":true,"href":"https:\/\/akdenizolaygazetesi.com\/index.php?rest_route=%2Fwp%2Fv2%2Fcategories&post=24767"},{"taxonomy":"post_tag","embeddable":true,"href":"https:\/\/akdenizolaygazetesi.com\/index.php?rest_route=%2Fwp%2Fv2%2Ftags&post=24767"}],"curies":[{"name":"wp","href":"https:\/\/api.w.org\/{rel}","templated":true}]}}