{"id":24770,"date":"2023-03-20T13:27:04","date_gmt":"2023-03-20T10:27:04","guid":{"rendered":"http:\/\/akdenizolaygazetesi.com\/?p=24770"},"modified":"2023-03-20T13:27:04","modified_gmt":"2023-03-20T10:27:04","slug":"universite-sehir-is-birligi-komisyonu-ilk-toplantisini-gerceklestirdi","status":"publish","type":"post","link":"https:\/\/akdenizolaygazetesi.com\/?p=24770","title":{"rendered":"\u00dcniversite \u015eehir \u0130\u015f Birli\u011fi Komisyonu \u0130lk Toplant\u0131s\u0131n\u0131 Ger\u00e7ekle\u015ftirdi"},"content":{"rendered":"<p>\u00dcniversitemizin \u015fehirdeki sivil toplum kurulu\u015flar\u0131, dernekler, i\u015f d\u00fcnyas\u0131 ve di\u011fer t\u00fcm payda\u015flarla ili\u015fkilerini geli\u015ftirmek amac\u0131yla kurulan \u201c\u00dcniversite-\u015eehir \u0130\u015f Birli\u011fi Komisyonu\u201d ilk toplant\u0131s\u0131n\u0131 ger\u00e7ekle\u015ftirdi.<br \/>\n14 Mart Sal\u0131 \u00dcniversitemiz Senato Odas\u0131\u2019nda Rekt\u00f6r\u00fcm\u00fcz Prof. Dr. Erol Ya\u015far Ba\u015fkanl\u0131\u011f\u0131&#8217;nda ger\u00e7ekle\u015ftirilen toplant\u0131ya, Rekt\u00f6r Yard\u0131mc\u0131m\u0131z Prof. Dr. Ahmet Hakan \u00d6zt\u00fcrk, Rekt\u00f6r Dan\u0131\u015fman\u0131 ve \u0130slami \u0130limler Fak\u00fcltesi Dekan\u0131 Prof. Dr. Erdal Baykan ile komisyon \u00fcyeleri kat\u0131ld\u0131.<br \/>\nToplant\u0131n\u0131n a\u00e7\u0131\u015f konu\u015fmas\u0131n\u0131 ger\u00e7ekle\u015ftiren Rekt\u00f6r\u00fcm\u00fcz Prof. Dr. Erol Ya\u015far, \u201c\u00dcniversitemizin \u015fehirle b\u00fct\u00fcnle\u015ferek sivil toplum kurulu\u015flar\u0131, vak\u0131flar, dernekler, i\u015f d\u00fcnyas\u0131 ve di\u011fer payda\u015flarla i\u015f birli\u011fi yapmas\u0131 ve ili\u015fkilerin geli\u015ftirilerek bu kapsamda projeler \u00fcretilmesi \u00e7ok \u00f6nemli. Bizler de bu konuda Rekt\u00f6rl\u00fck olarak gereken her t\u00fcrl\u00fc deste\u011fi komisyonumuza ve t\u00fcm payda\u015flar\u0131m\u0131za verece\u011fiz.\u201d ifadelerini kulland\u0131.<br \/>\nA\u00e7\u0131\u015f konu\u015fmas\u0131n\u0131n ard\u0131ndan ger\u00e7ekle\u015fen toplant\u0131da komisyon \u00fcyeleri, \u00dcniversitemiz ve \u015fehir aras\u0131ndaki mevcut i\u015f birli\u011fi faaliyetleri ve potansiyel i\u015f birli\u011fi alanlar\u0131 konusunda g\u00f6r\u00fc\u015flerini sundu. Toplant\u0131, \u00fcniversite-\u015fehir i\u015f birli\u011fi alanlar\u0131n\u0131n \u015fehrin ihtiya\u00e7lar\u0131 ve \u00fcniversitenin kabiliyetleri ekseninde belirlenmesi amac\u0131yla yak\u0131n zamanda bir \u00e7al\u0131\u015ftay d\u00fczenlenmesi konusunda g\u00f6r\u00fc\u015f birli\u011fine var\u0131lmas\u0131n\u0131n ard\u0131ndan sona erdi.<br \/>\nMersin \u00dcniversitesi \u00dcniversite-\u015eehir \u0130\u015f Birli\u011fi Komisyonu \u00fcyeleri a\u015fa\u011f\u0131daki isimlerden olu\u015fuyor:<br \/>\nProf. Dr. Mehmet \u0130smail Ya\u011fc\u0131 \u2013 Rekt\u00f6r Yard\u0131mc\u0131s\u0131 (Ba\u015fkan)<br \/>\nProf. Dr. Erdal Baykan \u2013 Rekt\u00f6r Dan\u0131\u015fman\u0131 (\u0130slami \u0130limler Fak\u00fcltesi Dekan\u0131)<br \/>\nProf. Dr. \u0130lker Fatih Kara \u2013 M\u00fchendislik Fak\u00fcltesi Dekan\u0131<br \/>\nProf. Dr. Ta\u015fk\u0131ner Ketenci \u2013 \u0130nsan ve Toplum Bilimleri Fak\u00fcltesi Dekan\u0131<br \/>\nProf. Dr. Necmiye Canacankatan \u2013 Eczac\u0131l\u0131k Fak\u00fcltesi Dekan\u0131<br \/>\nProf. Dr. Asl\u0131han Do\u011fan Top\u00e7u \u2013 \u0130leti\u015fim Fak\u00fcltesi Dekan\u0131<br \/>\nProf. Dr. Ahmet Atasoy \u2013 Turizm Fak\u00fcltesi Dekan\u0131<br \/>\nProf. Dr. \u0130lhan Ege \u2013 Kariyer Merkezi ve S\u00fcrekli E\u011fitim Uygulama ve Ara\u015ft\u0131rma Merkezi M\u00fcd\u00fcr\u00fc<br \/>\nProf. Dr. H\u00fcseyin Mualla Y\u00fcceol \u2013 \u0130ktisadi ve \u0130dari Bilimler Fak\u00fcltesi \u00d6\u011fretim \u00dcyesi<br \/>\nProf. Dr. Yusun \u0130nand\u0131 \u2013 E\u011fitim Fak\u00fcltesi \u00d6\u011fretim \u00dcyesi<br \/>\nProf. Dr. Mustafa Ta\u015fk\u0131n \u2013 M\u00fchendislik Fak\u00fcltesi \u00d6\u011fretim \u00dcyesi<br \/>\nProf. Dr. Ali Akda\u011fl\u0131 \u2013 M\u00fchendislik Fak\u00fcltesi \u00d6\u011fretim \u00dcyesi<br \/>\nProf. Dr. Mehmet Ali Mazmanc\u0131 \u2013 M\u00fchendislik Fak\u00fcltesi \u00d6\u011fretim \u00dcyesi<br \/>\nProf. Dr. Ahmet Murat Gizir \u2013 Fen Fak\u00fcltesi \u00d6\u011fretim \u00dcyesi<br \/>\nDo\u00e7. Dr. Bu\u011fra Sar\u0131 &#8211; \u0130ktisadi ve \u0130dari Bilimler Fak\u00fcltesi \u00d6\u011fretim \u00dcyesi<br \/>\nDo\u00e7. Dr. Fikret Zorlu \u2013 Mimarl\u0131k Fak\u00fcltesi \u00d6\u011fretim \u00dcyesi<br \/>\nDo\u00e7. Dr. Recep \u00dcnal \u2013 \u0130leti\u015fim Fak\u00fcltesi \u00d6\u011fretim \u00dcyesi<br \/>\nDo\u00e7. Dr. Mehmet Zeki Uyan\u0131k \u2013 \u0130slami \u0130limler Fak\u00fcltesi \u00d6\u011fretim \u00dcyesi<br \/>\nDo\u00e7. Dr. Mehmet G\u00fcng\u00f6r \u2013 E\u011fitim Fak\u00fcltesi \u00d6\u011fretim \u00dcyesi<\/p>\n","protected":false},"excerpt":{"rendered":"<p>\u00dcniversitemizin \u015fehirdeki sivil toplum kurulu\u015flar\u0131, dernekler, i\u015f d\u00fcnyas\u0131 ve di\u011fer t\u00fcm payda\u015flarla ili\u015fkilerini geli\u015ftirmek amac\u0131yla kurulan \u201c\u00dcniversite-\u015eehir \u0130\u015f Birli\u011fi Komisyonu\u201d ilk toplant\u0131s\u0131n\u0131 ger\u00e7ekle\u015ftirdi. 14 Mart Sal\u0131 \u00dcniversitemiz Senato Odas\u0131\u2019nda Rekt\u00f6r\u00fcm\u00fcz &hellip; <a href=\"https:\/\/akdenizolaygazetesi.com\/?p=24770\" class=\"more-link\">Devam\u0131n\u0131 Oku&#8230;<\/a><\/p>\n","protected":false},"author":2,"featured_media":24771,"comment_status":"open","ping_status":"open","sticky":false,"template":"","format":"standard","meta":[],"categories":[2,3],"tags":[],"_links":{"self":[{"href":"https:\/\/akdenizolaygazetesi.com\/index.php?rest_route=\/wp\/v2\/posts\/24770"}],"collection":[{"href":"https:\/\/akdenizolaygazetesi.com\/index.php?rest_route=\/wp\/v2\/posts"}],"about":[{"href":"https:\/\/akdenizolaygazetesi.com\/index.php?rest_route=\/wp\/v2\/types\/post"}],"author":[{"embeddable":true,"href":"https:\/\/akdenizolaygazetesi.com\/index.php?rest_route=\/wp\/v2\/users\/2"}],"replies":[{"embeddable":true,"href":"https:\/\/akdenizolaygazetesi.com\/index.php?rest_route=%2Fwp%2Fv2%2Fcomments&post=24770"}],"version-history":[{"count":1,"href":"https:\/\/akdenizolaygazetesi.com\/index.php?rest_route=\/wp\/v2\/posts\/24770\/revisions"}],"predecessor-version":[{"id":24772,"href":"https:\/\/akdenizolaygazetesi.com\/index.php?rest_route=\/wp\/v2\/posts\/24770\/revisions\/24772"}],"wp:featuredmedia":[{"embeddable":true,"href":"https:\/\/akdenizolaygazetesi.com\/index.php?rest_route=\/wp\/v2\/media\/24771"}],"wp:attachment":[{"href":"https:\/\/akdenizolaygazetesi.com\/index.php?rest_route=%2Fwp%2Fv2%2Fmedia&parent=24770"}],"wp:term":[{"taxonomy":"category","embeddable":true,"href":"https:\/\/akdenizolaygazetesi.com\/index.php?rest_route=%2Fwp%2Fv2%2Fcategories&post=24770"},{"taxonomy":"post_tag","embeddable":true,"href":"https:\/\/akdenizolaygazetesi.com\/index.php?rest_route=%2Fwp%2Fv2%2Ftags&post=24770"}],"curies":[{"name":"wp","href":"https:\/\/api.w.org\/{rel}","templated":true}]}}