{"id":24773,"date":"2023-03-20T13:28:23","date_gmt":"2023-03-20T10:28:23","guid":{"rendered":"http:\/\/akdenizolaygazetesi.com\/?p=24773"},"modified":"2023-03-20T13:28:23","modified_gmt":"2023-03-20T10:28:23","slug":"kooperatifler-proje-dongusu-egitimi-ile-bilgilendirildi","status":"publish","type":"post","link":"https:\/\/akdenizolaygazetesi.com\/?p=24773","title":{"rendered":"KOOPERAT\u0130FLER, PROJE D\u00d6NG\u00dcS\u00dc E\u011e\u0130T\u0130M\u0130 \u0130LE B\u0130LG\u0130LEND\u0130R\u0130LD\u0130"},"content":{"rendered":"<p>Alman Uluslararas\u0131 \u0130\u015fbirli\u011fi Te\u015fkilat\u0131&#8217;ndan (GIZ) al\u0131nan fonla, Mersin B\u00fcy\u00fck\u015fehir Belediyesi Tar\u0131msal Hizmetler Dairesi Ba\u015fkanl\u0131\u011f\u0131 ile D\u0131\u015f \u0130li\u015fkiler ve Projeler \u015eube M\u00fcd\u00fcrl\u00fc\u011f\u00fc taraf\u0131ndan ortak y\u00fcr\u00fct\u00fclen &#8216;G\u0131da G\u00fcvenli\u011fi \u0130\u00e7in Yerel Tar\u0131msal \u00dcretimin Te\u015fviki Projesi&#8217; kapsam\u0131nda Mersin&#8217;de faaliyet y\u00fcr\u00fcten kooperatiflere &#8216;Proje D\u00f6ng\u00fcs\u00fc&#8217; e\u011fitimi verildi.<\/p>\n<p>Kent genelinde farkl\u0131 \u00fcretim kollar\u0131nda faaliyet g\u00f6steren kooperatif \u00fcyelerinin kat\u0131l\u0131m\u0131yla Kongre ve Sergi Saray\u0131&#8217;nda ger\u00e7ekle\u015fen ve 3 etap s\u00fcren e\u011fitime 100 ki\u015fi kat\u0131ld\u0131. Tarsus Ya\u015fam Derne\u011fi Proje Y\u00f6netim Uzman\u0131 Mehmet Selen taraf\u0131ndan verilen e\u011fitimde ilk etapta, Avrupa&#8217;da ve T\u00fcrkiye&#8217;de Avrupa Birli\u011fi kurumlar\u0131, programlar\u0131, ulusal fonlar ve Avrupa Birli\u011fi mali yard\u0131mlar\u0131 anlat\u0131ld\u0131.<br \/>\nMevcut durum analizi, problem-hedef analizi, payda\u015f analizi, ama\u00e7- hedef-sonu\u00e7 kurgusu, faaliyetlerin tasar\u0131m\u0131, planlanmas\u0131 ve mant\u0131ksal \u00e7er\u00e7eve matrisi gibi, projenin temel bile\u015fenleri hakk\u0131nda bilgiler verildi.<\/p>\n<p>Verilen e\u011fitim sayesinde kat\u0131l\u0131mc\u0131lar, projenin d\u00fc\u015f\u00fcnce a\u015famas\u0131ndan ba\u015flayarak t\u00fcm s\u00fcre\u00e7lerinin nas\u0131l y\u00fcr\u00fct\u00fclmesi, neler yap\u0131lmas\u0131 ve yap\u0131lmamas\u0131 gerekti\u011fi konusunda bilgilendirildi. Ulusal ve uluslararas\u0131 proje ba\u015fvurusu ile hibe al\u0131m ve de\u011ferlendirme s\u00fcre\u00e7lerinin de detayl\u0131 anlat\u0131ld\u0131\u011f\u0131 ve sorularla interaktif bir \u015fekilde ilerlenen e\u011fitimin sonunda, kat\u0131l\u0131mc\u0131lara sertifika verildi.<\/p>\n<p>\u015eahuto\u011flu: &#8220;Projenin yaz\u0131m\u0131ndan uygulanmas\u0131na kadar yanlar\u0131nda olaca\u011f\u0131z&#8221;<\/p>\n<p>Tar\u0131msal Hizmetler Dairesi Ba\u015fkan\u0131 Sel\u00e7uk \u015eahuto\u011flu, &#8216;G\u0131da G\u00fcvenli\u011fi \u0130\u00e7in Yerel Tar\u0131msal \u00dcretimin Te\u015fviki&#8217; projesi kapsam\u0131nda verilen &#8216;Proje D\u00f6ng\u00fcs\u00fc&#8217; e\u011fitimi hakk\u0131nda bilgi vererek, &#8220;Mersin B\u00fcy\u00fck\u015fehir Belediyemizin, Alman Uluslararas\u0131 \u0130\u015fbirli\u011fi Te\u015fkilat\u0131&#8217;yla ortak y\u00fcr\u00fctm\u00fc\u015f oldu\u011fu bu proje kapsam\u0131nda faaliyetlerimizden biri de, Mersin ilinde faaliyet g\u00f6steren kooperatiflerimize Proje D\u00f6ng\u00fcs\u00fc e\u011fitimi vermek. Biz bu proje ile beraber, kooperatiflerimizle ortak olan 100 orta\u011f\u0131m\u0131z\u0131n kurum kapasiteleri ile ki\u015fisel kapasitelerini geli\u015ftirmek ad\u0131na, kooperatiflerin en ihtiya\u00e7 duydu\u011fu hibe programlar\u0131na nas\u0131l ula\u015fabilecekleri, bu hibe kanallar\u0131na ba\u015fvurduklar\u0131 takdirde nas\u0131l yararlanacaklar\u0131, hibeye hak kazand\u0131ktan sonraki s\u00fcre\u00e7lerde ise bu hibeleri nas\u0131l de\u011ferlendirecekleri noktas\u0131nda onlara destek olmaya \u00e7al\u0131\u015faca\u011f\u0131z&#8221; dedi.<\/p>\n<p>\u015eahuto\u011flu, proje y\u00fcr\u00fct\u00fcm s\u00fcrecinin \u00f6nemli oldu\u011funu vurgulayarak, &#8220;Bug\u00fcne kadar, alm\u0131\u015f olduklar\u0131 hibelerin s\u00fcre\u00e7 i\u015fleme noktas\u0131nda her zaman kooperatiflerin yanlar\u0131nda olmu\u015ftuk. Bundan sonra da hem e\u011fitimlerimizde, hem de yaz\u0131m noktas\u0131nda kendileriyle i\u015f birli\u011fi i\u00e7erisinde olaca\u011f\u0131z&#8221; diye konu\u015ftu.<\/p>\n<p>Y\u0131lmaz: &#8220;Projenin \u00fcretimde \u00e7ok b\u00fcy\u00fck bir \u00f6nemi oldu\u011funa inan\u0131yorum&#8221;<\/p>\n<p>Akdeniz \u0130l\u00e7esi \u0130hsaniye Mahalle Muhtar\u0131 ve Akdeniz Renkli Eller Kad\u0131n Giri\u015fimi \u00dcretim ve \u0130\u015fletme Kooperatifi Ba\u015fkan\u0131 Zehra Y\u0131lmaz, &#8220;Bundan \u00f6nceki zamanlarda da alm\u0131\u015f oldu\u011fumuz proje e\u011fitimleri var, ama bug\u00fcn \u00f6zellikle e\u011fitimi dinlemek, e\u011fitimden tekrar bir \u015feyler \u00f6\u011frenebilmek i\u00e7in kooperatif ortaklar\u0131m\u0131z\u0131n bir\u00e7o\u011funu da getirdim. \u00c7\u00fcnk\u00fc her bir kooperatif orta\u011f\u0131n\u0131n \u00fcretici olmas\u0131n\u0131n yan\u0131nda, kooperatifler konusunda da altyap\u0131s\u0131, bilgisi ve proje ile ilgili bilgilerinin olmas\u0131 gerekti\u011fine inan\u0131yorum&#8221; ifadelerine yer verdi.<\/p>\n<p>Proje s\u00fcre\u00e7lerinin do\u011fru y\u00fcr\u00fct\u00fclmesinin, \u00fcretimin devaml\u0131l\u0131\u011f\u0131 i\u00e7in b\u00fcy\u00fck \u00f6nem ta\u015f\u0131d\u0131\u011f\u0131n\u0131 vurgulayan Y\u0131lmaz, &#8220;\u00dcretirken, bilerek \u00fcretmek gerekti\u011fine ve projenin de \u00fcretimde \u00e7ok b\u00fcy\u00fck bir \u00f6nemi oldu\u011funa inan\u0131yorum. B\u00fcy\u00fck\u015fehir Belediyemizin yapm\u0131\u015f oldu\u011fu b\u00fct\u00fcn \u00e7al\u0131\u015fmalar\u0131n altyap\u0131s\u0131n\u0131n \u00e7ok sa\u011flam ve verimli \u00e7al\u0131\u015fmalar oldu\u011funu da, bizzat ben kat\u0131larak g\u00f6rd\u00fcm. Kad\u0131nlar\u0131m\u0131zla ilgili eksik olan gerek makine ikmal, gerek e\u011fitim, gerekse pazarlama konusunda da katk\u0131y\u0131 her zaman sunduklar\u0131 i\u00e7in, \u00e7ok te\u015fekk\u00fcr ediyorum&#8221; diye belirtti.<\/p>\n<p>Durnao\u011flu: &#8220;S\u00fcrd\u00fcr\u00fclebilir olmam\u0131z i\u00e7in projelerin ara\u00e7 oldu\u011funu d\u00fc\u015f\u00fcn\u00fcyoruz&#8221;<\/p>\n<p>Mezitli \u00dcretici Kad\u0131n Kooperatifi Y\u00f6netim Kurulu Ba\u015fkan\u0131 G\u00fcl Durnao\u011flu verilen e\u011fitimi de\u011ferlendirerek, &#8220;Kendi kooperatifimizin s\u00fcrd\u00fcr\u00fclebilir olmas\u0131, kendi \u00fcretimlerimizi ger\u00e7ekle\u015ftirebilmemiz ve kendi ortaklar\u0131m\u0131zla bu noktada daha iyi bir yol y\u00fcr\u00fcyebilmemiz i\u00e7in, tabii ki projeye ihtiyac\u0131m\u0131z var. Projelerin, s\u00fcrd\u00fcr\u00fclebilir olmam\u0131z i\u00e7in bir ara\u00e7 oldu\u011funu d\u00fc\u015f\u00fcn\u00fcyoruz. O noktada \u00f6nemli.  Asl\u0131nda g\u00fcndemimizde b\u00f6yle bir proje var. Akl\u0131m\u0131zdaki soru i\u015faretlerinin netle\u015fmesi i\u00e7in buraday\u0131z&#8221; dedi.<\/p>\n","protected":false},"excerpt":{"rendered":"<p>Alman Uluslararas\u0131 \u0130\u015fbirli\u011fi Te\u015fkilat\u0131&#8217;ndan (GIZ) al\u0131nan fonla, Mersin B\u00fcy\u00fck\u015fehir Belediyesi Tar\u0131msal Hizmetler Dairesi Ba\u015fkanl\u0131\u011f\u0131 ile D\u0131\u015f \u0130li\u015fkiler ve Projeler \u015eube M\u00fcd\u00fcrl\u00fc\u011f\u00fc taraf\u0131ndan ortak y\u00fcr\u00fct\u00fclen &#8216;G\u0131da G\u00fcvenli\u011fi \u0130\u00e7in Yerel Tar\u0131msal \u00dcretimin &hellip; <a href=\"https:\/\/akdenizolaygazetesi.com\/?p=24773\" class=\"more-link\">Devam\u0131n\u0131 Oku&#8230;<\/a><\/p>\n","protected":false},"author":2,"featured_media":24774,"comment_status":"open","ping_status":"open","sticky":false,"template":"","format":"standard","meta":[],"categories":[2,3,5],"tags":[],"_links":{"self":[{"href":"https:\/\/akdenizolaygazetesi.com\/index.php?rest_route=\/wp\/v2\/posts\/24773"}],"collection":[{"href":"https:\/\/akdenizolaygazetesi.com\/index.php?rest_route=\/wp\/v2\/posts"}],"about":[{"href":"https:\/\/akdenizolaygazetesi.com\/index.php?rest_route=\/wp\/v2\/types\/post"}],"author":[{"embeddable":true,"href":"https:\/\/akdenizolaygazetesi.com\/index.php?rest_route=\/wp\/v2\/users\/2"}],"replies":[{"embeddable":true,"href":"https:\/\/akdenizolaygazetesi.com\/index.php?rest_route=%2Fwp%2Fv2%2Fcomments&post=24773"}],"version-history":[{"count":1,"href":"https:\/\/akdenizolaygazetesi.com\/index.php?rest_route=\/wp\/v2\/posts\/24773\/revisions"}],"predecessor-version":[{"id":24775,"href":"https:\/\/akdenizolaygazetesi.com\/index.php?rest_route=\/wp\/v2\/posts\/24773\/revisions\/24775"}],"wp:featuredmedia":[{"embeddable":true,"href":"https:\/\/akdenizolaygazetesi.com\/index.php?rest_route=\/wp\/v2\/media\/24774"}],"wp:attachment":[{"href":"https:\/\/akdenizolaygazetesi.com\/index.php?rest_route=%2Fwp%2Fv2%2Fmedia&parent=24773"}],"wp:term":[{"taxonomy":"category","embeddable":true,"href":"https:\/\/akdenizolaygazetesi.com\/index.php?rest_route=%2Fwp%2Fv2%2Fcategories&post=24773"},{"taxonomy":"post_tag","embeddable":true,"href":"https:\/\/akdenizolaygazetesi.com\/index.php?rest_route=%2Fwp%2Fv2%2Ftags&post=24773"}],"curies":[{"name":"wp","href":"https:\/\/api.w.org\/{rel}","templated":true}]}}