{"id":24788,"date":"2023-03-21T13:24:45","date_gmt":"2023-03-21T10:24:45","guid":{"rendered":"http:\/\/akdenizolaygazetesi.com\/?p=24788"},"modified":"2023-03-21T13:24:45","modified_gmt":"2023-03-21T10:24:45","slug":"akdeniz-belediye-baskani-gultak-kentsel-donusume-karsi-onyargilar-kirildi-talepler-artti","status":"publish","type":"post","link":"https:\/\/akdenizolaygazetesi.com\/?p=24788","title":{"rendered":"AKDEN\u0130Z BELED\u0130YE BA\u015eKANI G\u00dcLTAK; \u201cKENTSEL D\u00d6N\u00dc\u015e\u00dcME KAR\u015eI \u00d6NYARGILAR KIRILDI TALEPLER ARTTI\u201d"},"content":{"rendered":"<p>Kentsel d\u00f6n\u00fc\u015f\u00fcm\u00fcn \u00f6nemi ve aciliyetine bir kez daha dikkat \u00e7eken Ba\u015fkan G\u00fcltak, Kahramanmara\u015f merkezli ve y\u00fcz binlerce insan\u0131 etkileyen son depremlerle birlikte Mersin\u2019de kentsel d\u00f6n\u00fc\u015f\u00fcme kar\u015f\u0131 olan diren\u00e7 ve \u00f6nyarg\u0131lar\u0131n k\u0131r\u0131ld\u0131\u011f\u0131n\u0131, art\u0131k toplumun bir\u00e7ok farkl\u0131 kesiminden kentsel d\u00f6n\u00fc\u015f\u00fcme y\u00f6nelik yo\u011fun talep olu\u015ftu\u011funu ifade etti.<br \/>\nAkdeniz Belediye Ba\u015fkan\u0131 M. Mustafa G\u00fcltak, TOK\u0130 taraf\u0131ndan Bar\u0131\u015f Mahallesi\u2019nde devam eden, yeni, modern ve g\u00fcvenli konutlar\u0131n y\u00fckselmeye ba\u015flad\u0131\u011f\u0131 yerinde kentsel d\u00f6n\u00fc\u015f\u00fcm projesi \u00e7al\u0131\u015fmalar\u0131n\u0131 yerinde inceledi. \u0130mars\u0131z, plans\u0131z, \u00f6mr\u00fcn\u00fc tamamlam\u0131\u015f eski yap\u0131 stokunun yo\u011fun oldu\u011fu Mersin\u2019de, \u00c7ay Mahallesi\u2019nde ilk kentsel d\u00f6n\u00fc\u015f\u00fcm projesini bitirdiklerini, hak sahiplerinin yeni evlerine yak\u0131nda ta\u015f\u0131naca\u011f\u0131n\u0131 belirten Ba\u015fkan G\u00fcltak, Bar\u0131\u015f Mahallesi\u2019nde de yolu yar\u0131lad\u0131klar\u0131n\u0131 belirtti, vatanda\u015flar\u0131n kentsel d\u00f6n\u00fc\u015f\u00fcme talebinin de h\u0131zla artt\u0131\u011f\u0131n\u0131n alt\u0131n\u0131 \u00e7izdi.<br \/>\nBar\u0131\u015f Mahallesi\u2019nde hedef y\u0131lsonunda projeyi tamamlamak<br \/>\nKahramanmara\u015f ve Hatay merkezli depremler nedeniyle b\u00fcy\u00fck korku ve endi\u015fe ya\u015fayan Mersinliler g\u00fcnlerce evlerine giremezken, aral\u0131ks\u0131z devam eden sars\u0131nt\u0131lar nedeniyle de kentsel d\u00f6n\u00fc\u015f\u00fcme y\u00f6nelik toplumsal talep artt\u0131. Mersin\u2019de ilk kentsel d\u00f6n\u00fc\u015f\u00fcm\u00fc \u00c7ay Mahallesi&#8217;nde ger\u00e7ekle\u015ftiren ve hak sahibi baz\u0131 vatanda\u015flara anahtarlar\u0131n\u0131 teslim eden Akdeniz Belediyesi, TOK\u0130 taraf\u0131ndan Bar\u0131\u015f Mahallesi&#8217;nde devam eden 415 konutluk ikinci projeyi de y\u0131lsonuna kadar hak sahiplerine teslim etmeyi planl\u0131yor. Bloklar\u0131n y\u00fckselmeye ba\u015flad\u0131\u011f\u0131; 70-80, hatta baz\u0131lar\u0131 100 y\u0131ll\u0131k evlerin bulundu\u011fu mahallede; g\u00fcvenli, modern ve do\u011falgazl\u0131 konutlar, i\u015fyerleri, k\u00fclt\u00fcr merkezi, kre\u015f, otopark ve ye\u015fil alanlar\u0131 ile yepyeni bir ya\u015fam alan\u0131 y\u00fckseliyor.<br \/>\n\u201cBar\u0131\u015f Mahallesi\u2019nde 2024 y\u0131l\u0131 \u00f6ncesinde anahtarlar teslim edilecek\u201d<br \/>\nBar\u0131\u015f Mahallesi&#8217;ndeki kentsel d\u00f6n\u00fc\u015f\u00fcm proje alan\u0131nda incelemeler yaparak y\u00fcklenici firma yetkililerinden bilgi alan Ba\u015fkan G\u00fcltak, kentsel d\u00f6n\u00fc\u015f\u00fcm\u00fcn \u00f6nemi ve ya\u015fanan talep patlamas\u0131 hakk\u0131nda da a\u00e7\u0131klamalar yapt\u0131. Bar\u0131\u015f Mahallesi\u2019nde bloklar\u0131n h\u0131zla y\u00fckseldi\u011fini belirten Ba\u015fkan G\u00fcltak; \u201c2023\u2019\u00fcn 9\u2019uncu veya 10\u2019uncu ay\u0131 gibi projedeki y\u00fcklenici firmam\u0131z\u0131n s\u00f6zle\u015fmesi sona eriyor. Dolay\u0131s\u0131yla bu y\u0131l\u0131n sonuna do\u011fru in\u015faatlar\u0131 teslim alaca\u011f\u0131m\u0131z\u0131 hesapl\u0131yoruz. Dolay\u0131s\u0131yla 2024 y\u0131l\u0131na girmeden \u00f6nce, vatanda\u015flar\u0131m\u0131za Bar\u0131\u015f Mahallesinde anahtarlar\u0131n\u0131 teslim etmi\u015f olaca\u011f\u0131z\u201d dedi.<br \/>\n\u201cHak sahipleri ile y\u00fczde 94 oran\u0131nda anla\u015fma sa\u011fland\u0131\u201d<br \/>\nBa\u015fkan G\u00fcltak; projede toplam 415 konut, 40\u2019\u0131n \u00fczerinde i\u015f yeri, bir cami, bir k\u00fclt\u00fcr merkezi, bir de kre\u015f oldu\u011funu ifade ederek; \u201cBunun d\u0131\u015f\u0131nda yeni otoparklar, yeni caddeler, yeni sokaklar ve yeni ye\u015fil alanlar\u0131 da kentimize kazand\u0131rm\u0131\u015f oluyoruz. Buras\u0131 ada bazl\u0131 bir kentsel d\u00f6n\u00fc\u015f\u00fcm projesi. Yakla\u015f\u0131k 40 d\u00f6n\u00fcml\u00fck bir ada idi. Eski binalar\u0131n hepsi y\u0131k\u0131ld\u0131 ve yeniden bir \u015fehir y\u00fckseliyor burada. Ve \u015fu an itibariyle Bar\u0131\u015f Mahallesinde hak sahipleriyle y\u00fczde 94 oran\u0131nda anla\u015fma sa\u011flad\u0131k\u201d \u015feklinde konu\u015ftu.<br \/>\n\u201cFarkl\u0131 mahallelerimiz i\u00e7in yeni projelerimiz haz\u0131r\u201d<br \/>\nBa\u015fkan G\u00fcltak, 2024 y\u0131l\u0131 yerel se\u00e7imlerinde yeniden aday olaca\u011f\u0131n\u0131 da ifade ederek; \u201c\u00d6n\u00fcm\u00fczdeki se\u00e7imlerde, milletimizin tercihini bizden yana kullanaca\u011f\u0131n\u0131 d\u00fc\u015f\u00fcn\u00fcyoruz. Ondan sonra da bu mahallede, Bah\u00e7e Mahallesi&#8217;nde, \u00c7ay Mahallesi&#8217;nde ve Turgut Reis Mahallesi&#8217;nde de \u015fu an i\u00e7in projelerimiz haz\u0131r. Se\u00e7imden sonra da bu projelerimizin start\u0131n\u0131 verece\u011fiz\u201d ifadelerini kulland\u0131.<br \/>\n\u201cDevlet, belediyeler ve vatanda\u015f el ele vermeli\u201d<br \/>\nA\u00e7\u0131klamas\u0131nda; kentsel d\u00f6n\u00fc\u015f\u00fcm\u00fcn Mersin i\u00e7in \u00f6nemi ve aciliyetine de dikkat \u00e7eken G\u00fcltak, eczac\u0131 oldu\u011funu hat\u0131rlatarak, Mersin ve benzer illerin durumunun pansuman tedavilerle de\u011fil, radikal tedavilerle \u00e7\u00f6z\u00fclebilece\u011finin alt\u0131n\u0131 \u00e7izdi. Se\u00e7ildi\u011fi g\u00fcnden bu yana Mersin&#8217;in imar ve kentsel d\u00f6n\u00fc\u015f\u00fcm olmak \u00fczere 2 ana sorunu oldu\u011funu vurgulad\u0131\u011f\u0131n\u0131 hat\u0131rlatan Ba\u015fkan G\u00fcltak, s\u00f6zlerini \u015f\u00f6yle s\u00fcrd\u00fcrd\u00fc; \u201c\u0130mar sorununu, d\u00f6nemin Tar\u0131m Bakan\u0131 ve b\u00fcy\u00fcklerimizle g\u00f6r\u00fc\u015ferek \u00e7\u00f6zd\u00fck.<br \/>\nDi\u011fer ikinci sorun da; 2 nedenden dolay\u0131 kentsel d\u00f6n\u00fc\u015f\u00fcm\u00fcn mutlaka yap\u0131lmas\u0131 gerekti\u011fini s\u00f6yledik. Mersin\u2019de sadece ka\u00e7ak yap\u0131 s\u00f6z konusu de\u011fil, ayn\u0131 zamanda ya\u015f\u0131, miad\u0131 dolmu\u015f binalar var. Bunlar\u0131 \u00e7\u00f6zmenin tek bir y\u00f6ntemi var\u2026 Vatanda\u015f\u0131 ikna edip, devletin imkanlar\u0131yla da vatanda\u015f\u0131n imkanlar\u0131n\u0131 birle\u015ftirip, belediye arada k\u00f6pr\u00fc olmak zorunda ve kentsel d\u00f6n\u00fc\u015f\u00fcmle ada bazl\u0131 \u00e7al\u0131\u015fmalar\u0131 yap\u0131p \u015fehri de\u011fi\u015ftirmeliyiz. Mersin\u2019in bu stoklar\u0131n\u0131n ortadan kalkmas\u0131 i\u00e7in vatanda\u015f, belediye ve iktidar el ele vererek kentsel d\u00f6n\u00fc\u015f\u00fcm projeleri devam etmelidir.\u201d<br \/>\n\u201cPansuman de\u011fil, radikal tedavi gerekli\u201d<br \/>\nKentsel d\u00f6n\u00fc\u015f\u00fcme g\u00f6sterilen direncin de k\u0131r\u0131ld\u0131\u011f\u0131n\u0131 ve halkta bir g\u00fcven olu\u015ftu\u011funu kaydeden Ba\u015fkan G\u00fcltak; \u201cSe\u00e7ildi\u011fim g\u00fcn kentsel d\u00f6n\u00fc\u015f\u00fcmden bahsetmek Akdeniz Belediyesi s\u0131n\u0131rlar\u0131 i\u00e7inde adeta intihara e\u015fde\u011ferdir. \u00c7\u00fcnk\u00fc b\u00fcy\u00fck siyasi riskleri vard\u0131r. Ama ben makam i\u00e7in se\u00e7ilmedim, belediye ba\u015fkan\u0131 olarak hizmet etmek i\u00e7in ve halk\u0131n kaderini de\u011fi\u015ftirmek \u00fczere se\u00e7ildi\u011fim i\u00e7in her t\u00fcrl\u00fc riski g\u00f6ze ald\u0131m.<br \/>\n\u00c7\u00fcnk\u00fc pansuman tedavi, makyaj yapmak istemedim, insanlara ger\u00e7ekleri anlatmak istedim. Bu zor, \u00e7\u00fcnk\u00fc sabahtan ak\u015fama dola\u015fsan\u0131z bile zaman yetmiyor. \u0130nsanlara g\u00fcven vermeniz, insanlar\u0131n da size inanmas\u0131 gerekiyor. Uzun bir \u00e7al\u0131\u015fma temposuyla bunu sa\u011flad\u0131k. Bu sayede de bug\u00fcn in\u015faatlar bitiyor. Depremden \u00e7ok \u00f6nce bizim i\u015flerimiz bitti\u201d dedi.<\/p>\n<p>\u201cKentsel d\u00f6n\u00fc\u015f\u00fcme olan toplumsal talep h\u0131zla artt\u0131\u201d<br \/>\nBa\u015fkan G\u00fcltak, t\u00fcm \u00fclkeyi ac\u0131lara bo\u011fan depremlerin ard\u0131ndan, \u2018Bu belediye ba\u015fkan\u0131 bize baz\u0131 \u015feyler anlat\u0131yordu, hakikaten do\u011fru s\u00f6yl\u00fcyormu\u015f\u2019 diyen insanlar\u0131n artt\u0131\u011f\u0131na i\u015faret ederek s\u00f6zlerini \u015f\u00f6yle s\u00fcrd\u00fcrd\u00fc; \u201cIsrarla randevu talep edip g\u00f6r\u00fc\u015ft\u00fc\u011f\u00fcm\u00fcz muhtarlar\u0131n, y\u00f6neticilerin say\u0131s\u0131 bir anda artt\u0131. Biz de insanlardaki bu inan\u00e7 ge\u00e7meden veya zay\u0131flamadan 5 projemiz haz\u0131r. \u0130n\u015fallah \u00f6n\u00fcm\u00fczdeki d\u00f6nem bu projeleri hayata ge\u00e7irece\u011fiz. Farkl\u0131 mahallelerden de talepler geliyor.<br \/>\n\u00c7\u00fcnk\u00fc \u015funu anlad\u0131lar; depremi tahmin edemiyoruz, T\u00fcrkiye deprem \u00fclkesi&#8230; Mersin deprem \u015fehri de\u011fil ama Adana\u2019dan bir fay hatt\u0131, Erdemli ve K\u0131br\u0131s taraf\u0131ndan da bir fay hatt\u0131 ge\u00e7iyor. Bu fay hatt\u0131 c\u0131l\u0131z da olsa b\u00fcy\u00fck bir y\u0131k\u0131ma yol a\u00e7mayacak bir deprem dalgas\u0131 olu\u015fturmasa da art\u0131k insanlar Mersin\u2019de stresli ve ya\u015fl\u0131 evlerde oturmak istemiyor. Teknolojik, yap\u0131s\u0131 daha g\u00fc\u00e7l\u00fc ve g\u00fczel evlerde oturmak istiyor insanlar. Talepleri \u00e7ok ve biz de onlar\u0131n talepleri do\u011frultusunda elimizden geldi\u011fi kadar yard\u0131mc\u0131 olaca\u011f\u0131z. Ama bu sadece Akdeniz Belediye Ba\u015fkan\u0131n\u0131n \u00e7al\u0131\u015fmas\u0131yla olmaz.<br \/>\nB\u00fcy\u00fck\u015fehir Belediye Ba\u015fkan\u0131 ve di\u011fer il\u00e7e belediyelerinin de mutlaka burada devreye girmesi laz\u0131m. Belediyeler olarak iktidar\u0131m\u0131z\u0131n g\u00fcc\u00fcn\u00fc arkam\u0131za, vatanda\u015f\u0131 da yan\u0131m\u0131za alarak, \u00e7\u00fcnk\u00fc vatanda\u015f da burada ra\u011fbet etmeli ve az da olsa katk\u0131da bulunmal\u0131; bu \u015fekilde \u015fehirler h\u0131zla d\u00f6n\u00fc\u015f\u00fcr. \u0130ktidar\u0131m\u0131z boyunca 20 k\u00fcsur y\u0131ld\u0131r bir\u00e7ok ilde bakanlar\u0131m\u0131z, belediye ba\u015fkanlar\u0131m\u0131z bunu ger\u00e7ekle\u015ftirdi. Biz de se\u00e7ildi\u011fimiz g\u00fcnden itibaren bu projeleri ger\u00e7ekle\u015ftirdik, ispatlad\u0131k. Dolay\u0131s\u0131yla bir belediye ba\u015fkan\u0131 olarak i\u015fim daha kolay. \u00c7\u00fcnk\u00fc vatanda\u015f\u0131n g\u00fcveni geldi. Bundan sonra da talepler do\u011frultusunda g\u00fcc\u00fcm\u00fcz yetti\u011fi kadar kentsel d\u00f6n\u00fc\u015f\u00fcme devam edece\u011fiz.\u201d<\/p>\n","protected":false},"excerpt":{"rendered":"<p>Kentsel d\u00f6n\u00fc\u015f\u00fcm\u00fcn \u00f6nemi ve aciliyetine bir kez daha dikkat \u00e7eken Ba\u015fkan G\u00fcltak, Kahramanmara\u015f merkezli ve y\u00fcz binlerce insan\u0131 etkileyen son depremlerle birlikte Mersin\u2019de kentsel d\u00f6n\u00fc\u015f\u00fcme kar\u015f\u0131 olan diren\u00e7 ve \u00f6nyarg\u0131lar\u0131n &hellip; <a href=\"https:\/\/akdenizolaygazetesi.com\/?p=24788\" class=\"more-link\">Devam\u0131n\u0131 Oku&#8230;<\/a><\/p>\n","protected":false},"author":2,"featured_media":24789,"comment_status":"open","ping_status":"open","sticky":false,"template":"","format":"standard","meta":[],"categories":[3,5],"tags":[],"_links":{"self":[{"href":"https:\/\/akdenizolaygazetesi.com\/index.php?rest_route=\/wp\/v2\/posts\/24788"}],"collection":[{"href":"https:\/\/akdenizolaygazetesi.com\/index.php?rest_route=\/wp\/v2\/posts"}],"about":[{"href":"https:\/\/akdenizolaygazetesi.com\/index.php?rest_route=\/wp\/v2\/types\/post"}],"author":[{"embeddable":true,"href":"https:\/\/akdenizolaygazetesi.com\/index.php?rest_route=\/wp\/v2\/users\/2"}],"replies":[{"embeddable":true,"href":"https:\/\/akdenizolaygazetesi.com\/index.php?rest_route=%2Fwp%2Fv2%2Fcomments&post=24788"}],"version-history":[{"count":1,"href":"https:\/\/akdenizolaygazetesi.com\/index.php?rest_route=\/wp\/v2\/posts\/24788\/revisions"}],"predecessor-version":[{"id":24790,"href":"https:\/\/akdenizolaygazetesi.com\/index.php?rest_route=\/wp\/v2\/posts\/24788\/revisions\/24790"}],"wp:featuredmedia":[{"embeddable":true,"href":"https:\/\/akdenizolaygazetesi.com\/index.php?rest_route=\/wp\/v2\/media\/24789"}],"wp:attachment":[{"href":"https:\/\/akdenizolaygazetesi.com\/index.php?rest_route=%2Fwp%2Fv2%2Fmedia&parent=24788"}],"wp:term":[{"taxonomy":"category","embeddable":true,"href":"https:\/\/akdenizolaygazetesi.com\/index.php?rest_route=%2Fwp%2Fv2%2Fcategories&post=24788"},{"taxonomy":"post_tag","embeddable":true,"href":"https:\/\/akdenizolaygazetesi.com\/index.php?rest_route=%2Fwp%2Fv2%2Ftags&post=24788"}],"curies":[{"name":"wp","href":"https:\/\/api.w.org\/{rel}","templated":true}]}}