{"id":24796,"date":"2023-03-21T17:00:52","date_gmt":"2023-03-21T14:00:52","guid":{"rendered":"http:\/\/akdenizolaygazetesi.com\/?p=24796"},"modified":"2023-03-21T17:00:52","modified_gmt":"2023-03-21T14:00:52","slug":"baskan-yilmaz-nevruz-bir-olmanin-semboludur","status":"publish","type":"post","link":"https:\/\/akdenizolaygazetesi.com\/?p=24796","title":{"rendered":"BA\u015eKAN YILMAZ; &#8220;NEVRUZ, B\u0130R OLMANIN SEMBOL\u00dcD\u00dcR&#8221;"},"content":{"rendered":"<p>Toroslar Belediye Ba\u015fkan\u0131 Ats\u0131z Af\u015f\u0131n Y\u0131lmaz, 21 Mart Nevruz Bayram\u0131 dolay\u0131s\u0131yla bir mesaj yay\u0131nlad\u0131.<\/p>\n<p>Bahar\u0131n m\u00fcjdecisi, tabiat\u0131n uyan\u0131\u015f\u0131, bolluk ve bereketin simgesi olan ve as\u0131rlard\u0131r bu topraklarda bayram co\u015fkusuyla kutlanan Nevruz&#8217;un, manevi ve k\u00fclt\u00fcrel bir miras oldu\u011funa dikkat \u00e7eken Ba\u015fkan Y\u0131lmaz; &#8220;Nevruz, varolu\u015f destan\u0131m\u0131z olan Ergenekon&#8217;dan \u00e7\u0131k\u0131\u015f g\u00fcn\u00fcd\u00fcr. Do\u011fan\u0131n uyan\u0131\u015f\u0131, canl\u0131l\u0131k ve yeniden dirili\u015ftir. Bu uyan\u0131\u015f, insanl\u0131\u011f\u0131n da uyan\u0131\u015f\u0131d\u0131r. T\u00fcrk d\u00fcnyas\u0131, her y\u0131l 21 Mart&#8217;ta Nevruz Bayram\u0131&#8217;n\u0131 heyecanla kar\u015f\u0131lamaktad\u0131r&#8221; dedi.<\/p>\n<p>Ba\u015fkan Y\u0131lmaz, Nevruzun, \u00fclkemiz ve t\u00fcm insanl\u0131k i\u00e7in ba\u015fta sa\u011fl\u0131k, mutluluk, bar\u0131\u015f ve huzur getirmesini dileyerek; &#8220;\u00dclke olarak b\u00fcy\u00fck bir deprem felaketi ya\u015fad\u0131k. Ac\u0131m\u0131z ve kayb\u0131m\u0131z \u00e7ok b\u00fcy\u00fck. Bu ac\u0131 felaketin ard\u0131ndan yine g\u00f6rd\u00fck ki milletimiz et ile t\u0131rnak gibi birbirine ba\u011fl\u0131. Devlet-millet el ele vererek, yaralar\u0131 hep birlikte sarmaya devam edece\u011fiz. Bu karde\u015flik bizlere atalar\u0131m\u0131zdan yadig\u00e2r. Nevruz&#8217;un binlerce y\u0131ld\u0131r devam eden birli\u011fimizin ve beraberli\u011fimizin peki\u015fmesine vesile olmas\u0131n\u0131 diliyor, t\u00fcm hem\u015fehrilerimin ve T\u00fcrk d\u00fcnyas\u0131n\u0131n Nevruz Bayram\u0131&#8217;n\u0131 kutluyorum&#8221; diye konu\u015ftu.<\/p>\n","protected":false},"excerpt":{"rendered":"<p>Toroslar Belediye Ba\u015fkan\u0131 Ats\u0131z Af\u015f\u0131n Y\u0131lmaz, 21 Mart Nevruz Bayram\u0131 dolay\u0131s\u0131yla bir mesaj yay\u0131nlad\u0131. Bahar\u0131n m\u00fcjdecisi, tabiat\u0131n uyan\u0131\u015f\u0131, bolluk ve bereketin simgesi olan ve as\u0131rlard\u0131r bu topraklarda bayram co\u015fkusuyla kutlanan &hellip; <a href=\"https:\/\/akdenizolaygazetesi.com\/?p=24796\" class=\"more-link\">Devam\u0131n\u0131 Oku&#8230;<\/a><\/p>\n","protected":false},"author":2,"featured_media":24797,"comment_status":"open","ping_status":"open","sticky":false,"template":"","format":"standard","meta":[],"categories":[3],"tags":[],"_links":{"self":[{"href":"https:\/\/akdenizolaygazetesi.com\/index.php?rest_route=\/wp\/v2\/posts\/24796"}],"collection":[{"href":"https:\/\/akdenizolaygazetesi.com\/index.php?rest_route=\/wp\/v2\/posts"}],"about":[{"href":"https:\/\/akdenizolaygazetesi.com\/index.php?rest_route=\/wp\/v2\/types\/post"}],"author":[{"embeddable":true,"href":"https:\/\/akdenizolaygazetesi.com\/index.php?rest_route=\/wp\/v2\/users\/2"}],"replies":[{"embeddable":true,"href":"https:\/\/akdenizolaygazetesi.com\/index.php?rest_route=%2Fwp%2Fv2%2Fcomments&post=24796"}],"version-history":[{"count":1,"href":"https:\/\/akdenizolaygazetesi.com\/index.php?rest_route=\/wp\/v2\/posts\/24796\/revisions"}],"predecessor-version":[{"id":24798,"href":"https:\/\/akdenizolaygazetesi.com\/index.php?rest_route=\/wp\/v2\/posts\/24796\/revisions\/24798"}],"wp:featuredmedia":[{"embeddable":true,"href":"https:\/\/akdenizolaygazetesi.com\/index.php?rest_route=\/wp\/v2\/media\/24797"}],"wp:attachment":[{"href":"https:\/\/akdenizolaygazetesi.com\/index.php?rest_route=%2Fwp%2Fv2%2Fmedia&parent=24796"}],"wp:term":[{"taxonomy":"category","embeddable":true,"href":"https:\/\/akdenizolaygazetesi.com\/index.php?rest_route=%2Fwp%2Fv2%2Fcategories&post=24796"},{"taxonomy":"post_tag","embeddable":true,"href":"https:\/\/akdenizolaygazetesi.com\/index.php?rest_route=%2Fwp%2Fv2%2Ftags&post=24796"}],"curies":[{"name":"wp","href":"https:\/\/api.w.org\/{rel}","templated":true}]}}