{"id":24802,"date":"2023-03-22T13:41:52","date_gmt":"2023-03-22T10:41:52","guid":{"rendered":"http:\/\/akdenizolaygazetesi.com\/?p=24802"},"modified":"2023-03-22T13:41:52","modified_gmt":"2023-03-22T10:41:52","slug":"mersin-universitesi-bilim-egitim-sanat-teknoloji-girisimcilik-ve-yenilikcilik-kurulu-ilk-toplantisini-gerceklestirdi","status":"publish","type":"post","link":"https:\/\/akdenizolaygazetesi.com\/?p=24802","title":{"rendered":"Mersin \u00dcniversitesi Bilim, E\u011fitim, Sanat, Teknoloji, Giri\u015fimcilik Ve Yenilik\u00e7ilik Kurulu \u0130lk Toplant\u0131s\u0131n\u0131 Ger\u00e7ekle\u015ftirdi"},"content":{"rendered":"<p>\u00dcniversitemizin stratejik plan\u0131 ve ara\u015ft\u0131rma politikalar\u0131nda; k\u00fcresel \u00f6l\u00e7ekli bilim, e\u011fitim, sanat, sosyal ve teknolojik geli\u015fmelerin etkin bi\u00e7imde izlenerek, gelece\u011fe y\u00f6nelik akademik \u00f6nceliklerin belirlenmesi, \u00fclkemizin kalk\u0131nma planlar\u0131 ve teknolojik hedeflerinin yak\u0131ndan takip edilmesi ve bu hedeflere y\u00f6nelik akademik yol haritas\u0131n\u0131n ortaya konulmas\u0131, belirlenmi\u015f olan akademik yol haritas\u0131na destek olabilecek bi\u00e7imde \u00fcniversite akademik birimleri aras\u0131ndaki e\u015fg\u00fcd\u00fcm\u00fcn sa\u011flanmas\u0131 ve disiplinleraras\u0131 \u00e7al\u0131\u015fman\u0131n te\u015fvik edilerek uyum i\u00e7erisinde s\u00fcrd\u00fcr\u00fclmesi hususlar\u0131nda g\u00f6rev yapmak \u00fczere kurulan &#8220;Mersin \u00dcniversitesi Bilim, E\u011fitim, Sanat, Teknoloji, Giri\u015fimcilik ve Yenilik\u00e7ilik Kurulu&#8221; Rekt\u00f6r\u00fcm\u00fcz Prof. Dr. Erol Ya\u015far ba\u015fkanl\u0131\u011f\u0131nda ilk toplant\u0131s\u0131n\u0131 ger\u00e7ekle\u015ftirdi.<br \/>\n16 Mart Per\u015fembe g\u00fcn\u00fc \u00dcniversitemiz Senato Odas\u0131\u2019nda ger\u00e7ekle\u015ftirilen toplant\u0131da konu\u015fan Rekt\u00f6r\u00fcm\u00fcz Prof. Dr. Erol Ya\u015far, \u201c\u00dcniversitemizin ulusal ve uluslararas\u0131 alanlarda e\u011fitim-\u00f6\u011fretimde geli\u015fmelerin takibi, bilimsel ve teknolojik geli\u015fmelerin izlenmesi, sanatsal ve sosyal geli\u015fmelerin etkin takibinin yap\u0131lmas\u0131 ve uygulanmalar\u0131 gibi yenilik\u00e7i \u00f6nceliklerin belirlenmesi konusunda kurulumuz b\u00fcy\u00fck bir \u00f6nem ta\u015f\u0131yor.\u201d dedi.<br \/>\nDisiplinleraras\u0131 \u00e7al\u0131\u015fman\u0131n \u00f6nemi gibi bir\u00e7ok alanda \u00fcniversitemizin yak\u0131n, orta ve uzun vadede stratejik plan\u0131n\u0131n ve hedeflerinin olu\u015fturulmas\u0131, belli peryotlarda izlenmesi, zay\u0131f alanlarda iyile\u015ftirme eylem planlar\u0131n\u0131n yap\u0131lmas\u0131 ve sonu\u00e7lar\u0131n\u0131n takibi ile ilgili al\u0131nacak kararlar\u0131n uygulanmas\u0131 gerekti\u011fini belirten \u00dcniversitemiz Rekt\u00f6r\u00fc Prof. Dr. Erol Ya\u015far, Mersin \u00dcniversitesi Bilim, E\u011fitim, Sanat, Teknoloji, Giri\u015fimcilik ve Yenilik\u00e7ilik Kurulu\u2019nun \u00fcniversitemizin b\u00f6lgemizin, kentimizin ve \u00fclkemizin geli\u015fimine \u00f6nemli katk\u0131lar verme potansiyelinin oldu\u011funu s\u00f6yledi.<br \/>\nToplant\u0131da ilk olarak, \u00fcyeler konu ile ilgili g\u00f6r\u00fc\u015flerini sundu. Daha sonras\u0131nda, \u00f6zellikle \u00fcniversitemizin geli\u015fimi i\u00e7in bu kurulun olu\u015fturulmas\u0131n\u0131n \u00e7ok \u00f6nemli oldu\u011fu, \u00fcniversitemizin yerel, b\u00f6lgesel, ulusal ve uluslararas\u0131 alanlarda rekabet g\u00fcc\u00fcn\u00fcn art\u0131r\u0131lmas\u0131 gerekti\u011fi konusunda \u00fcyeler aras\u0131nda fikir birli\u011fine var\u0131ld\u0131. Toplant\u0131da, \u00dcniversitemiz akademik atanma ve y\u00fckseltme \u00f6l\u00e7\u00fctlerinde nicelik ve niteli\u011fin birlikte de\u011ferlendirilmesi gerekti\u011fi, ayr\u0131ca BAP d\u0131\u015f\u0131nda yenilik\u00e7i projelerle \u00fcniversitemize kaynak yarat\u0131lmas\u0131 ve \u00fcniversitemizin yatay geli\u015fimine paralel olarak dikey geli\u015fiminin de de\u011ferlendirilmesi gerekti\u011fi de ele al\u0131nan konular aras\u0131nda yer ald\u0131.<br \/>\nToplant\u0131 sonras\u0131nda kurulun, \u00dcniversitemizin stratejik plan ve hedeflerinin \u00fcniversite \u00e7al\u0131\u015fanlar\u0131na tan\u0131t\u0131m\u0131 i\u00e7in \u00e7al\u0131\u015ftaylar d\u00fczenlenmesi, kurulun belirli g\u00fcndem ve aral\u0131klarla toplanmas\u0131, Mersin \u00dcniversitesi mensubu olan ve g\u00f6r\u00fc\u015f\/\u00f6neri sunmak isteyenlerin kurul \u00fcyelerine ula\u015fmalar\u0131n\u0131n sa\u011flanmas\u0131 kararlar\u0131 al\u0131nd\u0131.<br \/>\nMersin \u00dcniversitesi Bilim, E\u011fitim, Sanat, Teknoloji, Giri\u015fimcilik ve Yenilik\u00e7ilik Kurulu;<br \/>\nProf. Dr. Ayla \u00d6zer (M\u00fchendislik Fak\u00fcltesi),<br \/>\nProf. Dr. Nida Nayc\u0131 (Mimarl\u0131k Fak\u00fcltesi),<br \/>\nProf. Dr. Ruhi Kaplan (E\u011fitim Fak\u00fcltesi),<br \/>\nProf. Dr. Fevziye Ay\u015fe Balc\u0131 Karabo\u011fa (E\u011fitim Fak\u00fcltesi),<br \/>\nProf. Dr. Tu\u011fba Yelken (E\u011fitim Fak\u00fcltesi),<br \/>\nProf. Dr. Nadir Dizge (M\u00fchendislik Fak\u00fcltesi),<br \/>\nProf. Dr. Nimet Karag\u00fclle (M\u00fchendislik Fak\u00fcltesi),<br \/>\nProf. Dr. \u00d6zg\u00fcr L\u00fctfi Ertu\u011frul (M\u00fchendislik Fak\u00fcltesi),<br \/>\nProf. Dr. Zeki Yetgin (M\u00fchendislik Fak\u00fcltesi),<br \/>\nProf. Dr. Serdal Arslan (T\u0131p Fak\u00fcltesi),<br \/>\nProf. Dr. Caner \u00d6zdemir (M\u00fchendislik Fak\u00fcltesi),<br \/>\nProf. Dr. Suphan Karaytu\u011f (Fen Fak\u00fcltesi),<br \/>\nProf. Dr. Mehmet Tahir Alp (Su \u00dcr\u00fcnleri Fak\u00fcltesi),<br \/>\nProf. Dr. Bahar Ta\u015fdelen,<br \/>\nProf. Dr. Selma Erat (TBMYO),<br \/>\nProf. Dr. G\u00f6knil Nur Ko\u00e7ak (Turizm Fak\u00fcltesi),<br \/>\nProf. Dr. H\u00fcseyin \u00d6zbilgin (Su \u00dcr\u00fcnleri Fak\u00fcltesi),<br \/>\nProf. Nurseren Tor (G\u00fczel Sanatlar Fak\u00fcltesi) ve<br \/>\nDo\u00e7. Dr. Tuncay Turan Turabo\u011flu (\u0130\u0130BF) olmak \u00fczere \u00dcniversitemiz \u00f6n lisans, lisans ve lisans\u00fcst\u00fc e\u011fitim-\u00f6\u011fretim yap\u0131lan birimlerinde g\u00f6rev yapan ve farkl\u0131 disiplinlerdeki on dokuz \u00f6\u011fretim \u00fcyesinden olu\u015fuyor.<\/p>\n","protected":false},"excerpt":{"rendered":"<p>\u00dcniversitemizin stratejik plan\u0131 ve ara\u015ft\u0131rma politikalar\u0131nda; k\u00fcresel \u00f6l\u00e7ekli bilim, e\u011fitim, sanat, sosyal ve teknolojik geli\u015fmelerin etkin bi\u00e7imde izlenerek, gelece\u011fe y\u00f6nelik akademik \u00f6nceliklerin belirlenmesi, \u00fclkemizin kalk\u0131nma planlar\u0131 ve teknolojik hedeflerinin yak\u0131ndan &hellip; <a href=\"https:\/\/akdenizolaygazetesi.com\/?p=24802\" class=\"more-link\">Devam\u0131n\u0131 Oku&#8230;<\/a><\/p>\n","protected":false},"author":2,"featured_media":24803,"comment_status":"open","ping_status":"open","sticky":false,"template":"","format":"standard","meta":[],"categories":[34,1,2,3,5,11],"tags":[],"_links":{"self":[{"href":"https:\/\/akdenizolaygazetesi.com\/index.php?rest_route=\/wp\/v2\/posts\/24802"}],"collection":[{"href":"https:\/\/akdenizolaygazetesi.com\/index.php?rest_route=\/wp\/v2\/posts"}],"about":[{"href":"https:\/\/akdenizolaygazetesi.com\/index.php?rest_route=\/wp\/v2\/types\/post"}],"author":[{"embeddable":true,"href":"https:\/\/akdenizolaygazetesi.com\/index.php?rest_route=\/wp\/v2\/users\/2"}],"replies":[{"embeddable":true,"href":"https:\/\/akdenizolaygazetesi.com\/index.php?rest_route=%2Fwp%2Fv2%2Fcomments&post=24802"}],"version-history":[{"count":1,"href":"https:\/\/akdenizolaygazetesi.com\/index.php?rest_route=\/wp\/v2\/posts\/24802\/revisions"}],"predecessor-version":[{"id":24804,"href":"https:\/\/akdenizolaygazetesi.com\/index.php?rest_route=\/wp\/v2\/posts\/24802\/revisions\/24804"}],"wp:featuredmedia":[{"embeddable":true,"href":"https:\/\/akdenizolaygazetesi.com\/index.php?rest_route=\/wp\/v2\/media\/24803"}],"wp:attachment":[{"href":"https:\/\/akdenizolaygazetesi.com\/index.php?rest_route=%2Fwp%2Fv2%2Fmedia&parent=24802"}],"wp:term":[{"taxonomy":"category","embeddable":true,"href":"https:\/\/akdenizolaygazetesi.com\/index.php?rest_route=%2Fwp%2Fv2%2Fcategories&post=24802"},{"taxonomy":"post_tag","embeddable":true,"href":"https:\/\/akdenizolaygazetesi.com\/index.php?rest_route=%2Fwp%2Fv2%2Ftags&post=24802"}],"curies":[{"name":"wp","href":"https:\/\/api.w.org\/{rel}","templated":true}]}}