{"id":24808,"date":"2023-03-22T13:46:39","date_gmt":"2023-03-22T10:46:39","guid":{"rendered":"http:\/\/akdenizolaygazetesi.com\/?p=24808"},"modified":"2023-03-22T13:46:39","modified_gmt":"2023-03-22T10:46:39","slug":"buyuksehir-ramazan-ayi-icin-gida-kolisi-dagitimlarini-surduruyor","status":"publish","type":"post","link":"https:\/\/akdenizolaygazetesi.com\/?p=24808","title":{"rendered":"B\u00dcY\u00dcK\u015eEH\u0130R, RAMAZAN AYI \u0130\u00c7\u0130N GIDA KOL\u0130S\u0130 DA\u011eITIMLARINI S\u00dcRD\u00dcR\u00dcYOR"},"content":{"rendered":"<p>Mersin B\u00fcy\u00fck\u015fehir Belediyesi, her y\u0131l oldu\u011fu gibi bu y\u0131l da, yakla\u015fan Ramazan ay\u0131 \u00f6ncesinde g\u0131da kolisi da\u011f\u0131t\u0131mlar\u0131na ba\u015flad\u0131. B\u00fcy\u00fck\u015fehir Belediyesi Sosyal Hizmetler Dairesi koordinesinde s\u00fcrd\u00fcr\u00fclen da\u011f\u0131t\u0131mlarla, il genelinde 120 bin hanenin kap\u0131s\u0131 \u00e7al\u0131nacak. \u0130\u00e7erisinde temel g\u0131da malzemelerinin yer ald\u0131\u011f\u0131 koliler, ekonomik olarak s\u0131k\u0131nt\u0131l\u0131 s\u00fcre\u00e7 ya\u015fayan vatanda\u015flar\u0131n bir nebze de olsa mutfak masraflar\u0131na katk\u0131 sunacak.<br \/>\nB\u00fcy\u00fck\u015fehir&#8217;den Ramazan&#8217;da &#8216;Halka Hizmet Sofralara Bereket&#8217;<br \/>\nB\u00fcy\u00fck\u015fehir Belediyesi, 23 Mart 2023&#8217;de ba\u015flayacak Ramazan ay\u0131 i\u00e7in ba\u015flatt\u0131\u011f\u0131 g\u0131da kolisi da\u011f\u0131t\u0131mlar\u0131n\u0131 s\u00fcrd\u00fcr\u00fcyor. 13 il\u00e7ede da\u011f\u0131t\u0131lan toplam 120 bin g\u0131da kolisinin i\u00e7erisinde 2 litre ay\u00e7i\u00e7ek ya\u011f\u0131, 2 kilogram un, 1 kilogram toz \u015feker, yar\u0131m kilo \u00e7ay, 1 kilogram \u015fehriye, 1 kilogram nohut,  750 gram tuz, 800 gram zeytin, 2 kilogram bulgur, 2 kilogram pirin\u00e7, 1 kilogram k\u0131rm\u0131z\u0131 mercimek ve 2,5 kilogram makarna yer al\u0131yor. &#8220;Halka Hizmet Sofralara Bereket&#8221; yaz\u0131l\u0131 koliler ile B\u00fcy\u00fck\u015fehir ekipleri, Mersinlilerin kap\u0131s\u0131n\u0131 \u00e7al\u0131yor.<br \/>\nYa\u015far: &#8220;120 bin adet koliyi ihtiya\u00e7 sahiplerine ula\u015ft\u0131raca\u011f\u0131z&#8221;<br \/>\nSosyal Hizmetler Dairesi Sosyal Yard\u0131mlar \u015eube M\u00fcd\u00fcr\u00fc \u00d6zlem Ya\u015far, Ramazan ay\u0131 i\u00e7in haz\u0131rlanan g\u0131da kolilerinin da\u011f\u0131t\u0131mlar\u0131n\u0131n ba\u015flad\u0131\u011f\u0131n\u0131 ifade ederek, &#8220;Ramazan g\u0131da kolisi da\u011f\u0131t\u0131mlar\u0131m\u0131z ba\u015flad\u0131. Bu y\u0131l Ramazan&#8217;a buruk bir \u015fekilde giriyoruz. 6 \u015eubat depreminden bu yana deprem b\u00f6lgesinde hizmet veriyorduk. Yine e\u015f zamanl\u0131 olarak, ilimize gelen depremzedelere hizmet vermeye ba\u015flad\u0131k. Bu kapsamda 15 bin civar\u0131nda kolimizi depremzedelere ula\u015ft\u0131rm\u0131\u015ft\u0131k. Bunun yan\u0131nda, evinde depremzede konuk eden ailelerimiz var. \u015eimdi Ramazan&#8217;da verece\u011fimiz bu koliler hem ailelere, hem de gelen depremzedelere destek niteli\u011finde olacak. Koli da\u011f\u0131t\u0131m\u0131m\u0131z 13 il\u00e7ede olacak. Toplamda 120 bin adet koliyi ihtiya\u00e7 sahiplerine ula\u015ft\u0131raca\u011f\u0131z&#8221; dedi. Halk Kart kullan\u0131c\u0131s\u0131 ailelere \u00f6ncelik vereceklerini kaydeden Ya\u015far, &#8220;Bunun yan\u0131nda mahalle muhtarlar\u0131m\u0131zla s\u00fcrekli g\u00f6r\u00fc\u015fmeler halindeyiz ve onlar\u0131n s\u00f6yledi\u011fi ki\u015fileri de ara\u015ft\u0131rarak listemize ekliyoruz. Tespit etti\u011fimiz ihtiya\u00e7 sahibi veya d\u00fc\u015f\u00fck gelir d\u00fczeyine sahip ailelere g\u0131da kolilerimizi ula\u015ft\u0131r\u0131yoruz. Ramazan\u0131 buruk kar\u015f\u0131l\u0131yoruz, ama yine dayan\u0131\u015fmayla bu Ramazan&#8217;\u0131 da birlikte ge\u00e7irece\u011fiz&#8221; dedi.<br \/>\n&#8220;A\u015f\u0131m\u0131z olacak, kaynataca\u011f\u0131z, yemek yapaca\u011f\u0131z&#8221;<br \/>\nKurdali Mahallesi&#8217;nde ikamet eden vatanda\u015flardan Edibe \u00c7apkan, &#8220;Allah raz\u0131 olsun. Kolide makarna, \u015feker, ya\u011f, un, \u00e7ay var. Yemek yapaca\u011f\u0131z. Hayat \u00e7ok pahal\u0131, hi\u00e7bir \u015fey al\u0131nm\u0131yor. Daha \u00f6nce hayat\u0131m\u0131z b\u00f6yle de\u011fildi. Her \u015fey pahal\u0131. Her g\u00fcn zam, nereye kadar?&#8221; dedi. B\u00fcy\u00fck\u015fehir&#8217;in g\u0131da kolisi deste\u011finden \u00e7ok memnun oldu\u011funu s\u00f6yleyen \u00c7apkan, &#8220;A\u015f\u0131m\u0131z olacak, kaynataca\u011f\u0131z, yemek yapaca\u011f\u0131z&#8221; diye konu\u015ftu.<br \/>\n&#8220;Bu zor g\u00fcnlerde \u00e7ok iyi oldu&#8221;<br \/>\nNejla \u00c7elik de ekonomik olarak s\u0131k\u0131nt\u0131l\u0131 bir s\u00fcre\u00e7te B\u00fcy\u00fck\u015fehir&#8217;in g\u0131da kolisi deste\u011finin \u00e7ok iyi oldu\u011funu belirterek, &#8220;Erza\u011fa ihtiyac\u0131m\u0131z vard\u0131. Bu zor g\u00fcnlerde B\u00fcy\u00fck\u015fehir Belediye Ba\u015fkan\u0131m\u0131zdan Allah raz\u0131 olsun. Ya\u011f, \u015feker, bulgur, pirin\u00e7, kuru fasulye, nohut gibi g\u0131dalara \u00e7ok ihtiyac\u0131m\u0131z oluyor. Ramazan ay\u0131nda in\u015fallah pi\u015firece\u011fiz bunlar\u0131. Bir a\u015f oldu evimize, laz\u0131md\u0131 da bu zor g\u00fcnlerimizde&#8221; dedi.<\/p>\n","protected":false},"excerpt":{"rendered":"<p>Mersin B\u00fcy\u00fck\u015fehir Belediyesi, her y\u0131l oldu\u011fu gibi bu y\u0131l da, yakla\u015fan Ramazan ay\u0131 \u00f6ncesinde g\u0131da kolisi da\u011f\u0131t\u0131mlar\u0131na ba\u015flad\u0131. B\u00fcy\u00fck\u015fehir Belediyesi Sosyal Hizmetler Dairesi koordinesinde s\u00fcrd\u00fcr\u00fclen da\u011f\u0131t\u0131mlarla, il genelinde 120 bin &hellip; <a href=\"https:\/\/akdenizolaygazetesi.com\/?p=24808\" class=\"more-link\">Devam\u0131n\u0131 Oku&#8230;<\/a><\/p>\n","protected":false},"author":2,"featured_media":24809,"comment_status":"open","ping_status":"open","sticky":false,"template":"","format":"standard","meta":[],"categories":[2,3,5],"tags":[],"_links":{"self":[{"href":"https:\/\/akdenizolaygazetesi.com\/index.php?rest_route=\/wp\/v2\/posts\/24808"}],"collection":[{"href":"https:\/\/akdenizolaygazetesi.com\/index.php?rest_route=\/wp\/v2\/posts"}],"about":[{"href":"https:\/\/akdenizolaygazetesi.com\/index.php?rest_route=\/wp\/v2\/types\/post"}],"author":[{"embeddable":true,"href":"https:\/\/akdenizolaygazetesi.com\/index.php?rest_route=\/wp\/v2\/users\/2"}],"replies":[{"embeddable":true,"href":"https:\/\/akdenizolaygazetesi.com\/index.php?rest_route=%2Fwp%2Fv2%2Fcomments&post=24808"}],"version-history":[{"count":1,"href":"https:\/\/akdenizolaygazetesi.com\/index.php?rest_route=\/wp\/v2\/posts\/24808\/revisions"}],"predecessor-version":[{"id":24810,"href":"https:\/\/akdenizolaygazetesi.com\/index.php?rest_route=\/wp\/v2\/posts\/24808\/revisions\/24810"}],"wp:featuredmedia":[{"embeddable":true,"href":"https:\/\/akdenizolaygazetesi.com\/index.php?rest_route=\/wp\/v2\/media\/24809"}],"wp:attachment":[{"href":"https:\/\/akdenizolaygazetesi.com\/index.php?rest_route=%2Fwp%2Fv2%2Fmedia&parent=24808"}],"wp:term":[{"taxonomy":"category","embeddable":true,"href":"https:\/\/akdenizolaygazetesi.com\/index.php?rest_route=%2Fwp%2Fv2%2Fcategories&post=24808"},{"taxonomy":"post_tag","embeddable":true,"href":"https:\/\/akdenizolaygazetesi.com\/index.php?rest_route=%2Fwp%2Fv2%2Ftags&post=24808"}],"curies":[{"name":"wp","href":"https:\/\/api.w.org\/{rel}","templated":true}]}}