{"id":24811,"date":"2023-03-22T13:47:54","date_gmt":"2023-03-22T10:47:54","guid":{"rendered":"http:\/\/akdenizolaygazetesi.com\/?p=24811"},"modified":"2023-03-22T13:47:54","modified_gmt":"2023-03-22T10:47:54","slug":"ozel-sefler-1-farkla-mutfakta-harikalar-yaratti-gonullere-dokundu","status":"publish","type":"post","link":"https:\/\/akdenizolaygazetesi.com\/?p=24811","title":{"rendered":"\u00d6ZEL \u015eEFLER +1 FARKLA MUTFAKTA HAR\u0130KALAR YARATTI, G\u00d6N\u00dcLLERE DOKUNDU"},"content":{"rendered":"<p>Mersin B\u00fcy\u00fck\u015fehir Belediyesi Sa\u011fl\u0131k \u0130\u015fleri Dairesi Ba\u015fkanl\u0131\u011f\u0131 Engelliler \u015eube M\u00fcd\u00fcrl\u00fc\u011f\u00fc &#8217;21 Mart Down Sendromu Fark\u0131ndal\u0131k G\u00fcn\u00fc&#8217; kapsam\u0131nda anlaml\u0131 bir fark\u0131ndal\u0131k etkinli\u011fine daha imza att\u0131. Mutfa\u011fa giren en \u00f6zel \u015fefler, depremden etkilenip Mersin&#8217;e gelen vatanda\u015flar i\u00e7in \u00fczerlerinde +1 yaz\u0131l\u0131 kurabiyeler yapt\u0131.<br \/>\nMersin B\u00fcy\u00fck\u015fehir Belediyesi Engelsiz Ya\u015fam Merkezi&#8217;nin \u00f6zel \u015fefleri kollar\u0131 s\u0131vad\u0131, mutfa\u011fa girdi. Bonelerini ve \u00f6nl\u00fcklerini tak\u0131p, eldivenlerini giyen \u00f6zel \u015fefler, mutfakta t\u00fcm h\u00fcnerlerini sergiledi. \u00d6zel \u015fefler, haz\u0131rlad\u0131klar\u0131 kurabiyeleri Mersin B\u00fcy\u00fck\u015fehir Belediyesi taraf\u0131ndan Ge\u00e7ici Bar\u0131nma Alanlar\u0131&#8217;na d\u00f6n\u00fc\u015ft\u00fcr\u00fclen noktalardaki vatanda\u015flara ula\u015ft\u0131rd\u0131. Toplam 7 \u015fef,  Usta \u00d6\u011fretici Durdu G\u00fcrb\u00fcz ile birlikte mutfakta harikalar yaratt\u0131 ve depremden etkilenen vatanda\u015flar\u0131n y\u00fcreklerine dokundu. Depremden etkilenip Mersin&#8217;e gelen vatanda\u015flar da, kendileri i\u00e7in \u00f6zel olarak yap\u0131lan kurabiyeleri afiyetle yedi ve mutluluklar\u0131n\u0131 dile getirdiler.<br \/>\n\u00d6zel \u015fefler +1 fark ile mutfakta harikalar yaratt\u0131<br \/>\nBirbirinden g\u00fczel kurabiyeleri, sevgilerini de katarak yapan \u00f6zel \u015fefler, +1 fark ile mutfakta harikalar yaratt\u0131, g\u00f6n\u00fcllere dokundu. Kalp ve \u00e7ocuk fig\u00fcrl\u00fc kurabiyeleri, pi\u015ftikten sonra +1 yaz\u0131s\u0131 ile renkli bir \u015fekilde s\u00fcsleyen ve \u00f6zenle paketleyen \u00f6zel bireyler, bunlar\u0131 depremden etkilenen vatanda\u015flara ula\u015ft\u0131rd\u0131 ve kendi elleri ile da\u011f\u0131tt\u0131lar.<br \/>\nGerbo\u011fa: &#8220;Amac\u0131m\u0131z deprem b\u00f6lgesinden gelen vatanda\u015flar\u0131m\u0131za bir farkl\u0131l\u0131k yaratmak&#8221;<br \/>\nMersin B\u00fcy\u00fck\u015fehir Belediyesi Sa\u011fl\u0131k \u0130\u015fleri Dairesi Ba\u015fkanl\u0131\u011f\u0131 Engelliler \u015eube M\u00fcd\u00fcr\u00fc Abdullah Gerbo\u011fa, 21 Mart Down Sendromu Fark\u0131ndal\u0131k G\u00fcn\u00fc kapsam\u0131nda farkl\u0131 bir etkinlik planlad\u0131klar\u0131ndan s\u00f6z ederek, &#8220;\u00d6zel \u00e7ocuklar\u0131m\u0131zla birlikte kurabiye yap\u0131yoruz. Amac\u0131m\u0131z deprem b\u00f6lgesinden gelen vatanda\u015flar\u0131m\u0131za bir farkl\u0131l\u0131k yaratmak, onlar\u0131 mutlu etmek. Bu yapt\u0131\u011f\u0131m\u0131z kurabiyeleri onlara ikram edece\u011fiz ve ayn\u0131 zamanda bir fark\u0131ndal\u0131k yaratmay\u0131 da ama\u00e7l\u0131yoruz. \u00d6zel \u00e7ocuklar\u0131m\u0131z bu etkinlik i\u00e7in \u00e7ok heyecanl\u0131lar. Kurabiyelerin deprem b\u00f6lgesinden gelen vatanda\u015flara da\u011f\u0131t\u0131lacaklar\u0131n\u0131n fark\u0131ndalar. \u00c7ok g\u00fczel ge\u00e7iyor. Hem e\u011fleniyorlar, hem de bir \u015feyler \u00fcretmenin keyfini ya\u015f\u0131yorlar. G\u00fczel bir etkinlik oldu&#8221; dedi.<br \/>\nG\u00fcrb\u00fcz: &#8220;\u00d6zel \u015feflerimiz kurabiyeleri severek yapt\u0131lar&#8221;<br \/>\nEngelsiz Ya\u015fam Merkezi&#8217;nde Usta \u00d6\u011fretici olarak g\u00f6rev yapan Durdu G\u00fcrb\u00fcz de, &#8220;Bug\u00fcn \u00f6zel \u015feflerimizle mutfa\u011fa girdik. Deprem b\u00f6lgesinden gelen vatanda\u015flar\u0131m\u0131z i\u00e7in kurabiye yap\u0131yoruz. Bug\u00fcn ayr\u0131ca \u00f6zel bir g\u00fcn; 21 Mart Down Sendromu Fark\u0131ndal\u0131k G\u00fcn\u00fc. O y\u00fczden bug\u00fcn \u00e7ocuklar\u0131m\u0131z da \u00e7ok e\u011flenceli, \u00e7ok mutlu. Kurabiyeleri severek yapt\u0131lar. Deprem b\u00f6lgesinden gelen arkada\u015flar\u0131na ikram etmekten de \u00e7ok mutlular. Keyifli ge\u00e7iyor&#8221; diye konu\u015ftu.<br \/>\n\u00d6zel \u015fefler mutfakta harikalar yaratt\u0131<br \/>\n\u00d6zel \u015feflerden Habibe Tan\u0131\u015f, &#8220;Biz bug\u00fcn kurabiye yap\u0131yoruz. Kalp ve bebekli kurabiyeler yapt\u0131k. \u00c7ocuklar yesinler, hasta olmas\u0131nlar ve iyi olsunlar&#8221; dedi. \u00d6zel \u015feflerden Yasemin Erdo\u011fan ise, &#8220;\u00dcz\u00fclmesinler, iyi olsunlar ve deprem olmas\u0131n&#8221; diye duygular\u0131n\u0131 ifade ederek, kurabiyeleri depremden etkilenen vatanda\u015flar i\u00e7in yapt\u0131klar\u0131n\u0131 anlatt\u0131.<br \/>\nDi\u011fer bir \u00f6zel \u015fef olan Gizem Ka\u00e7aman, &#8220;Bug\u00fcn burada depremzedeler i\u00e7in kurabiye yap\u0131yoruz. Kalp ve insan \u015fekli veriyoruz. \u00c7ocuklar \u00fcz\u00fclmesin, yesinler. Biz de onlar i\u00e7in kurabiye yap\u0131yoruz. Afiyet olsun ve \u00fcz\u00fclmesinler&#8221; diye konu\u015ftu. \u00d6zel \u015eeflerden Mert \u00c7atk\u0131n ise, &#8220;Kurabiye yap\u0131yoruz. Un, \u015feker ve ya\u011f\u0131 kar\u0131\u015ft\u0131rd\u0131k, pi\u015firiyoruz. Bug\u00fcn burada olmak iyi&#8221; dedi.<br \/>\nKurabiyelerin s\u0131cakl\u0131\u011f\u0131, y\u00fcrekleri de \u0131s\u0131tt\u0131<br \/>\nDeprem b\u00f6lgesinden Mersin&#8217;e gelen vatanda\u015flardan \u015eamiye Demir de duygular\u0131n\u0131 payla\u015f\u0131rken,  &#8220;Elinize sa\u011fl\u0131k. \u00c7ok mutlu hissettim. \u00c7ok rahat\u0131z burada, ama i\u00e7imiz buruk. Y\u0131k\u0131ld\u0131k. Biz Samanda\u011fl\u0131y\u0131z, Samanda\u011f yok art\u0131k&#8221; dedi. Deprem b\u00f6lgesinden Mersin&#8217;e gelen Eftelya Karaa\u011fa\u00e7l\u0131 da, &#8220;Hatay&#8217;dan geliyoruz hepimiz. Down Sendromlu \u00e7ocuklar\u0131 g\u00f6rd\u00fc\u011f\u00fcm\u00fcz i\u00e7in \u00e7ok mutlu olduk. Kurabiye yap\u0131p getirmi\u015fler, \u00e7ok mutlu olduk. Onlar\u0131 da mutlu edebilmi\u015fizdir umar\u0131m&#8221; diye konu\u015ftu.<br \/>\nHatay Samanda\u011f&#8217;dan Mersin&#8217;e gelen vatanda\u015flardan Sevcan Demir de, &#8220;Sizi tan\u0131d\u0131\u011f\u0131m\u0131z i\u00e7in \u00e7ok mutlu olduk. B\u00f6yle bir zamanda sizinle tan\u0131\u015fmak istemezdik tabi ki. \u00c7ok k\u00f6t\u00fc duygular i\u00e7erisindeyiz biz, ama iyi ki de bizi b\u00f6yle d\u00fc\u015f\u00fcnen sizin gibi narin, g\u00fczel insanlar var kar\u015f\u0131m\u0131zda. Bizi b\u00f6yle bir g\u00fcnde ziyaret ettiler. Hepsine ayr\u0131 ayr\u0131 te\u015fekk\u00fcr ederim. Emek verip bize pasta yapm\u0131\u015flar, bizi d\u00fc\u015f\u00fcnm\u00fc\u015fler. \u00c7ok g\u00fczel bir duygu. \u00c7ok duyguland\u0131m ben. \u00c7ok sa\u011f olun&#8221; ifadelerini kulland\u0131.<\/p>\n","protected":false},"excerpt":{"rendered":"<p>Mersin B\u00fcy\u00fck\u015fehir Belediyesi Sa\u011fl\u0131k \u0130\u015fleri Dairesi Ba\u015fkanl\u0131\u011f\u0131 Engelliler \u015eube M\u00fcd\u00fcrl\u00fc\u011f\u00fc &#8217;21 Mart Down Sendromu Fark\u0131ndal\u0131k G\u00fcn\u00fc&#8217; kapsam\u0131nda anlaml\u0131 bir fark\u0131ndal\u0131k etkinli\u011fine daha imza att\u0131. Mutfa\u011fa giren en \u00f6zel \u015fefler, depremden &hellip; <a href=\"https:\/\/akdenizolaygazetesi.com\/?p=24811\" class=\"more-link\">Devam\u0131n\u0131 Oku&#8230;<\/a><\/p>\n","protected":false},"author":2,"featured_media":24812,"comment_status":"open","ping_status":"open","sticky":false,"template":"","format":"standard","meta":[],"categories":[3,5],"tags":[],"_links":{"self":[{"href":"https:\/\/akdenizolaygazetesi.com\/index.php?rest_route=\/wp\/v2\/posts\/24811"}],"collection":[{"href":"https:\/\/akdenizolaygazetesi.com\/index.php?rest_route=\/wp\/v2\/posts"}],"about":[{"href":"https:\/\/akdenizolaygazetesi.com\/index.php?rest_route=\/wp\/v2\/types\/post"}],"author":[{"embeddable":true,"href":"https:\/\/akdenizolaygazetesi.com\/index.php?rest_route=\/wp\/v2\/users\/2"}],"replies":[{"embeddable":true,"href":"https:\/\/akdenizolaygazetesi.com\/index.php?rest_route=%2Fwp%2Fv2%2Fcomments&post=24811"}],"version-history":[{"count":1,"href":"https:\/\/akdenizolaygazetesi.com\/index.php?rest_route=\/wp\/v2\/posts\/24811\/revisions"}],"predecessor-version":[{"id":24813,"href":"https:\/\/akdenizolaygazetesi.com\/index.php?rest_route=\/wp\/v2\/posts\/24811\/revisions\/24813"}],"wp:featuredmedia":[{"embeddable":true,"href":"https:\/\/akdenizolaygazetesi.com\/index.php?rest_route=\/wp\/v2\/media\/24812"}],"wp:attachment":[{"href":"https:\/\/akdenizolaygazetesi.com\/index.php?rest_route=%2Fwp%2Fv2%2Fmedia&parent=24811"}],"wp:term":[{"taxonomy":"category","embeddable":true,"href":"https:\/\/akdenizolaygazetesi.com\/index.php?rest_route=%2Fwp%2Fv2%2Fcategories&post=24811"},{"taxonomy":"post_tag","embeddable":true,"href":"https:\/\/akdenizolaygazetesi.com\/index.php?rest_route=%2Fwp%2Fv2%2Ftags&post=24811"}],"curies":[{"name":"wp","href":"https:\/\/api.w.org\/{rel}","templated":true}]}}