{"id":24814,"date":"2023-03-22T13:49:30","date_gmt":"2023-03-22T10:49:30","guid":{"rendered":"http:\/\/akdenizolaygazetesi.com\/?p=24814"},"modified":"2023-03-22T13:49:30","modified_gmt":"2023-03-22T10:49:30","slug":"baskan-ozyigit-ikinci-betemi-eylul-ayinda-hizmete-acacagiz","status":"publish","type":"post","link":"https:\/\/akdenizolaygazetesi.com\/?p=24814","title":{"rendered":"Ba\u015fkan \u00d6zyi\u011fit, \u201c\u0130kinci BETEM\u2019i Eyl\u00fcl ay\u0131nda hizmete a\u00e7aca\u011f\u0131z\u201d"},"content":{"rendered":"<p>Mersin Yeni\u015fehir Belediyesi taraf\u0131ndan Erken \u00c7ocukluk Geli\u015fimi Projesi; Yeni\u015fehir Modeli kapsam\u0131nda yap\u0131lan Mehmet Sad\u0131k G\u00fcrsoy Beceri Temelli E\u011fitim Merkezi(BETEM)\u2019nin in\u015faat \u00e7al\u0131\u015fmalar\u0131 devam ediyor. \u0130n\u015faat alan\u0131nda incelemelerde bulunan Yeni\u015fehir Belediye Ba\u015fkan\u0131 Abdullah \u00d6zyi\u011fit, \u201cE\u011fitimde \u00f6nemli bir kalite yaratt\u0131\u011f\u0131m\u0131za inan\u0131yorum. Merkezimizi Eyl\u00fcl ay\u0131nda \u00e7ocuklar\u0131m\u0131z i\u00e7in hizmete a\u00e7aca\u011f\u0131z. E\u011fitim alan\u0131nda yaratt\u0131\u011f\u0131m\u0131z bu altyap\u0131n\u0131n \u00e7ok \u00f6nemli oldu\u011funu ve \u00fclkemize \u00f6rnek te\u015fkil edece\u011fini biliyorum.\u201d dedi.<br \/>\nMersin Yeni\u015fehir Belediyesi, T\u00fcrkiye\u2019de bir ilke imza atarak hayata ge\u00e7irdi\u011fi Erken \u00c7ocukluk Geli\u015fimi Projesi; Yeni\u015fehir Modeli kapsam\u0131nda \u00e7al\u0131\u015fmalar\u0131n\u0131 s\u00fcrd\u00fcr\u00fcyor. Proje kapsam\u0131nda 2021 y\u0131l\u0131nda hizmete a\u00e7\u0131lan \u00d6mer Faruk \u0130lbilgen Beceri Temelli E\u011fitim Merkezinden sonra Mente\u015f Mahallesi\u2019de de Mehmet Sad\u0131k G\u00fcrsoy Beceri Temelli E\u011fitim Merkezi ile 3-6 ya\u015f aras\u0131ndaki \u00e7ocuklar\u0131n geli\u015fimine destek verilecek. Bir g\u00fcnd\u00fcz bak\u0131mevinden \u00f6te her \u00e7ocu\u011fun potansiyelini ortaya \u00e7\u0131karan ve onu en iyi \u015fekilde gelece\u011fe haz\u0131rlayan bir e\u011fitim kurumu olarak nitelendirilen BETEM\u2019de \u201cHer \u00e7ocuk farkl\u0131d\u0131r, her \u00e7ocuk ba\u015farabilir, her \u00e7ocuk fark yaratabilir\u201d slogan\u0131yla \u00e7ocuklara bireysel e\u011fitim programlar\u0131 haz\u0131rlanarak e\u011fitim veriliyor.Daha fazla \u00e7ocu\u011fa ula\u015fmak isteyen Yeni\u015fehir Belediyesi, Ocak ay\u0131nda temelini att\u0131\u011f\u0131 108 \u00f6\u011frenci kapasiteli ikinci BETEM\u2019i de Eyl\u00fcl ay\u0131nda hizmete a\u00e7acak.<br \/>\n\u201cEl birli\u011fiyle \u00e7ocuklar\u0131m\u0131za hizmet vermek i\u00e7in seferberiz.\u201d<br \/>\nYeni\u015fehir Belediyesi ve G\u00fcrsoy Grup i\u015f birli\u011fiyle Mente\u015f Mahallesi\u2019nde yap\u0131m\u0131 devam eden BETEM\u2019de incelemelerde bulunan Ba\u015fkan Abdullah \u00d6zyi\u011fit, \u201cTeknik ekibimizle Mehmet Sad\u0131k G\u00fcrsoy Beceri Temelli E\u011fitim Merkezi(BETEM)\u2019mizin in\u015faat\u0131n\u0131 inceledik. Buray\u0131 Eyl\u00fcl ay\u0131nda \u00e7ocuklar\u0131m\u0131z i\u00e7in hizmete a\u00e7aca\u011f\u0131z. BETEM, 3-6 ya\u015f aras\u0131ndaki \u00e7ocuklar\u0131m\u0131z\u0131n becerilerin \u00f6n plana \u00e7\u0131karmaya \u00e7al\u0131\u015fan, \u00f6zellikle 0-3 ya\u015f erken \u00e7ocukluk e\u011fitimi ile anne ve babalar\u0131n alm\u0131\u015f olduklar\u0131 e\u011fitimlerle yeti\u015ftirdikleri \u00e7ocuklara burada bir ilave e\u011fitim sistemi uygulam\u0131\u015f oluyoruz. Velilerimiz e\u011fitimler sonucunda \u00e7ocuklar\u0131 \u00fczerinde g\u00f6rm\u00fc\u015f olduklar\u0131 o pozitif sonu\u00e7lar\u0131 bizimle payla\u015f\u0131yor. 2021 y\u0131l\u0131nda Fuat Morel Mahallemizde hizmete a\u00e7t\u0131\u011f\u0131m\u0131z \u00d6mer Faruk \u0130lbilgen Beceri E\u011fitim Merkezi\u2019mizden sonra ikinci BETEM\u2019i Eyl\u00fcl ay\u0131nda a\u00e7aca\u011f\u0131z.\u00dc\u00e7\u00fcnc\u00fc BETEM\u2019i de bir sonraki Eyl\u00fcl ay\u0131nda hizmete a\u00e7mak i\u00e7in \u00e7al\u0131\u015fmalara \u015fimdiden ba\u015flayaca\u011f\u0131z. Bu halk\u0131m\u0131z\u0131n talebi, biz de ona g\u00f6re hareket ediyoruz. \u0130lkokul talebi de var onu da de\u011ferlendirece\u011fiz. Ya yap\u0131lmas\u0131n\u0131 sa\u011flayaca\u011f\u0131z, ya da biz yapaca\u011f\u0131z. E\u011fitim konusunda Yeni\u015fehir Belediyesinin b\u00fcy\u00fck bir \u00f6zverisi var. G\u00f6reve gelmeden \u00f6nce 6 temel ilke belirlemi\u015ftik, bunlardan biri de \u2018E\u011fitim\u2019di. E\u011fitim konusunda sorumluluk almaya devam edece\u011fiz. E\u011fitimde \u00f6nemli bir kalite yaratt\u0131\u011f\u0131m\u0131za inan\u0131yorum. Yeni\u015fehir Belediyesi Akademi Ba\u015fkan\u0131 Raif \u00c7akmak\u2019a, Marmara \u00dcniversitesi \u00f6\u011fretim g\u00f6revlilerine ve ba\u011f\u0131\u015f\u00e7\u0131lar\u0131m\u0131za te\u015fekk\u00fcr ediyorum. G\u00fcrsoy Otomotiv ba\u011f\u0131\u015flar\u0131yla bug\u00fcn bu merkezimizi yap\u0131yoruz. Say\u0131n Alper G\u00fcrsoy\u2019a ve s\u00fcrecin do\u011fru y\u00fcr\u00fcmesi i\u00e7in katk\u0131 veren y\u00f6neticilerime te\u015fekk\u00fcr ediyorum. El birli\u011fiyle \u00e7ocuklar\u0131m\u0131za hizmet vermek i\u00e7in seferberiz.  E\u011fitim alan\u0131nda yaratt\u0131\u011f\u0131m\u0131z bu altyap\u0131n\u0131n \u00e7ok \u00f6nemli oldu\u011funu ve \u00fclkemize \u00f6rnek te\u015fkil edece\u011fini biliyorum.\u201ddiye konu\u015ftu.<br \/>\nMarmara \u00dcniversitesi Okul \u00d6ncesi B\u00f6l\u00fcm\u00fc dan\u0131\u015fmanl\u0131\u011f\u0131nda e\u011fitim veren BETEM\u2019de kurulan fen ve do\u011fa bilim, hayal ve tasar\u0131m, oyun ve hareket, algoritmik d\u00fc\u015f\u00fcnme ve kodlama, matematik, sanat ve estetik, orff ritim ve m\u00fczik, felsefe, yarat\u0131c\u0131 drama, yabanc\u0131 dil ve bilgi okuryazarl\u0131\u011f\u0131 at\u00f6lyeleriyle \u00e7ocuklara destek veriliyor.<\/p>\n","protected":false},"excerpt":{"rendered":"<p>Mersin Yeni\u015fehir Belediyesi taraf\u0131ndan Erken \u00c7ocukluk Geli\u015fimi Projesi; Yeni\u015fehir Modeli kapsam\u0131nda yap\u0131lan Mehmet Sad\u0131k G\u00fcrsoy Beceri Temelli E\u011fitim Merkezi(BETEM)\u2019nin in\u015faat \u00e7al\u0131\u015fmalar\u0131 devam ediyor. \u0130n\u015faat alan\u0131nda incelemelerde bulunan Yeni\u015fehir Belediye Ba\u015fkan\u0131 &hellip; <a href=\"https:\/\/akdenizolaygazetesi.com\/?p=24814\" class=\"more-link\">Devam\u0131n\u0131 Oku&#8230;<\/a><\/p>\n","protected":false},"author":2,"featured_media":24815,"comment_status":"open","ping_status":"open","sticky":false,"template":"","format":"standard","meta":[],"categories":[2,3,5],"tags":[],"_links":{"self":[{"href":"https:\/\/akdenizolaygazetesi.com\/index.php?rest_route=\/wp\/v2\/posts\/24814"}],"collection":[{"href":"https:\/\/akdenizolaygazetesi.com\/index.php?rest_route=\/wp\/v2\/posts"}],"about":[{"href":"https:\/\/akdenizolaygazetesi.com\/index.php?rest_route=\/wp\/v2\/types\/post"}],"author":[{"embeddable":true,"href":"https:\/\/akdenizolaygazetesi.com\/index.php?rest_route=\/wp\/v2\/users\/2"}],"replies":[{"embeddable":true,"href":"https:\/\/akdenizolaygazetesi.com\/index.php?rest_route=%2Fwp%2Fv2%2Fcomments&post=24814"}],"version-history":[{"count":1,"href":"https:\/\/akdenizolaygazetesi.com\/index.php?rest_route=\/wp\/v2\/posts\/24814\/revisions"}],"predecessor-version":[{"id":24816,"href":"https:\/\/akdenizolaygazetesi.com\/index.php?rest_route=\/wp\/v2\/posts\/24814\/revisions\/24816"}],"wp:featuredmedia":[{"embeddable":true,"href":"https:\/\/akdenizolaygazetesi.com\/index.php?rest_route=\/wp\/v2\/media\/24815"}],"wp:attachment":[{"href":"https:\/\/akdenizolaygazetesi.com\/index.php?rest_route=%2Fwp%2Fv2%2Fmedia&parent=24814"}],"wp:term":[{"taxonomy":"category","embeddable":true,"href":"https:\/\/akdenizolaygazetesi.com\/index.php?rest_route=%2Fwp%2Fv2%2Fcategories&post=24814"},{"taxonomy":"post_tag","embeddable":true,"href":"https:\/\/akdenizolaygazetesi.com\/index.php?rest_route=%2Fwp%2Fv2%2Ftags&post=24814"}],"curies":[{"name":"wp","href":"https:\/\/api.w.org\/{rel}","templated":true}]}}