{"id":24817,"date":"2023-03-22T13:51:15","date_gmt":"2023-03-22T10:51:15","guid":{"rendered":"http:\/\/akdenizolaygazetesi.com\/?p=24817"},"modified":"2023-03-22T13:51:15","modified_gmt":"2023-03-22T10:51:15","slug":"akdenizde-camiler-ramazan-ayina-hazir","status":"publish","type":"post","link":"https:\/\/akdenizolaygazetesi.com\/?p=24817","title":{"rendered":"\u201cAKDEN\u0130Z\u2019DE CAM\u0130LER RAMAZAN AYINA HAZIR\u201d"},"content":{"rendered":"<p>Akdeniz Belediyesi, m\u00fcbarek Ramazan ay\u0131 dolay\u0131s\u0131yla il\u00e7e genelinde bulunan t\u00fcm camileri ibadete haz\u0131r hale getirdi. Ba\u015fkan G\u00fcltak da yapt\u0131\u011f\u0131 a\u00e7\u0131klamada, \u0130slam \u00c2lemi\u2019nin m\u00fcbarek Ramazan ay\u0131n\u0131 tebrik etti.<br \/>\nAkdeniz Belediyesi, Ramazan ay\u0131nda il\u00e7e sakini vatanda\u015flar\u0131n daha temiz, nezih ve her y\u00f6n\u00fcyle daha sa\u011fl\u0131kl\u0131 ortamda teravih namazlar\u0131n\u0131 ifa edebilmeleri i\u00e7in il\u00e7e genelinde bulunan camilerde hal\u0131 y\u0131kama ve dezenfekte \u00e7al\u0131\u015fmalar\u0131n\u0131 s\u00fcrd\u00fcr\u00fcyor. Park ve Bah\u00e7eler M\u00fcd\u00fcrl\u00fc\u011f\u00fc\u2019ne ba\u011fl\u0131 olarak hizmet veren \u2018Mobil \u0130badethane Temizlik Ekibi\u2019, haz\u0131rlad\u0131\u011f\u0131 planlama kapsam\u0131nda il\u00e7e genelindeki 114 camide temizlik, hijyen ve bak\u0131m hizmeti ger\u00e7ekle\u015ftiriyor. \u00d6zel olarak haz\u0131rlanm\u0131\u015f ara\u00e7 yard\u0131m\u0131yla hizmet veren ekipler, camilerde bulunan t\u00fcm hal\u0131lar\u0131 ila\u00e7l\u0131 su ile y\u0131kay\u0131p kurutuyor, ayr\u0131ca ila\u00e7l\u0131 su ile de dezenfekte \u00e7al\u0131\u015fmas\u0131 yap\u0131yor.<br \/>\nHizmet kesintisiz devam edecek<br \/>\nCamilerde ger\u00e7ekle\u015fen hizmete tan\u0131k olan vatanda\u015flar, Akdeniz Belediye Ba\u015fkan\u0131 Mustafa G\u00fcltak ve hizmeti veren ekiplere te\u015fekk\u00fcr etti. Ramazan ay\u0131 boyunca halk sa\u011fl\u0131\u011f\u0131n\u0131n korunmas\u0131 noktas\u0131nda kesintisiz hizmet verecek olan mobil dezenfekte ekibinin, il\u00e7e s\u0131n\u0131rlar\u0131 i\u00e7erisinde yer alan cami, mescit ve Kur\u2019an kurslar\u0131nda, temizlik, hal\u0131 y\u0131kama ile birlikte hijyen \u00e7al\u0131\u015fmalar\u0131 kesintisiz bir \u015fekilde devam edecek.<br \/>\n\u201cRamazan; zor ve ac\u0131l\u0131 g\u00fcnlerden kurtulu\u015fun m\u00fcjdecisi olsun\u201d<br \/>\nAkdeniz Belediye Ba\u015fkan\u0131 Mustafa G\u00fcltak da yaz\u0131l\u0131 a\u00e7\u0131klamas\u0131nda, \u0130slam Alemi\u2019nin Ramazan ay\u0131n\u0131 tebrik etti; huzur, sa\u011fl\u0131k, bar\u0131\u015f ve karde\u015flik diledi. Mesaj\u0131nda; \u201cM\u00fcbarek bir Ramazan ay\u0131na daha kavu\u015fman\u0131n huzur ve mutlulu\u011funu hep birlikte ya\u015f\u0131yoruz\u201d diyen Ba\u015fkan G\u00fcltak, \u201cRamazan ay\u0131; bar\u0131\u015f, karde\u015flik ve payla\u015fma ay\u0131d\u0131r.<br \/>\nRamazan; sevgi ve birbirini affetme ay\u0131d\u0131r. On bir ay\u0131n Sultan\u0131 m\u00fcbarek Ramazan ay\u0131n\u0131n, \u00fclke ve millet olarak i\u00e7inden ge\u00e7ti\u011fimiz bu zor ve ac\u0131l\u0131 g\u00fcnlerden kurtulu\u015fun m\u00fcjdecisi olmas\u0131n\u0131 diliyorum. Herkese sa\u011fl\u0131k ve esenlikler diliyor; oru\u00e7lar\u0131n\u0131z\u0131, sa\u011fl\u0131k ve s\u0131hhat i\u00e7inde tutman\u0131z\u0131 temenni ediyorum. \u0130badetlerin ve dualar\u0131n daha \u00e7ok anlam kazand\u0131\u011f\u0131 Ramazan g\u00fcnlerinin, ba\u015fta \u0130slam d\u00fcnyas\u0131 olmak \u00fczere t\u00fcm insanl\u0131\u011fa hay\u0131r, iyilik ve g\u00fczellik getirmesi en b\u00fcy\u00fck dile\u011fim. Ramazan ay\u0131m\u0131z t\u00fcm \u0130slam \u00c2lemi\u2019ne m\u00fcbarek olsun\u201d ifadelerini kulland\u0131.<\/p>\n","protected":false},"excerpt":{"rendered":"<p>Akdeniz Belediyesi, m\u00fcbarek Ramazan ay\u0131 dolay\u0131s\u0131yla il\u00e7e genelinde bulunan t\u00fcm camileri ibadete haz\u0131r hale getirdi. Ba\u015fkan G\u00fcltak da yapt\u0131\u011f\u0131 a\u00e7\u0131klamada, \u0130slam \u00c2lemi\u2019nin m\u00fcbarek Ramazan ay\u0131n\u0131 tebrik etti. Akdeniz Belediyesi, Ramazan &hellip; <a href=\"https:\/\/akdenizolaygazetesi.com\/?p=24817\" class=\"more-link\">Devam\u0131n\u0131 Oku&#8230;<\/a><\/p>\n","protected":false},"author":2,"featured_media":24818,"comment_status":"open","ping_status":"open","sticky":false,"template":"","format":"standard","meta":[],"categories":[3],"tags":[],"_links":{"self":[{"href":"https:\/\/akdenizolaygazetesi.com\/index.php?rest_route=\/wp\/v2\/posts\/24817"}],"collection":[{"href":"https:\/\/akdenizolaygazetesi.com\/index.php?rest_route=\/wp\/v2\/posts"}],"about":[{"href":"https:\/\/akdenizolaygazetesi.com\/index.php?rest_route=\/wp\/v2\/types\/post"}],"author":[{"embeddable":true,"href":"https:\/\/akdenizolaygazetesi.com\/index.php?rest_route=\/wp\/v2\/users\/2"}],"replies":[{"embeddable":true,"href":"https:\/\/akdenizolaygazetesi.com\/index.php?rest_route=%2Fwp%2Fv2%2Fcomments&post=24817"}],"version-history":[{"count":1,"href":"https:\/\/akdenizolaygazetesi.com\/index.php?rest_route=\/wp\/v2\/posts\/24817\/revisions"}],"predecessor-version":[{"id":24819,"href":"https:\/\/akdenizolaygazetesi.com\/index.php?rest_route=\/wp\/v2\/posts\/24817\/revisions\/24819"}],"wp:featuredmedia":[{"embeddable":true,"href":"https:\/\/akdenizolaygazetesi.com\/index.php?rest_route=\/wp\/v2\/media\/24818"}],"wp:attachment":[{"href":"https:\/\/akdenizolaygazetesi.com\/index.php?rest_route=%2Fwp%2Fv2%2Fmedia&parent=24817"}],"wp:term":[{"taxonomy":"category","embeddable":true,"href":"https:\/\/akdenizolaygazetesi.com\/index.php?rest_route=%2Fwp%2Fv2%2Fcategories&post=24817"},{"taxonomy":"post_tag","embeddable":true,"href":"https:\/\/akdenizolaygazetesi.com\/index.php?rest_route=%2Fwp%2Fv2%2Ftags&post=24817"}],"curies":[{"name":"wp","href":"https:\/\/api.w.org\/{rel}","templated":true}]}}