{"id":24821,"date":"2023-03-22T16:59:51","date_gmt":"2023-03-22T13:59:51","guid":{"rendered":"http:\/\/akdenizolaygazetesi.com\/?p=24821"},"modified":"2023-03-22T16:59:51","modified_gmt":"2023-03-22T13:59:51","slug":"iftar-sofralari-kurulacak-panayirlar-duzenlenecek-2","status":"publish","type":"post","link":"https:\/\/akdenizolaygazetesi.com\/?p=24821","title":{"rendered":"&#8220;\u0130FTAR SOFRALARI KURULACAK, PANAYIRLAR D\u00dcZENLENECEK&#8221;"},"content":{"rendered":"<p>Toroslar Belediyesi, on bir ay\u0131n sultan\u0131 Ramazan ay\u0131n\u0131n manevi atmosferini d\u00fczenleyece\u011fi iftar yeme\u011fi ve Ramazan panay\u0131r\u0131 ile yeniden ya\u015fat\u0131yor.<\/p>\n<p>Toroslar Belediye Ba\u015fkan\u0131 Ats\u0131z Af\u015f\u0131n Y\u0131lmaz, Ramazan ay\u0131 s\u00fcresince her g\u00fcn bir mahallede vatanda\u015flarla bir araya gelecek.<\/p>\n<p>Mersin Toroslar&#8217;da Ramazan ay\u0131nda, eski Ramazanlar yeniden hayat buluyor.<\/p>\n<p>Toroslar&#8217;da mahalle iftarlar\u0131nda binlerce ki\u015fi ayn\u0131 sofrada bulu\u015facak. Ramazan&#8217;\u0131n vazge\u00e7ilmezleri olan tasavvuf m\u00fczi\u011fi, Hacivat-Karag\u00f6z, \u0130bi\u015f, sihirbaz ve \u00e7ocuklar i\u00e7in maskotlar\u0131n yer alaca\u011f\u0131 Ramazan Panayar\u0131 ile iftar \u00f6ncesi ve sonras\u0131nda muhte\u015fem bir etkinli\u011fe imza at\u0131lacak.<\/p>\n<p>Birli\u011fin, beraberli\u011fin ve ho\u015fg\u00f6r\u00fcn\u00fcn sembol\u00fc haline gelen Toroslar Belediyesinin geleneksel iftar programlar\u0131n\u0131n ilki Zeki Ayan Mahallesi&#8217;nde bulunan Ak\u015femsettin Anadolu \u0130mam Hatip Lisesi&#8217;nin bah\u00e7esinde yap\u0131lacak.<\/p>\n<p>BA\u015eKAN YILMAZ; &#8220;RAMAZAN DEMEK, B\u0130RL\u0130K, BERABERL\u0130K, DAYANI\u015eMA VE PAYLA\u015eMA DEMEKT\u0130R&#8221;<\/p>\n<p>Toroslar Belediye Ba\u015fkan\u0131 Ats\u0131z Af\u015f\u0131n Y\u0131lmaz, t\u00fcm \u0130slam Alemi&#8217;nin M\u00fcbarek Ramazan Ay\u0131n\u0131 tebrik ederek, hay\u0131rlar getirmesini diledi.<\/p>\n<p>Ba\u015fkan Y\u0131lmaz; sevgi, ho\u015fg\u00f6r\u00fc, yard\u0131mla\u015fma ve dayan\u0131\u015fma duygular\u0131n\u0131n yo\u011fun bir \u015fekilde ya\u015fand\u0131\u011f\u0131 Ramazan Ay\u0131&#8217;na kavu\u015fman\u0131n mutlulu\u011funu ya\u015fad\u0131klar\u0131n\u0131 belirterek, unutulmaya y\u00fcz tutmu\u015f Ramazan e\u011flenceleri ile \u00f6zellikle \u00e7ocuklar\u0131n haf\u0131zalar\u0131nda g\u00fczel hat\u0131ralar b\u0131rakmak istediklerini s\u00f6yledi.<\/p>\n<p>T\u00fcm vatanda\u015flar\u0131 g\u00f6n\u00fcl sofralar\u0131na davet eden Ba\u015fkan Y\u0131lmaz; &#8220;Ramazan ay\u0131, toplumsal dayan\u0131\u015fma, payla\u015fma, birlik ve beraberlik ay\u0131d\u0131r. Bu ay\u0131n manevi atmosferini, her g\u00fcn farkl\u0131 bir mahallemizde d\u00fczenleyece\u011fimiz iftar sofras\u0131 ve Ramazan Panay\u0131r\u0131m\u0131z ile en yo\u011fun bir \u015fekilde hissedece\u011fiz. \u0130\u00e7erisinde bin aydan daha hay\u0131rl\u0131 Kadir Gecesini bar\u0131nd\u0131ran Ramazan ay\u0131n\u0131n milletimize, \u0130slam alemine ve b\u00fct\u00fcn insanl\u0131\u011fa ba\u015fta sa\u011fl\u0131k, huzur ve bar\u0131\u015f getirmesini diliyorum. Sofralar\u0131m\u0131zdan bolluk ve bereket, g\u00f6n\u00fcllerimizden huzur ve ho\u015fg\u00f6r\u00fc eksik olmas\u0131n&#8221; diye konu\u015ftu.<\/p>\n","protected":false},"excerpt":{"rendered":"<p>Toroslar Belediyesi, on bir ay\u0131n sultan\u0131 Ramazan ay\u0131n\u0131n manevi atmosferini d\u00fczenleyece\u011fi iftar yeme\u011fi ve Ramazan panay\u0131r\u0131 ile yeniden ya\u015fat\u0131yor. Toroslar Belediye Ba\u015fkan\u0131 Ats\u0131z Af\u015f\u0131n Y\u0131lmaz, Ramazan ay\u0131 s\u00fcresince her g\u00fcn &hellip; <a href=\"https:\/\/akdenizolaygazetesi.com\/?p=24821\" class=\"more-link\">Devam\u0131n\u0131 Oku&#8230;<\/a><\/p>\n","protected":false},"author":2,"featured_media":24822,"comment_status":"open","ping_status":"open","sticky":false,"template":"","format":"standard","meta":[],"categories":[2,3],"tags":[],"_links":{"self":[{"href":"https:\/\/akdenizolaygazetesi.com\/index.php?rest_route=\/wp\/v2\/posts\/24821"}],"collection":[{"href":"https:\/\/akdenizolaygazetesi.com\/index.php?rest_route=\/wp\/v2\/posts"}],"about":[{"href":"https:\/\/akdenizolaygazetesi.com\/index.php?rest_route=\/wp\/v2\/types\/post"}],"author":[{"embeddable":true,"href":"https:\/\/akdenizolaygazetesi.com\/index.php?rest_route=\/wp\/v2\/users\/2"}],"replies":[{"embeddable":true,"href":"https:\/\/akdenizolaygazetesi.com\/index.php?rest_route=%2Fwp%2Fv2%2Fcomments&post=24821"}],"version-history":[{"count":1,"href":"https:\/\/akdenizolaygazetesi.com\/index.php?rest_route=\/wp\/v2\/posts\/24821\/revisions"}],"predecessor-version":[{"id":24823,"href":"https:\/\/akdenizolaygazetesi.com\/index.php?rest_route=\/wp\/v2\/posts\/24821\/revisions\/24823"}],"wp:featuredmedia":[{"embeddable":true,"href":"https:\/\/akdenizolaygazetesi.com\/index.php?rest_route=\/wp\/v2\/media\/24822"}],"wp:attachment":[{"href":"https:\/\/akdenizolaygazetesi.com\/index.php?rest_route=%2Fwp%2Fv2%2Fmedia&parent=24821"}],"wp:term":[{"taxonomy":"category","embeddable":true,"href":"https:\/\/akdenizolaygazetesi.com\/index.php?rest_route=%2Fwp%2Fv2%2Fcategories&post=24821"},{"taxonomy":"post_tag","embeddable":true,"href":"https:\/\/akdenizolaygazetesi.com\/index.php?rest_route=%2Fwp%2Fv2%2Ftags&post=24821"}],"curies":[{"name":"wp","href":"https:\/\/api.w.org\/{rel}","templated":true}]}}