{"id":24824,"date":"2023-03-23T13:18:56","date_gmt":"2023-03-23T10:18:56","guid":{"rendered":"http:\/\/akdenizolaygazetesi.com\/?p=24824"},"modified":"2023-03-23T13:18:56","modified_gmt":"2023-03-23T10:18:56","slug":"kentlerde-yoksulluk-artacak","status":"publish","type":"post","link":"https:\/\/akdenizolaygazetesi.com\/?p=24824","title":{"rendered":"&#8220;KENTLERDE YOKSULLUK ARTACAK&#8221;"},"content":{"rendered":"<p>Deprem b\u00f6lgesindeki 11 \u015fehirden 3 milyonun \u00fczerinde insan g\u00f6\u00e7 etti. Ba\u015fta Hatay olmak \u00fczere Ad\u0131yaman ve Kahramanmara\u015f illeriyle birlikte depremin ya\u015fand\u0131\u011f\u0131 illerde ya\u015fanan g\u00f6\u00e7ler sonras\u0131 durumu, CHP Meclise ta\u015f\u0131d\u0131.<\/p>\n<p>CHP Mersin Milletvekili Alpay Antmen, T\u00fcrkiye&#8217;de ya\u015fanabilecek demografik de\u011fi\u015fimin ara\u015ft\u0131r\u0131lmas\u0131 ve konuyla ilgili olarak g\u00fcvenlik, sosyal ve toplumsal \u00f6nlemlerin al\u0131nabilmesi amac\u0131yla bir ara\u015ft\u0131rma komisyonu kurulmas\u0131 i\u00e7in \u00f6nerge verdi.<\/p>\n<p>Ya\u015fanan deprem felaketlerinden sonra ba\u015fta Hatay, Kahramanmara\u015f, Ad\u0131yaman olmak \u00fczere; depremin en yo\u011fun hissedildi\u011fi b\u00f6lgelerden Mersin, Ankara, Antalya ve bat\u0131 illerine yo\u011fun olarak g\u00f6\u00e7 dalgalar\u0131 ba\u015flad\u0131\u011f\u0131n\u0131 belirten CHP&#8217;li Vekil \u00f6nergesinde &#8220;Mersin&#8217;de bar\u0131nmay\u0131 se\u00e7en depremzedelerimizin say\u0131s\u0131n\u0131n yap\u0131lan kay\u0131tlar ve su t\u00fcketim art\u0131\u015f\u0131 hesaplamalar\u0131yla 500 bin depremzede vatanda\u015f\u0131m\u0131z oldu\u011fu tahmin edilmektedir. Bu say\u0131 her ge\u00e7en g\u00fcn daha da artmaktad\u0131r. Ankara&#8217;da yo\u011fun olarak g\u00f6\u00e7 al\u0131yor&#8221; dedi.<\/p>\n<p>KENTLERDE YOKSULLUK ARTACAK<\/p>\n<p>Depremden etkilenen illerde 13,4 milyon T\u00fcrk vatanda\u015f\u0131n\u0131n yan\u0131 s\u0131ra, 1.7 milyon da yabanc\u0131 uyruklu ki\u015finin ya\u015famakta oldu\u011funu ifade eden Alpay Antmen &#8220;Birle\u015fmi\u015f Milletlere (BM) ba\u011fl\u0131 Uluslararas\u0131 G\u00f6\u00e7 \u00d6rg\u00fct\u00fc&#8217;ne (IOM) g\u00f6re m\u00fclteciler dahil g\u00f6\u00e7 eden insan say\u0131s\u0131 3 milyonu a\u015ft\u0131. Deprem sonras\u0131 ya\u015fanan bu g\u00f6\u00e7 dalgalar\u0131; \u00f6zellikle kalk\u0131nma s\u0131ralamas\u0131nda geride kalan Ad\u0131yaman, Malatya, Kahramanmara\u015f gibi illerin n\u00fcfusunun kal\u0131c\u0131 olarak azalmas\u0131na ve bu kentlerin daha da yoksulla\u015fmas\u0131na neden olacakt\u0131r. E\u015fitsiz hale gelecek demografik da\u011f\u0131l\u0131m\u0131n uzun vadede T\u00fcrkiye kentleri ve toplum \u00fczerindeki etkileri \u00e7ok b\u00fcy\u00fck sorunlara yol a\u00e7abilecektir&#8221; ifadelerini kulland\u0131.<\/p>\n<p>T\u00dcRK\u0130YE&#8217;Y\u0130 G\u00dcVENL\u0130K PROBLEMLER\u0130 BEKL\u0130YOR<\/p>\n<p>Alpay Antmen \u00f6nergesinde &#8220;Hatay ba\u015fta olmak \u00fczere; s\u0131n\u0131r b\u00f6lgesinde yer alan illerde ya\u015fanan g\u00f6\u00e7 ve ard\u0131ndan s\u0131\u011f\u0131nmac\u0131 ve m\u00fcltecilerin ilgili b\u00f6lgelere yerle\u015fmeleri; uzun vadede T\u00fcrkiye&#8217;nin sosyal, k\u00fclt\u00fcrel ve siyasal yap\u0131s\u0131na olumsuz etki edebilece\u011fi gibi, g\u00fcvenlik riskleri de olu\u015fturabilir. Kahramanmara\u015f merkezli b\u00fcy\u00fck depremler sonras\u0131 ba\u015fta felaketin do\u011frudan etkiledi\u011fi on bir ilde olmak \u00fczere; T\u00fcrkiye&#8217;de ya\u015fanabilecek demografik de\u011fi\u015fimin ara\u015ft\u0131r\u0131lmas\u0131 ve konuyla ilgili olarak g\u00fcvenlik, sosyal ve toplumsal \u00f6nlemlerin al\u0131nabilmesi amac\u0131yla bir ara\u015ft\u0131rma komisyonu kurulmas\u0131 gereklidir&#8221; dedi.<\/p>\n","protected":false},"excerpt":{"rendered":"<p>Deprem b\u00f6lgesindeki 11 \u015fehirden 3 milyonun \u00fczerinde insan g\u00f6\u00e7 etti. Ba\u015fta Hatay olmak \u00fczere Ad\u0131yaman ve Kahramanmara\u015f illeriyle birlikte depremin ya\u015fand\u0131\u011f\u0131 illerde ya\u015fanan g\u00f6\u00e7ler sonras\u0131 durumu, CHP Meclise ta\u015f\u0131d\u0131. CHP &hellip; <a href=\"https:\/\/akdenizolaygazetesi.com\/?p=24824\" class=\"more-link\">Devam\u0131n\u0131 Oku&#8230;<\/a><\/p>\n","protected":false},"author":2,"featured_media":24661,"comment_status":"open","ping_status":"open","sticky":false,"template":"","format":"standard","meta":[],"categories":[3,5,6],"tags":[],"_links":{"self":[{"href":"https:\/\/akdenizolaygazetesi.com\/index.php?rest_route=\/wp\/v2\/posts\/24824"}],"collection":[{"href":"https:\/\/akdenizolaygazetesi.com\/index.php?rest_route=\/wp\/v2\/posts"}],"about":[{"href":"https:\/\/akdenizolaygazetesi.com\/index.php?rest_route=\/wp\/v2\/types\/post"}],"author":[{"embeddable":true,"href":"https:\/\/akdenizolaygazetesi.com\/index.php?rest_route=\/wp\/v2\/users\/2"}],"replies":[{"embeddable":true,"href":"https:\/\/akdenizolaygazetesi.com\/index.php?rest_route=%2Fwp%2Fv2%2Fcomments&post=24824"}],"version-history":[{"count":1,"href":"https:\/\/akdenizolaygazetesi.com\/index.php?rest_route=\/wp\/v2\/posts\/24824\/revisions"}],"predecessor-version":[{"id":24825,"href":"https:\/\/akdenizolaygazetesi.com\/index.php?rest_route=\/wp\/v2\/posts\/24824\/revisions\/24825"}],"wp:featuredmedia":[{"embeddable":true,"href":"https:\/\/akdenizolaygazetesi.com\/index.php?rest_route=\/wp\/v2\/media\/24661"}],"wp:attachment":[{"href":"https:\/\/akdenizolaygazetesi.com\/index.php?rest_route=%2Fwp%2Fv2%2Fmedia&parent=24824"}],"wp:term":[{"taxonomy":"category","embeddable":true,"href":"https:\/\/akdenizolaygazetesi.com\/index.php?rest_route=%2Fwp%2Fv2%2Fcategories&post=24824"},{"taxonomy":"post_tag","embeddable":true,"href":"https:\/\/akdenizolaygazetesi.com\/index.php?rest_route=%2Fwp%2Fv2%2Ftags&post=24824"}],"curies":[{"name":"wp","href":"https:\/\/api.w.org\/{rel}","templated":true}]}}