{"id":24826,"date":"2023-03-23T13:21:13","date_gmt":"2023-03-23T10:21:13","guid":{"rendered":"http:\/\/akdenizolaygazetesi.com\/?p=24826"},"modified":"2023-03-23T13:21:13","modified_gmt":"2023-03-23T10:21:13","slug":"tarsusta-orman-haftasi","status":"publish","type":"post","link":"https:\/\/akdenizolaygazetesi.com\/?p=24826","title":{"rendered":"Tarsus\u2019ta Orman Haftas\u0131"},"content":{"rendered":"<p>Mersin Orman B\u00f6lge M\u00fcd\u00fcrl\u00fc\u011f\u00fc, Tarsus Orman \u0130\u015fletme M\u00fcd\u00fcrl\u00fc\u011f\u00fc olarak, 21 Mart D\u00fcnya Ormanc\u0131l\u0131k G\u00fcn\u00fc ve Haftas\u0131 olan bug\u00fcn\u00fc Cumhuriyetimizin 100. y\u0131l\u0131nda t\u00fcm \u015fehitlerimiz, gazilerimiz ve depremde vefat eden vatanda\u015flar\u0131m\u0131z an\u0131s\u0131na, \u015fehit ailelerimiz, depremzede misafirlerimiz ve de\u011ferli kat\u0131l\u0131mc\u0131larla \u2018\u015eehitler Orman\u0131\u2019 a\u011fa\u00e7land\u0131rmas\u0131 yaparak anlamland\u0131rd\u0131k.<\/p>\n<p>Mersin\u2019de Orman Haftas\u0131<\/p>\n<p>21 Mart D\u00fcnya Ormanc\u0131l\u0131k G\u00fcn\u00fc ve Haftas\u0131 kapsam\u0131nda, Mersin Orman B\u00f6lge M\u00fcd\u00fcrl\u00fc\u011f\u00fc, Mersin Orman \u0130\u015fletme M\u00fcd\u00fcrl\u00fc\u011f\u00fc olarak, Mersin \u00dcniversitesi Kamp\u00fcs\u00fcnde depremzede \u00e7ocuklar ve Anas\u0131n\u0131f\u0131 \u00d6\u011fretmenli\u011fi B\u00f6l\u00fcm Ba\u015fkanl\u0131\u011f\u0131 ile birlikte 100 adet fidan dikimi yap\u0131ld\u0131 ve fidan da\u011f\u0131t\u0131m\u0131 ger\u00e7ekle\u015ftirildi.<\/p>\n","protected":false},"excerpt":{"rendered":"<p>Mersin Orman B\u00f6lge M\u00fcd\u00fcrl\u00fc\u011f\u00fc, Tarsus Orman \u0130\u015fletme M\u00fcd\u00fcrl\u00fc\u011f\u00fc olarak, 21 Mart D\u00fcnya Ormanc\u0131l\u0131k G\u00fcn\u00fc ve Haftas\u0131 olan bug\u00fcn\u00fc Cumhuriyetimizin 100. y\u0131l\u0131nda t\u00fcm \u015fehitlerimiz, gazilerimiz ve depremde vefat eden vatanda\u015flar\u0131m\u0131z an\u0131s\u0131na, &hellip; <a href=\"https:\/\/akdenizolaygazetesi.com\/?p=24826\" class=\"more-link\">Devam\u0131n\u0131 Oku&#8230;<\/a><\/p>\n","protected":false},"author":2,"featured_media":24827,"comment_status":"open","ping_status":"open","sticky":false,"template":"","format":"standard","meta":[],"categories":[3,5],"tags":[],"_links":{"self":[{"href":"https:\/\/akdenizolaygazetesi.com\/index.php?rest_route=\/wp\/v2\/posts\/24826"}],"collection":[{"href":"https:\/\/akdenizolaygazetesi.com\/index.php?rest_route=\/wp\/v2\/posts"}],"about":[{"href":"https:\/\/akdenizolaygazetesi.com\/index.php?rest_route=\/wp\/v2\/types\/post"}],"author":[{"embeddable":true,"href":"https:\/\/akdenizolaygazetesi.com\/index.php?rest_route=\/wp\/v2\/users\/2"}],"replies":[{"embeddable":true,"href":"https:\/\/akdenizolaygazetesi.com\/index.php?rest_route=%2Fwp%2Fv2%2Fcomments&post=24826"}],"version-history":[{"count":1,"href":"https:\/\/akdenizolaygazetesi.com\/index.php?rest_route=\/wp\/v2\/posts\/24826\/revisions"}],"predecessor-version":[{"id":24828,"href":"https:\/\/akdenizolaygazetesi.com\/index.php?rest_route=\/wp\/v2\/posts\/24826\/revisions\/24828"}],"wp:featuredmedia":[{"embeddable":true,"href":"https:\/\/akdenizolaygazetesi.com\/index.php?rest_route=\/wp\/v2\/media\/24827"}],"wp:attachment":[{"href":"https:\/\/akdenizolaygazetesi.com\/index.php?rest_route=%2Fwp%2Fv2%2Fmedia&parent=24826"}],"wp:term":[{"taxonomy":"category","embeddable":true,"href":"https:\/\/akdenizolaygazetesi.com\/index.php?rest_route=%2Fwp%2Fv2%2Fcategories&post=24826"},{"taxonomy":"post_tag","embeddable":true,"href":"https:\/\/akdenizolaygazetesi.com\/index.php?rest_route=%2Fwp%2Fv2%2Ftags&post=24826"}],"curies":[{"name":"wp","href":"https:\/\/api.w.org\/{rel}","templated":true}]}}