{"id":24829,"date":"2023-03-23T13:22:38","date_gmt":"2023-03-23T10:22:38","guid":{"rendered":"http:\/\/akdenizolaygazetesi.com\/?p=24829"},"modified":"2023-03-23T13:22:38","modified_gmt":"2023-03-23T10:22:38","slug":"hal-mercekin-ilk-kursu-toplu-tasima-suruculerine-egitim-tamamlandi","status":"publish","type":"post","link":"https:\/\/akdenizolaygazetesi.com\/?p=24829","title":{"rendered":"HAL MERCEK&#8217;\u0130N \u0130LK KURSU &#8216;TOPLU TA\u015eIMA S\u00dcR\u00dcC\u00dcLER\u0130NE E\u011e\u0130T\u0130M&#8217; TAMAMLANDI"},"content":{"rendered":"<p>Mersin B\u00fcy\u00fck\u015fehir Belediyesi Hal Sosyal Ya\u015fam Merkezi&#8217;nde bulunan MERCEK&#8217;in ilk kursu olan &#8216;Toplu Ta\u015f\u0131ma S\u00fcr\u00fcc\u00fclerine E\u011fitim&#8217; kursu tamamland\u0131. Akdeniz Karacao\u011flan Halk E\u011fitimi Merkezi i\u015fbirli\u011finde ger\u00e7ekle\u015ftirilen kurs, \u0130\u015f Sa\u011fl\u0131\u011f\u0131 ve G\u00fcvenli\u011fi E\u011fitimi ile sona erdi. Kursun sonunda s\u0131nava tabi tutulan kursiyerlerden ba\u015far\u0131l\u0131 olanlar, hem Halk E\u011fitim Merkezi Sertifikas\u0131 hem de MERCEK E\u011fitim Bitirme Belgesi ald\u0131.<br \/>\nTeorik ve uygulamal\u0131 olarak verilen e\u011fitimler 2 ay s\u00fcrd\u00fc<br \/>\nB\u00fcy\u00fck\u015fehir Belediyesi&#8217;nin toplu ta\u015f\u0131ma \u015fof\u00f6rlerinin yan\u0131 s\u0131ra, toplu ta\u015f\u0131ma arac\u0131 kullanmak isteyen vatanda\u015flar\u0131n kat\u0131ld\u0131\u011f\u0131 kursta, teorik ve pratik olmak \u00fczere 2 a\u015famal\u0131 e\u011fitim verildi. 2 ay s\u00fcren kursta teorik dersler Akdeniz Karacao\u011flan Halk E\u011fitim Merkezi hocalar\u0131, uygulamal\u0131 e\u011fitimler de B\u00fcy\u00fck\u015fehir Belediyesi b\u00fcnyesinde g\u00f6rev yapan toplu ta\u015f\u0131ma \u015fof\u00f6rleri taraf\u0131ndan verildi.<br \/>\nKursiyerler, kursta yaln\u0131zca ara\u00e7 s\u00fcrme de\u011fil, teknik donan\u0131m bilgisi ve ileti\u015fim \u00fczerine de dersler ald\u0131. Yolcularla \u0130leti\u015fim Y\u00f6ntem ve Teknikleri, \u015eof\u00f6rl\u00fck Mesle\u011fine Giri\u015f, Trafik Kurallar\u0131 ve Nazari E\u011fitimi, \u0130lk Yard\u0131m, \u00d6fke Kontrol\u00fc, Kalite ve Vatanda\u015f Memnuniyeti, Disiplin, Oryantasyon ile \u0130\u015f Sa\u011fl\u0131\u011f\u0131 ve G\u00fcvenli\u011fi verilen e\u011fitimler aras\u0131nda yer ald\u0131. \u00dccretsiz verilen kurstan olduk\u00e7a memnun ayr\u0131lan ilk kursiyerler, hem teorik hem de uygulamal\u0131 ald\u0131klar\u0131 e\u011fitimlerle yetkin bir \u015fekilde trafi\u011fe \u00e7\u0131kabilecekler.<br \/>\nDemir: &#8220;Arkada\u015flar\u0131m\u0131z toplu ta\u015f\u0131ma otob\u00fcs \u015fof\u00f6r\u00fc olarak \u00e7al\u0131\u015fmaya haz\u0131rlar&#8221;<br \/>\nUla\u015f\u0131m Dairesi Ba\u015fkanl\u0131\u011f\u0131&#8217;na ba\u011fl\u0131 Toplu Ta\u015f\u0131ma \u015eube M\u00fcd\u00fcr\u00fc Bayram Demir, g\u00fczel bir e\u011fitim s\u00fcreci ge\u00e7irdiklerini belirterek, &#8220;Bu e\u011fitimle kursiyerlere; bir ara\u00e7 s\u00fcrmenin, sadece direksiyon tutmaktan ibaret olmad\u0131\u011f\u0131n\u0131 \u00f6\u011frettik. Bu s\u00fcre\u00e7te trafik kurallar\u0131n\u0131, i\u015f sa\u011fl\u0131\u011f\u0131 g\u00fcvenli\u011fini, hem i\u015fverenin hem de i\u015f\u00e7inin haklar\u0131n\u0131 ve onlara verilen imtiyazlar\u0131n neler oldu\u011funu \u00f6\u011freterek, bili\u015fsel ve psikomotor hareketlerinde geli\u015fmelerini sa\u011flad\u0131k&#8221; dedi.<br \/>\nE\u011fitim boyunca yap\u0131lan s\u0131navlara da de\u011finen Demir, &#8220;Ara ara s\u0131navlar yapt\u0131k. 2 ayl\u0131k s\u00fcrecin sonunda da bitirme s\u0131nav\u0131 yapt\u0131k. Bitirme s\u0131nav\u0131nda ba\u015far\u0131l\u0131 olan arkada\u015flar\u0131m\u0131z mezun oldular. Ayn\u0131 zamanda uygulama s\u0131navlar\u0131 da oldu. \u00d6rne\u011fin otob\u00fcse binen bir engelli vatanda\u015fa kar\u015f\u0131 nas\u0131l davranacaklar\u0131n\u0131 \u00f6\u011frendiler. Bunun yan\u0131 s\u0131ra kendi kulland\u0131klar\u0131 ara\u00e7lar\u0131n\u0131n teknik donan\u0131mlar\u0131n\u0131, yolda kald\u0131klar\u0131nda ar\u0131zan\u0131n ne kadar \u00e7abuk giderilebilece\u011fini ve kulland\u0131klar\u0131 par\u00e7alar\u0131n ne i\u015fe yarad\u0131\u011f\u0131n\u0131 \u00f6\u011frenmenin yan\u0131 s\u0131ra, bolca otob\u00fcs s\u00fcrerek hem trafikte bilgilerini peki\u015ftirdiler, hem de nazari konularda geli\u015ftiler. Arkada\u015flar\u0131m\u0131z, b\u00fct\u00fcn kamu kurum ve kurulu\u015flar\u0131nda art\u0131k toplu ta\u015f\u0131ma otob\u00fcs \u015fof\u00f6r\u00fc olarak \u00e7al\u0131\u015fmaya haz\u0131rlar&#8221; diye konu\u015ftu.<br \/>\nMaya: &#8220;Art\u0131k vatanda\u015flar\u0131m\u0131z daha huzurlu ve konforlu yolculuk yapabilecekler&#8221;<br \/>\nSosyal Hizmetler Daire Ba\u015fkanl\u0131\u011f\u0131&#8217;na ba\u011fl\u0131 MERCEK Meslek Edindirme Koordinat\u00f6r\u00fc G\u00fcl Kadem Maya, teknik e\u011fitimin yan\u0131 s\u0131ra, &#8220;Bu e\u011fitimlerde \u00f6fke kontrol\u00fc, ileti\u015fim y\u00f6ntem teknikleri, ilk yard\u0131m, i\u015f sa\u011fl\u0131\u011f\u0131 ve g\u00fcvenli\u011fi gibi e\u011fitimleri de s\u00fcr\u00fcc\u00fclerimize verdik. Toplu ta\u015f\u0131mada \u00e7ok fazla problemlerle kar\u015f\u0131la\u015f\u0131yoruz. Art\u0131k trafik de \u00e7ok fazla yo\u011funla\u015ft\u0131 ve insanlarda kontrols\u00fcz davran\u0131\u015flar olabiliyor. Dolay\u0131s\u0131yla bu konuda s\u00fcr\u00fcc\u00fclerimize \u00e7ok fazla i\u015f d\u00fc\u015f\u00fcyor. Stresi y\u00f6netebilmeleri \u00fczerine ya da bir sa\u011fl\u0131k problemi oldu\u011funda m\u00fcdahale edebilmeleri gerekti\u011fine y\u00f6nelik veya \u00f6zel bireylerimiz ve ailelerine destek olabilmelerine y\u00f6nelik e\u011fitimler verdik. Dolay\u0131s\u0131yla art\u0131k vatanda\u015flar\u0131m\u0131z daha huzurlu ve konforlu yolculuk yapabilecekler&#8221; ifadelerini kulland\u0131.<br \/>\nKurslar\u0131n s\u00fcrece\u011fini ifade eden Maya, &#8220;7 mezunumuz var. Sonras\u0131nda e\u011fitimlerimiz devam edecek. \u00d6n\u00fcm\u00fczdeki g\u00fcnlerde ikinci kursumuzu da a\u00e7m\u0131\u015f olaca\u011f\u0131z. Kursa kat\u0131lmak isteyenler \u00f6n ba\u015fvurular\u0131n\u0131, Mersin B\u00fcy\u00fck\u015fehir Belediyesi MERCEK Meslek Edindirme sayfas\u0131ndan yapabilirler. G\u00fcn ve saat bilgilendirmesiyle beraber kurslar\u0131m\u0131z ba\u015flayacak. Ba\u015far\u0131l\u0131 olanlara da yine e\u011fitim sertifikalar\u0131n\u0131 ve kat\u0131l\u0131m belgelerini verece\u011fiz&#8221; dedi.<br \/>\n&#8220;Bu kurs bana \u00e7ok \u015fey katt\u0131. \u00c7ok g\u00fczeldi ve \u00e7ok \u015fey \u00f6\u011frendim&#8221;<br \/>\n2 \u00e7ocuk annesi ev han\u0131m\u0131 Nurbanu Y\u0131ld\u0131z, \u015fof\u00f6r olmak i\u00e7in bu kursa ba\u015flad\u0131\u011f\u0131n\u0131 belirterek, &#8220;\u00c7ok istekliydim ve kursumuz \u00e7ok da g\u00fczel ge\u00e7ti. \u0130lk \u00f6nce ileti\u015fim derslerine ba\u015flad\u0131k. Daha sonra otob\u00fcs\u00fcn saha \u00e7al\u0131\u015fmalar\u0131na ba\u015flad\u0131k. Otob\u00fcs\u00fcn bak\u0131mlar\u0131, kullan\u0131m\u0131, teknik donan\u0131mlar\u0131 ile ilgili e\u011fitimler ald\u0131k. \u00c7ok g\u00fczeldi ve \u00e7ok \u015fey \u00f6\u011frendim. Bu kurs bana \u00e7ok \u015fey katt\u0131. Daha sonra ilk yard\u0131m ve i\u015f g\u00fcvenli\u011fi kurslar\u0131 ald\u0131k. Eme\u011fi ge\u00e7en herkese \u00e7ok te\u015fekk\u00fcr ediyorum&#8221; diye belirtti.<br \/>\n&#8220;Sadece ara\u00e7 s\u00fcrerek \u015fof\u00f6r olunmuyormu\u015f, burada \u00f6\u011frendim&#8221;<br \/>\n\u015eof\u00f6r olan Taygun Y\u00fcksek de, mesle\u011finde kendini geli\u015ftirmek istedi\u011fi i\u00e7in kursa kat\u0131ld\u0131\u011f\u0131n\u0131 ifade ederek, &#8220;Kursumuz \u00e7ok g\u00fczel ge\u00e7ti. Mesle\u011fimde kendime neler katabilirim diyordum. \u0130nsan bir arabay\u0131 s\u00fcrebiliyorsa \u015fof\u00f6rd\u00fcr, ama ben buraya geldi\u011fimde bunun b\u00f6yle olmad\u0131\u011f\u0131n\u0131 anlad\u0131m. Bize burada, kulland\u0131\u011f\u0131m\u0131z ara\u00e7larla ilgili b\u00fct\u00fcn mekanik donan\u0131m \u00f6zellikleri, herhangi olumsuz bir durumda nas\u0131l davranaca\u011f\u0131m\u0131z, en \u00f6nemlisi de vatanda\u015fa kar\u015f\u0131 nas\u0131l yakla\u015f\u0131m sergileyece\u011fimiz gibi konularda e\u011fitim verildi. B\u00f6yle bir olu\u015fuma imza att\u0131\u011f\u0131 i\u00e7in, Belediye Ba\u015fkan\u0131ma ve herkese \u00e7ok te\u015fekk\u00fcr ediyorum. Buraya geldi\u011fim i\u00e7in kendi ad\u0131ma \u00e7ok mutluyum&#8221; dedi.<\/p>\n","protected":false},"excerpt":{"rendered":"<p>Mersin B\u00fcy\u00fck\u015fehir Belediyesi Hal Sosyal Ya\u015fam Merkezi&#8217;nde bulunan MERCEK&#8217;in ilk kursu olan &#8216;Toplu Ta\u015f\u0131ma S\u00fcr\u00fcc\u00fclerine E\u011fitim&#8217; kursu tamamland\u0131. Akdeniz Karacao\u011flan Halk E\u011fitimi Merkezi i\u015fbirli\u011finde ger\u00e7ekle\u015ftirilen kurs, \u0130\u015f Sa\u011fl\u0131\u011f\u0131 ve G\u00fcvenli\u011fi &hellip; <a href=\"https:\/\/akdenizolaygazetesi.com\/?p=24829\" class=\"more-link\">Devam\u0131n\u0131 Oku&#8230;<\/a><\/p>\n","protected":false},"author":2,"featured_media":24830,"comment_status":"open","ping_status":"open","sticky":false,"template":"","format":"standard","meta":[],"categories":[2,3,6],"tags":[],"_links":{"self":[{"href":"https:\/\/akdenizolaygazetesi.com\/index.php?rest_route=\/wp\/v2\/posts\/24829"}],"collection":[{"href":"https:\/\/akdenizolaygazetesi.com\/index.php?rest_route=\/wp\/v2\/posts"}],"about":[{"href":"https:\/\/akdenizolaygazetesi.com\/index.php?rest_route=\/wp\/v2\/types\/post"}],"author":[{"embeddable":true,"href":"https:\/\/akdenizolaygazetesi.com\/index.php?rest_route=\/wp\/v2\/users\/2"}],"replies":[{"embeddable":true,"href":"https:\/\/akdenizolaygazetesi.com\/index.php?rest_route=%2Fwp%2Fv2%2Fcomments&post=24829"}],"version-history":[{"count":1,"href":"https:\/\/akdenizolaygazetesi.com\/index.php?rest_route=\/wp\/v2\/posts\/24829\/revisions"}],"predecessor-version":[{"id":24831,"href":"https:\/\/akdenizolaygazetesi.com\/index.php?rest_route=\/wp\/v2\/posts\/24829\/revisions\/24831"}],"wp:featuredmedia":[{"embeddable":true,"href":"https:\/\/akdenizolaygazetesi.com\/index.php?rest_route=\/wp\/v2\/media\/24830"}],"wp:attachment":[{"href":"https:\/\/akdenizolaygazetesi.com\/index.php?rest_route=%2Fwp%2Fv2%2Fmedia&parent=24829"}],"wp:term":[{"taxonomy":"category","embeddable":true,"href":"https:\/\/akdenizolaygazetesi.com\/index.php?rest_route=%2Fwp%2Fv2%2Fcategories&post=24829"},{"taxonomy":"post_tag","embeddable":true,"href":"https:\/\/akdenizolaygazetesi.com\/index.php?rest_route=%2Fwp%2Fv2%2Ftags&post=24829"}],"curies":[{"name":"wp","href":"https:\/\/api.w.org\/{rel}","templated":true}]}}