{"id":24835,"date":"2023-03-23T13:25:55","date_gmt":"2023-03-23T10:25:55","guid":{"rendered":"http:\/\/akdenizolaygazetesi.com\/?p=24835"},"modified":"2023-03-23T13:25:55","modified_gmt":"2023-03-23T10:25:55","slug":"gonullu-ogretmenlerimizi-afet-bolgesine-ugurlamaya-devam-ediyoruz","status":"publish","type":"post","link":"https:\/\/akdenizolaygazetesi.com\/?p=24835","title":{"rendered":"&#8216;G\u00d6N\u00dcLL\u00dc \u00d6\u011eRETMENLER\u0130M\u0130Z\u0130 AFET B\u00d6LGES\u0130NE U\u011eURLAMAYA DEVAM ED\u0130YORUZ&#8217;"},"content":{"rendered":"<p>Mersin \u0130l Milli E\u011fitim M\u00fcd\u00fcrl\u00fc\u011f\u00fc olarak ilk g\u00fcnden itibaren ya\u015fad\u0131\u011f\u0131m\u0131z elim afetin yaralar\u0131n\u0131 sarmak i\u00e7in t\u00fcm kurumlar\u0131m\u0131zla, t\u00fcm birimlerimizle, g\u00f6n\u00fcll\u00fc \u00f6\u011fretmenlerimizle devletimizle el ele \u00e7al\u0131\u015fmaya devam ediyoruz.<br \/>\nBug\u00fcn de 15 g\u00f6n\u00fcll\u00fc \u00f6\u011fretmenimizi \u00e7ad\u0131r kentlerde g\u00f6rev yapmak \u00fczere Gaziantep ili, Islahiye ve Nurda\u011f\u0131 il\u00e7elerimize u\u011furlad\u0131k.<br \/>\n\u0130l Milli E\u011fitim M\u00fcd\u00fcr\u00fcm\u00fcz Say\u0131n Adem KOCA, &#8220;Millet\u00e7e ya\u015fad\u0131\u011f\u0131m\u0131z bu ortak ac\u0131n\u0131n yaralar\u0131n\u0131 sarmak, ac\u0131m\u0131z\u0131 payla\u015farak azaltmak i\u00e7in hep birlikte, devletimizle el ele \u00e7al\u0131\u015f\u0131yoruz. Y\u00fcrekten inan\u0131yorum ki g\u00fc\u00e7l\u00fc devletimiz ve Aziz Milletimiz en k\u0131sa s\u00fcrede t\u00fcm yaralar\u0131 saracakt\u0131r. Bizler de Mersin \u0130l Milli E\u011fitim M\u00fcd\u00fcrl\u00fc\u011f\u00fc olarak her daim t\u00fcm olanaklar\u0131m\u0131z\u0131 seferber ederek \u00e7al\u0131\u015fmaya devam edece\u011fiz. Sahada her alanda g\u00f6rev alan t\u00fcm g\u00f6n\u00fcll\u00fc meslekta\u015flar\u0131ma en kalbi duygular\u0131mla te\u015fekk\u00fcr ediyorum. Allah Aziz Milletimize bir daha b\u00f6yle bir ac\u0131 ya\u015fatmas\u0131n.&#8221; dedi.<\/p>\n","protected":false},"excerpt":{"rendered":"<p>Mersin \u0130l Milli E\u011fitim M\u00fcd\u00fcrl\u00fc\u011f\u00fc olarak ilk g\u00fcnden itibaren ya\u015fad\u0131\u011f\u0131m\u0131z elim afetin yaralar\u0131n\u0131 sarmak i\u00e7in t\u00fcm kurumlar\u0131m\u0131zla, t\u00fcm birimlerimizle, g\u00f6n\u00fcll\u00fc \u00f6\u011fretmenlerimizle devletimizle el ele \u00e7al\u0131\u015fmaya devam ediyoruz. Bug\u00fcn de 15 &hellip; <a href=\"https:\/\/akdenizolaygazetesi.com\/?p=24835\" class=\"more-link\">Devam\u0131n\u0131 Oku&#8230;<\/a><\/p>\n","protected":false},"author":2,"featured_media":24836,"comment_status":"open","ping_status":"open","sticky":false,"template":"","format":"standard","meta":[],"categories":[3],"tags":[],"_links":{"self":[{"href":"https:\/\/akdenizolaygazetesi.com\/index.php?rest_route=\/wp\/v2\/posts\/24835"}],"collection":[{"href":"https:\/\/akdenizolaygazetesi.com\/index.php?rest_route=\/wp\/v2\/posts"}],"about":[{"href":"https:\/\/akdenizolaygazetesi.com\/index.php?rest_route=\/wp\/v2\/types\/post"}],"author":[{"embeddable":true,"href":"https:\/\/akdenizolaygazetesi.com\/index.php?rest_route=\/wp\/v2\/users\/2"}],"replies":[{"embeddable":true,"href":"https:\/\/akdenizolaygazetesi.com\/index.php?rest_route=%2Fwp%2Fv2%2Fcomments&post=24835"}],"version-history":[{"count":1,"href":"https:\/\/akdenizolaygazetesi.com\/index.php?rest_route=\/wp\/v2\/posts\/24835\/revisions"}],"predecessor-version":[{"id":24837,"href":"https:\/\/akdenizolaygazetesi.com\/index.php?rest_route=\/wp\/v2\/posts\/24835\/revisions\/24837"}],"wp:featuredmedia":[{"embeddable":true,"href":"https:\/\/akdenizolaygazetesi.com\/index.php?rest_route=\/wp\/v2\/media\/24836"}],"wp:attachment":[{"href":"https:\/\/akdenizolaygazetesi.com\/index.php?rest_route=%2Fwp%2Fv2%2Fmedia&parent=24835"}],"wp:term":[{"taxonomy":"category","embeddable":true,"href":"https:\/\/akdenizolaygazetesi.com\/index.php?rest_route=%2Fwp%2Fv2%2Fcategories&post=24835"},{"taxonomy":"post_tag","embeddable":true,"href":"https:\/\/akdenizolaygazetesi.com\/index.php?rest_route=%2Fwp%2Fv2%2Ftags&post=24835"}],"curies":[{"name":"wp","href":"https:\/\/api.w.org\/{rel}","templated":true}]}}