{"id":24838,"date":"2023-03-23T13:28:10","date_gmt":"2023-03-23T10:28:10","guid":{"rendered":"http:\/\/akdenizolaygazetesi.com\/?p=24838"},"modified":"2023-03-23T13:28:10","modified_gmt":"2023-03-23T10:28:10","slug":"ekmeklerin-gramaji-fiyat-etiket-uyumu-son-tuketim-tarihi-ve-hijyen-kosullari-kontrol-edildi","status":"publish","type":"post","link":"https:\/\/akdenizolaygazetesi.com\/?p=24838","title":{"rendered":"Ekmeklerin gramaj\u0131, fiyat-etiket uyumu, son t\u00fcketim tarihi ve hijyen ko\u015fullar\u0131 kontrol edildi"},"content":{"rendered":"<p>Akdeniz Belediyesi, Ramazan ay\u0131n\u0131n ba\u015flamas\u0131yla, vatanda\u015flar\u0131n sa\u011fl\u0131kl\u0131, temiz ve g\u00fcvenilir \u00fcr\u00fcnler t\u00fcketmesini sa\u011flamak amac\u0131yla, f\u0131r\u0131n ve patiseri gibi g\u0131da \u00fcr\u00fcnleri \u00fcreten i\u015fyerlerine y\u00f6nelik hijyen, gramaj, son t\u00fcketim tarihi, fiyat-etiket ve filtre denetimlerini artt\u0131rd\u0131. Eksikleri g\u00f6r\u00fclen i\u015fletme sahipleri uyar\u0131l\u0131p s\u00fcre verildi.<br \/>\nAkdeniz Belediyesi Zab\u0131ta M\u00fcd\u00fcrl\u00fc\u011f\u00fc ekipleri, m\u00fcbarek Ramazan ay\u0131n\u0131n ba\u015flamas\u0131yla birlikte il\u00e7e s\u0131n\u0131rlar\u0131nda faaliyet g\u00f6steren f\u0131r\u0131n, patiseri ve pastane gibi unlu mamul imalathanelerine y\u00f6nelik denetimlerini s\u0131k\u0131la\u015ft\u0131rd\u0131.<br \/>\nZab\u0131ta M\u00fcd\u00fcr\u00fc Ufuk Sivasl\u0131o\u011flu\u2019nun da kat\u0131ld\u0131\u011f\u0131 kontrollerde bu t\u00fcr i\u015fyerleri gramaj, fiyat ve etiket, hijyen, temizlik ve saklama ko\u015fullar\u0131 y\u00f6n\u00fcnden s\u0131k\u0131 \u015fekilde denetlendi. A\u011f\u0131rl\u0131kl\u0131 olarak unlu mamul imalathanelerini her y\u00f6nden denetleyen ekipler, fahi\u015f fiyat kontrol\u00fc de yapt\u0131.<br \/>\nCiddi eksiklerin g\u00f6r\u00fclmedi\u011fi denetimlerde, \u00f6zellikle \u00e7al\u0131\u015f\u0131rken eldiven veya bone takmayan f\u0131r\u0131n ve patiseri \u00e7al\u0131\u015fanlar\u0131 ile buna izin veren i\u015fletme sahipleri uyar\u0131ld\u0131. Akdeniz Belediyesi Zab\u0131ta M\u00fcd\u00fcrl\u00fc\u011f\u00fc; vatanda\u015flar\u0131n sa\u011fl\u0131\u011f\u0131, huzuru ve esenli\u011fini korumak amac\u0131yla, g\u0131da \u00fcretimi ile sat\u0131\u015f\u0131 yapan t\u00fcm i\u015fyerlerine y\u00f6nelik denetim ve kontrollerini Ramazan ay\u0131 boyunca aral\u0131ks\u0131z devam ettirecek.<br \/>\nRamazan boyunca denetimler devam edecek<br \/>\nAkdeniz Belediyesi Zab\u0131ta M\u00fcd\u00fcr\u00fc Ufuk Sivasl\u0131o\u011flu, vatanda\u015flar\u0131n Ramazan ay\u0131n\u0131 tebrik etti, zab\u0131ta ekipleri olarak il\u00e7e genelinde faaliyet g\u00f6steren f\u0131r\u0131n ve patiserileri hijyen, gramaj, fiyat ve etiket y\u00f6n\u00fcnden denetlediklerini s\u00f6yledi.<br \/>\nZiyaret ettikleri f\u0131r\u0131nlarda ciddi bir olumsuzlu\u011fa rastlamad\u0131klar\u0131 bilgisini de veren Sivasl\u0131o\u011flu, bone ve eldiven takmayan kimi \u00e7al\u0131\u015fanlar\u0131 ile i\u015fyeri sahiplerini de uyard\u0131klar\u0131n\u0131 s\u00f6zlerine ekledi. <\/p>\n","protected":false},"excerpt":{"rendered":"<p>Akdeniz Belediyesi, Ramazan ay\u0131n\u0131n ba\u015flamas\u0131yla, vatanda\u015flar\u0131n sa\u011fl\u0131kl\u0131, temiz ve g\u00fcvenilir \u00fcr\u00fcnler t\u00fcketmesini sa\u011flamak amac\u0131yla, f\u0131r\u0131n ve patiseri gibi g\u0131da \u00fcr\u00fcnleri \u00fcreten i\u015fyerlerine y\u00f6nelik hijyen, gramaj, son t\u00fcketim tarihi, fiyat-etiket ve &hellip; <a href=\"https:\/\/akdenizolaygazetesi.com\/?p=24838\" class=\"more-link\">Devam\u0131n\u0131 Oku&#8230;<\/a><\/p>\n","protected":false},"author":2,"featured_media":24839,"comment_status":"open","ping_status":"open","sticky":false,"template":"","format":"standard","meta":[],"categories":[3],"tags":[],"_links":{"self":[{"href":"https:\/\/akdenizolaygazetesi.com\/index.php?rest_route=\/wp\/v2\/posts\/24838"}],"collection":[{"href":"https:\/\/akdenizolaygazetesi.com\/index.php?rest_route=\/wp\/v2\/posts"}],"about":[{"href":"https:\/\/akdenizolaygazetesi.com\/index.php?rest_route=\/wp\/v2\/types\/post"}],"author":[{"embeddable":true,"href":"https:\/\/akdenizolaygazetesi.com\/index.php?rest_route=\/wp\/v2\/users\/2"}],"replies":[{"embeddable":true,"href":"https:\/\/akdenizolaygazetesi.com\/index.php?rest_route=%2Fwp%2Fv2%2Fcomments&post=24838"}],"version-history":[{"count":1,"href":"https:\/\/akdenizolaygazetesi.com\/index.php?rest_route=\/wp\/v2\/posts\/24838\/revisions"}],"predecessor-version":[{"id":24840,"href":"https:\/\/akdenizolaygazetesi.com\/index.php?rest_route=\/wp\/v2\/posts\/24838\/revisions\/24840"}],"wp:featuredmedia":[{"embeddable":true,"href":"https:\/\/akdenizolaygazetesi.com\/index.php?rest_route=\/wp\/v2\/media\/24839"}],"wp:attachment":[{"href":"https:\/\/akdenizolaygazetesi.com\/index.php?rest_route=%2Fwp%2Fv2%2Fmedia&parent=24838"}],"wp:term":[{"taxonomy":"category","embeddable":true,"href":"https:\/\/akdenizolaygazetesi.com\/index.php?rest_route=%2Fwp%2Fv2%2Fcategories&post=24838"},{"taxonomy":"post_tag","embeddable":true,"href":"https:\/\/akdenizolaygazetesi.com\/index.php?rest_route=%2Fwp%2Fv2%2Ftags&post=24838"}],"curies":[{"name":"wp","href":"https:\/\/api.w.org\/{rel}","templated":true}]}}