{"id":2484,"date":"2020-11-04T18:22:59","date_gmt":"2020-11-04T15:22:59","guid":{"rendered":"http:\/\/mersinekonomipolitikagazetesi.com\/?p=2484"},"modified":"2020-11-04T18:22:59","modified_gmt":"2020-11-04T15:22:59","slug":"chpli-basarir-hesler-yapilirken-bolge-halkinin-yarari-mi-yoksa-sirketlerin-yarari-mi-gozetilmektedir","status":"publish","type":"post","link":"https:\/\/akdenizolaygazetesi.com\/?p=2484","title":{"rendered":"CHP&#8217;L\u0130 BA\u015eARIR: &#8221; HES\u2019LER YAPILIRKEN, B\u00d6LGE HALKININ YARARI MI YOKSA \u015e\u0130RKETLER\u0130N YARARI MI G\u00d6ZET\u0130LMEKTED\u0130R?&#8221;"},"content":{"rendered":"<p>CHP Mersin Milletvekili Ali Mahir Ba\u015far\u0131r, Tarsus \u0130l\u00e7esi, Bo\u011fazp\u0131nar b\u00f6lgesinde, Berdan Nehri \u00fczerine kurulmas\u0131 planlanan HES projesine ili\u015fkin \u00c7evre ve \u015eehircilik Bakan\u0131 Murat Kurum&#8217;un yaz\u0131l\u0131 olarak yan\u0131tlamas\u0131 istemi ile yaz\u0131l\u0131 soru \u00f6nergesi ve Meclis Ba\u015fkan\u0131na konuya ili\u015fkin bir meclis ara\u015ft\u0131rma komisyonu kurulmas\u0131 i\u00e7in \u00f6nerge verdi.<\/p>\n<p>\u00a0<\/p>\n<p>CHP&#8217;li Ba\u015far\u0131r yaz\u0131l\u0131 soru \u00f6nergesi ve meclis ara\u015ft\u0131rma \u00f6nergesinde, Berdan Nehri \u00fczerinde kurulmas\u0131 planlanan HES baraj\u0131n\u0131n b\u00f6lge halk\u0131 taraf\u0131ndan kesinlikle istenmedi\u011fine vurgu yaparak, Dan\u0131\u015ftay 14.Dairesi&#8217;nin bilirki\u015fi raporlar\u0131n\u0131 hi\u00e7e sayarak ve Mersin Yerel Mahkemesi&#8217;nin y\u00fcr\u00fctmeyi durdurma karar\u0131n\u0131 itiraz yolunu da kapatarak bozmas\u0131na tepki g\u00f6sterdi.<\/p>\n<p>\u00a0<\/p>\n<p>CHP Mersin Milletvekili Ali Mahir Ba\u015far\u0131r vermi\u015f oldu\u011fu yaz\u0131l\u0131 soru \u00f6nergesinde;<\/p>\n<p>\u00a0<\/p>\n<p>\n&#8220;Mersin\u2019in Tarsus il\u00e7esine ba\u011fl\u0131 Bo\u011fazp\u0131nar K\u00f6y\u00fc\u2019n\u00fcn HES\u2019lerle olan m\u00fccadelesi uzun s\u00fcredir devam etmektedir. Bu m\u00fccadele, KTM Grup isimli \u015firketin, Berdan Nehri\u2019nin kollar\u0131ndan \u00d6k\u00fczini Irma\u011f\u0131 \u00fczerine planlad\u0131\u011f\u0131 G\u00f6k HES projesiyle ba\u015flam\u0131\u015ft\u0131r. Projeden ge\u00e7 haberdar olan Bo\u011fazp\u0131nar \u00a0halk\u0131, G\u00f6k HES projesinin 2010\u2019da i\u015fletmeye al\u0131nmas\u0131na engel olamam\u0131\u015ft\u0131r.<\/p>\n<p>Bo\u011fazp\u0131nar k\u00f6y\u00fc halk\u0131, G\u00f6k Hes projesinin faaliyete ge\u00e7mesiyle birlikte suya eri\u015fim konusunda s\u0131k\u0131nt\u0131 \u00e7ekmeye ba\u015flam\u0131\u015f, daha \u00f6nce yap\u0131lan Kad\u0131nc\u0131k Baraj\u0131, G\u00f6k HES ve Kad\u0131nc\u0131k I-II HES projeleri nedeniyle ya\u015fam alanlar\u0131 daralm\u0131\u015f ve eko sistemdeki bozulmalar\u0131 da g\u00f6zlemlemi\u015ftir. Ayn\u0131 \u015firket bu kez 2012\u2019de Berdan Nehri\u2019nin bir par\u00e7as\u0131 olan Kad\u0131nc\u0131k \u00c7ay\u0131na kurulmak \u00fczere bir ba\u015fka HES projesi yapmak isteyince Bo\u011fazp\u0131nar halk\u0131n\u0131n tepkisiyle kar\u015f\u0131la\u015fm\u0131\u015ft\u0131r.<\/p>\n<p>Akhan I-II Reg\u00fclat\u00f6r\u00fc ve HES projesi hakk\u0131nda Nisan 2013\u2019te verilen \u00c7evresel Etki De\u011ferlendirmesi (\u00c7ED) Olumlu karar\u0131n\u0131n iptali i\u00e7in k\u00f6yl\u00fclerin a\u00e7t\u0131\u011f\u0131 davayla s\u00f6z konusu HES\u2019lere kar\u015f\u0131 bir hukuk m\u00fccadelesi ba\u015flam\u0131\u015ft\u0131r. Davaya bakan Mersin 1. \u0130dare Mahkemesi bilirki\u015fi raporunda yer alan, nesli tehlike at\u0131nda bulunan t\u00fcrlere \u00f6nlem al\u0131nmad\u0131\u011f\u0131; su kaynaklar\u0131na yapacak olan etkinin dikkate al\u0131nmad\u0131\u011f\u0131; \u00a0canl\u0131lar\u0131n gereksinim duydu\u011fu su ihtiyac\u0131n\u0131n kantitatif analizinin yap\u0131larak objektif \u00f6l\u00e7\u00fclere g\u00f6re sa\u011fl\u0131kl\u0131 olarak belirlenmedi\u011fi ve projenin esas etki alan\u0131n\u0131n \u00c7ED Raporunda g\u00f6sterilenden daha geni\u015f oldu\u011fu ifadelerini dikkate alarak HES projesi hakk\u0131ndaki \u00c7ED Olumlu Karar\u0131n\u0131 29 \u015eubat 2016\u2019da iptal etmi\u015ftir.<\/p>\n<p>Ancak, Dan\u0131\u015ftay 14. Dairesi, 24 May\u0131s 2017 tarihinde, ak\u0131l almaz bir gerek\u00e7eyle \u201cHES projesi hakk\u0131ndaki bilirki\u015fi raporunda \u2018hangi endemik ve nesli tehlike alt\u0131nda t\u00fcrlerin tek tek belirtilerek ne \u00f6l\u00e7\u00fcde zarar g\u00f6rece\u011fi. . . proje etki alan\u0131n\u0131n neresi oldu\u011fu hususlar\u0131n\u0131n somut bir bi\u00e7imde ortaya konmad\u0131\u011f\u0131n\u0131\u2019 ifade ederek yerel mahkemenin iptal karar\u0131n\u0131 bozmu\u015ftur.<\/p>\n<p>Dan\u0131\u015ftay ek bilirki\u015fi raporu veya yeniden ke\u015fif ve bilirki\u015fi incelemesi yap\u0131lmas\u0131n\u0131 isteyerek dosyay\u0131 Mersin 1. \u0130dare Mahkemesine g\u00f6ndermi\u015ftir. 2017\u2019de yerel mahkemede tekrar g\u00f6r\u00fclmeye ba\u015flanan dava kapsam\u0131nda haz\u0131rlanan ek bilirki\u015fi raporunda, \u201cBilirki\u015fi Heyetimiz, \u00c7ED Raporu ve eklerini de\u011ferlendirmi\u015f; \u00c7ED Raporundaki eksiklikleri ortaya koymu\u015ftur. Firma taraf\u0131ndan ayr\u0131nt\u0131l\u0131 bir et\u00fct \u00e7al\u0131\u015fmas\u0131yla yap\u0131lmas\u0131 beklenen analiz ve hesaplamalar Bilirki\u015fi Heyetimizin g\u00f6rev ve sorumlulu\u011funda de\u011fildir\u201d ifadeleri yer alm\u0131\u015ft\u0131r.<\/p>\n<p>30 Kas\u0131m 2017 tarihinde Mersin 1. \u0130dare mahkemesi bilirki\u015fi heyetinin haz\u0131rlam\u0131\u015f oldu\u011fu ek raporu dikkate alarak HES projesi ile ilgili \u00c7ED olumlu karar\u0131n\u0131 tekrar iptal etmi\u015ftir.<\/p>\n<p>\u00c7evre ve \u015eehircilik Bakanl\u0131\u011f\u0131\u2019n\u0131n itiraz\u0131 \u00fczerine yeniden temyiz incelemesi yapan Dan\u0131\u015ftay 14. Dairesi, bilirki\u015fi raporunda eksik bulunan hususlar\u0131n asl\u0131nda \u00c7ED Raporunda yer ald\u0131\u011f\u0131, \u00e7evreye verilecek zararlar\u0131nsa, \u201cb\u00f6lgenin bitki \u00f6rt\u00fcs\u00fc ve iklimi nedeniyle giderilmesinin m\u00fcmk\u00fcn oldu\u011funun anla\u015f\u0131ld\u0131\u011f\u0131\u201d gerek\u00e7eleriyle, iptal karar\u0131n\u0131 bir defa daha bozdu. Dan\u0131\u015ftay karar\u0131yla Akhan I-II Reg\u00fclat\u00f6r\u00fc ve HES projesine ait \u00c7ED Olumlu Karar\u0131 yeniden y\u00fcr\u00fcrl\u00fc\u011fe girmi\u015f oldu. \u00dcstelik karar d\u00fczeltme yolu da Dan\u0131\u015ftay karar\u0131yla kapanm\u0131\u015ft\u0131r.&#8221; a\u00e7\u0131klamalar\u0131na yer vererek \u015fu sorular\u0131n yan\u0131tlanmas\u0131n\u0131 istedi:<\/p>\n<p>\nTarsus il\u00e7esi Bo\u011fazp\u0131nar halk\u0131n\u0131n \u015fiddetle kar\u015f\u0131 \u00e7\u0131kmas\u0131na ra\u011fmen ve bilirki\u015fi raporlar\u0131 do\u011frultusunda a\u00e7\u0131k\u00e7a hukuk ihlali ortadayken s\u00f6z konusu HES\u2019in yap\u0131m\u0131n\u0131n durdurulmas\u0131 i\u00e7in gerekli \u00f6nlemler al\u0131nacak m\u0131d\u0131r?<br \/>\nHES\u2019ler nedeniyle b\u00f6lge halk\u0131n\u0131n ya\u015fam alanlar\u0131n\u0131n daralmas\u0131 ve \u00e7evreye verilen zarar\u0131n Bakanl\u0131\u011f\u0131n\u0131zca hi\u00e7bir \u00f6nemi yok mudur?<br \/>\nHES\u2019ler yap\u0131l\u0131rken, b\u00f6lge halk\u0131n\u0131n yarar\u0131 m\u0131 yoksa \u015firketlerin yarar\u0131 m\u0131 g\u00f6zetilmektedir?<br \/>\nS\u00f6z konusu HES\u2019in de yap\u0131m\u0131yla topra\u011f\u0131n kirlenmesi, erozyon ve sel olu\u015fmas\u0131, ayr\u0131ca en \u00f6nemlisi b\u00f6lge halk\u0131n\u0131n sa\u011fl\u0131\u011f\u0131n\u0131n yok olmas\u0131 durumunda kim ya da kimler sorumlu olacakt\u0131r?<br \/>\nBerdan Nehri \u00fczerinde yap\u0131lmas\u0131 planlanan s\u00f6z konusu HES projesinde k\u00fcm\u00fclatif etki dikkate al\u0131nm\u0131\u015f m\u0131d\u0131r?<br \/>\nBerdan Nehri \u00fczerinde yap\u0131lmas\u0131 planlanan HES projesinde, D\u00fcnya Bankas\u0131 veya di\u011fer bankalardan te\u015fvik kulland\u0131r\u0131lacak m\u0131d\u0131r? Kulland\u0131r\u0131lacak ise hangi \u015fartlarda kulland\u0131r\u0131lacakt\u0131r?<br \/>\nY\u00f6redeki \u00f6nemli 122 bitki alan\u0131ndan biri olan yakla\u015f\u0131k 323\u2019\u00fc endemik olmak \u00fczere 1685 bitki t\u00fcr\u00fcn\u00fcn bulunmas\u0131yla korunmas\u0131 gereken alanlardan biri olmas\u0131 ve projenin uygulanmas\u0131yla bu t\u00fcrlerin zarar g\u00f6rmesi ve yok olmas\u0131 ka\u00e7\u0131n\u0131lmaz olacakt\u0131r. Bu konuya ili\u015fkin ne gibi tedbirler al\u0131nm\u0131\u015ft\u0131r? Al\u0131nmam\u0131\u015fsa gerek\u00e7eleri nelerdir?<br \/>\nHES projesiyle ilgili dava konusu bilirki\u015fi raporunda proje etki alan\u0131n\u0131n yanl\u0131\u015f belirlendi\u011fi konusunda 5 ki\u015filik bilirki\u015fi heyetinin raporuna ra\u011fmen bu projenin bu alanda yap\u0131lmas\u0131nda neden \u0131srar edilmektedir?<\/p>\n<p>CHP&#8217;li Ba\u015far\u0131r soru \u00f6nergesinin yan\u0131 s\u0131ra , Mersin ili, Tarsus \u0130l\u00e7esi Bo\u011fazp\u0131nar B\u00f6lgesi\u2019ndeki Berdan Nehri \u00fczerinde yap\u0131lmas\u0131 planlanan HES ve t\u00fcm \u00fclke genelinde faal ya da in\u015fa edilmekte olan HES\u2019lerin insanlara, \u00e7evreye, do\u011faya ve t\u00fcm canl\u0131 t\u00fcrlerine verece\u011fi zararlar\u0131n eni konu incelenip ara\u015ft\u0131r\u0131lmas\u0131; uygun olmayan HES\u2019lerin faaliyetlerinin durdurulmas\u0131 i\u00e7in meclis ara\u015ft\u0131rma komisyonu kurulmas\u0131n\u0131 talep etti.<\/p>\n","protected":false},"excerpt":{"rendered":"<p>CHP Mersin Milletvekili Ali Mahir Ba\u015far\u0131r, Tarsus \u0130l\u00e7esi, Bo\u011fazp\u0131nar b\u00f6lgesinde, Berdan Nehri \u00fczerine kurulmas\u0131 planlanan HES projesine ili\u015fkin \u00c7evre ve \u015eehircilik Bakan\u0131 Murat Kurum&#8217;un yaz\u0131l\u0131 olarak yan\u0131tlamas\u0131 istemi ile yaz\u0131l\u0131 &hellip; <a href=\"https:\/\/akdenizolaygazetesi.com\/?p=2484\" class=\"more-link\">Devam\u0131n\u0131 Oku&#8230;<\/a><\/p>\n","protected":false},"author":1,"featured_media":0,"comment_status":"open","ping_status":"open","sticky":false,"template":"","format":"standard","meta":[],"categories":[],"tags":[],"_links":{"self":[{"href":"https:\/\/akdenizolaygazetesi.com\/index.php?rest_route=\/wp\/v2\/posts\/2484"}],"collection":[{"href":"https:\/\/akdenizolaygazetesi.com\/index.php?rest_route=\/wp\/v2\/posts"}],"about":[{"href":"https:\/\/akdenizolaygazetesi.com\/index.php?rest_route=\/wp\/v2\/types\/post"}],"author":[{"embeddable":true,"href":"https:\/\/akdenizolaygazetesi.com\/index.php?rest_route=\/wp\/v2\/users\/1"}],"replies":[{"embeddable":true,"href":"https:\/\/akdenizolaygazetesi.com\/index.php?rest_route=%2Fwp%2Fv2%2Fcomments&post=2484"}],"version-history":[{"count":0,"href":"https:\/\/akdenizolaygazetesi.com\/index.php?rest_route=\/wp\/v2\/posts\/2484\/revisions"}],"wp:attachment":[{"href":"https:\/\/akdenizolaygazetesi.com\/index.php?rest_route=%2Fwp%2Fv2%2Fmedia&parent=2484"}],"wp:term":[{"taxonomy":"category","embeddable":true,"href":"https:\/\/akdenizolaygazetesi.com\/index.php?rest_route=%2Fwp%2Fv2%2Fcategories&post=2484"},{"taxonomy":"post_tag","embeddable":true,"href":"https:\/\/akdenizolaygazetesi.com\/index.php?rest_route=%2Fwp%2Fv2%2Ftags&post=2484"}],"curies":[{"name":"wp","href":"https:\/\/api.w.org\/{rel}","templated":true}]}}