{"id":24844,"date":"2023-03-23T13:32:26","date_gmt":"2023-03-23T10:32:26","guid":{"rendered":"http:\/\/akdenizolaygazetesi.com\/?p=24844"},"modified":"2023-03-23T13:32:26","modified_gmt":"2023-03-23T10:32:26","slug":"cbk-mersin-yenisehir-belediyesi-avrupanin-en-buyuk-kupasinda-dortlu-finalde","status":"publish","type":"post","link":"https:\/\/akdenizolaygazetesi.com\/?p=24844","title":{"rendered":"\u00c7BK Mersin Yeni\u015fehir Belediyesi Avrupa\u2019n\u0131n en b\u00fcy\u00fck kupas\u0131nda d\u00f6rtl\u00fc finalde"},"content":{"rendered":"<p>\u00c7ukurova Basketbol Kul\u00fcb\u00fc(\u00c7BK) Mersin Yeni\u015fehir Belediyesi, Euroleague Women \u00e7eyrek finalinin \u00fc\u00e7\u00fcnc\u00fc ma\u00e7\u0131nda Fransa temsilcisi Tango Bourges Basket\u2019i 91-63 ma\u011flup ederek final-four\u2019a y\u00fckseldi. Tarihi bir ba\u015far\u0131ya imza atan Mersin ekibi, kad\u0131n basketbolunda Avrupa\u2019n\u0131n en b\u00fcy\u00fck kupas\u0131n\u0131 m\u00fczesine getirmek i\u00e7in d\u00f6rtl\u00fc final oynayacak. Ma\u00e7 sonunda a\u00e7\u0131klama Yeni\u015fehir Belediye Ba\u015fkan\u0131 Abdullah \u00d6zyi\u011fit, \u201cBu b\u00fcy\u00fck ba\u015far\u0131 i\u00e7in tak\u0131m\u0131m\u0131z\u0131 ve salonu doldurarak destek veren Mersinli hem\u015fehrilerimizi tebrik ediyorum. Hedefimiz kupay\u0131 \u00fclkemize getirmek, bu gururu Mersin\u2019imize ya\u015fatmak istiyoruz\u201d dedi.<br \/>\n\u00dclkemizi Avrupa\u2019da kad\u0131n basketbolunun en prestijli ligi olan Euroleague Women\u2019da temsil eden \u00c7BK Mersin Yeni\u015fehir Belediyesi, \u00e7eyrek final serisinin \u00fc\u00e7\u00fcnc\u00fc ma\u00e7\u0131nda Tango Bourges Basket\u2019i 91-63 ma\u011flup ederek, seride durumu 2-1 yapt\u0131 ve final- four\u2019a kald\u0131. Mersin temsilcisi taraftar\u0131n\u0131n b\u00fcy\u00fck deste\u011fiyle Euroleague Women\u2019da tarihinde ilk kez finallere kalma ba\u015far\u0131s\u0131 g\u00f6sterdi. Servet Tazeg\u00fcl Spor Salonu\u2019nda oynanan ma\u00e7\u0131 Yeni\u015fehir Belediye Ba\u015fkan\u0131 Abdullah \u00d6zyi\u011fit\u2019in yan\u0131 s\u0131ra Mersin Valisi Ali Hamza Pehlivan ve e\u015fi Y\u0131ld\u0131z Pehlivan, Yeni\u015fehir Kaymakam\u0131 Nevzat \u015eeng\u00f6k ve Mezitli Belediye Ba\u015fkan\u0131 Ne\u015fet Tarhan da binlerce Mersinli ile birlikte izledi.<br \/>\n\u00c7BK Mersin Yeni\u015fehir Belediyesi final-four\u2019a ev sahipli\u011fi yapmak resmi ba\u015fvurusunu yapt\u0131.<br \/>\n\u00c7BK Mersin Yeni\u015fehir Belediyesi, 14-16 Nisan tarihlerinde final-four oynayarak \u015fampiyonluk m\u00fccadelesi verecek. \u00c7BK Mersin Yeni\u015fehir Belediyesi, 14 Nisan\u2019da yar\u0131 final ma\u00e7\u0131nda \u00c7ek Cumhuriyeti\u2019nden ZVVZ USK Prag tak\u0131m\u0131 ile kar\u015f\u0131 kar\u015f\u0131ya gelecek. Ma\u00e7\u0131 kazanmas\u0131 halinde ise Fenerbah\u00e7e Alag\u00f6z ile Beretta Famila Schio ma\u00e7\u0131n\u0131n galibiyle 16 Nisan\u2019da final ma\u00e7\u0131na \u00e7\u0131kacak. \u00c7BK Mersin Yeni\u015fehir Belediyesi final-four\u2019a ev sahipli\u011fi yapmak i\u00e7in FIBA\u2019ya resmi ba\u015fvurusunu yapt\u0131. Kabul edilmesi halinde Avrupa\u2019n\u0131n en b\u00fcy\u00fck 4 tak\u0131m\u0131 Mersin\u2019de kar\u015f\u0131la\u015facak, kad\u0131n basketbolunun kalbi Mersin\u2019de atacak.<br \/>\nBa\u015fkan \u00d6zyi\u011fit \u201cAvrupa \u015fampiyonu olmak i\u00e7in elimizde tarihi bir f\u0131rsat var.\u201d<br \/>\nYeni\u015fehir Belediye Ba\u015fkan\u0131 Abdullah \u00d6zyi\u011fit, \u201c \u00c7ok mutluyuz, bir Mersin tak\u0131m\u0131 bu gece Avrupa\u2019n\u0131n en iyi 4 tak\u0131m\u0131 aras\u0131na kald\u0131. Avrupa \u015fampiyonu olmak i\u00e7in elimizde tarihi bir f\u0131rsat var. Kentimiz, tak\u0131m\u0131m\u0131z bu ba\u015far\u0131y\u0131 hak ediyor. Mersinli hem\u015fehrilerimiz salonu bug\u00fcn de doldurdu, her zamanki gibi tak\u0131m\u0131n\u0131 yaln\u0131z b\u0131rakmad\u0131. En b\u00fcy\u00fck te\u015fekk\u00fcr taraftar\u0131m\u0131za. Umuyorum ki final-four Mersin\u2019de oynan\u0131r ve kupay\u0131 halk\u0131m\u0131zla birlikte kald\u0131r\u0131r\u0131z. Eme\u011fi ge\u00e7en herkesi tebrik ediyorum. Bu ba\u015far\u0131 Mersin halk\u0131n\u0131n.\u201ddiye konu\u015ftu.<\/p>\n","protected":false},"excerpt":{"rendered":"<p>\u00c7ukurova Basketbol Kul\u00fcb\u00fc(\u00c7BK) Mersin Yeni\u015fehir Belediyesi, Euroleague Women \u00e7eyrek finalinin \u00fc\u00e7\u00fcnc\u00fc ma\u00e7\u0131nda Fransa temsilcisi Tango Bourges Basket\u2019i 91-63 ma\u011flup ederek final-four\u2019a y\u00fckseldi. Tarihi bir ba\u015far\u0131ya imza atan Mersin ekibi, kad\u0131n &hellip; <a href=\"https:\/\/akdenizolaygazetesi.com\/?p=24844\" class=\"more-link\">Devam\u0131n\u0131 Oku&#8230;<\/a><\/p>\n","protected":false},"author":2,"featured_media":24845,"comment_status":"open","ping_status":"open","sticky":false,"template":"","format":"standard","meta":[],"categories":[7,2,3,10],"tags":[],"_links":{"self":[{"href":"https:\/\/akdenizolaygazetesi.com\/index.php?rest_route=\/wp\/v2\/posts\/24844"}],"collection":[{"href":"https:\/\/akdenizolaygazetesi.com\/index.php?rest_route=\/wp\/v2\/posts"}],"about":[{"href":"https:\/\/akdenizolaygazetesi.com\/index.php?rest_route=\/wp\/v2\/types\/post"}],"author":[{"embeddable":true,"href":"https:\/\/akdenizolaygazetesi.com\/index.php?rest_route=\/wp\/v2\/users\/2"}],"replies":[{"embeddable":true,"href":"https:\/\/akdenizolaygazetesi.com\/index.php?rest_route=%2Fwp%2Fv2%2Fcomments&post=24844"}],"version-history":[{"count":1,"href":"https:\/\/akdenizolaygazetesi.com\/index.php?rest_route=\/wp\/v2\/posts\/24844\/revisions"}],"predecessor-version":[{"id":24846,"href":"https:\/\/akdenizolaygazetesi.com\/index.php?rest_route=\/wp\/v2\/posts\/24844\/revisions\/24846"}],"wp:featuredmedia":[{"embeddable":true,"href":"https:\/\/akdenizolaygazetesi.com\/index.php?rest_route=\/wp\/v2\/media\/24845"}],"wp:attachment":[{"href":"https:\/\/akdenizolaygazetesi.com\/index.php?rest_route=%2Fwp%2Fv2%2Fmedia&parent=24844"}],"wp:term":[{"taxonomy":"category","embeddable":true,"href":"https:\/\/akdenizolaygazetesi.com\/index.php?rest_route=%2Fwp%2Fv2%2Fcategories&post=24844"},{"taxonomy":"post_tag","embeddable":true,"href":"https:\/\/akdenizolaygazetesi.com\/index.php?rest_route=%2Fwp%2Fv2%2Ftags&post=24844"}],"curies":[{"name":"wp","href":"https:\/\/api.w.org\/{rel}","templated":true}]}}