{"id":24847,"date":"2023-03-23T13:33:38","date_gmt":"2023-03-23T10:33:38","guid":{"rendered":"http:\/\/akdenizolaygazetesi.com\/?p=24847"},"modified":"2023-03-23T13:33:38","modified_gmt":"2023-03-23T10:33:38","slug":"camilerde-ramazan-temizligi","status":"publish","type":"post","link":"https:\/\/akdenizolaygazetesi.com\/?p=24847","title":{"rendered":"&#8220;CAM\u0130LERDE RAMAZAN TEM\u0130ZL\u0130\u011e\u0130&#8221;"},"content":{"rendered":"<p>Toroslar Belediyesi, camilerde rutin olarak s\u00fcrd\u00fcrd\u00fc\u011f\u00fc temizlik ve dezenfeksiyon \u00e7al\u0131\u015fmalar\u0131n\u0131 Ramazan ay\u0131nda daha da yo\u011funla\u015ft\u0131rd\u0131.<\/p>\n<p>Belediyenin ibadethane temizlik ve dezenfektan ekibi, il\u00e7edeki t\u00fcm ibadethanelerin i\u00e7 ve d\u0131\u015f mek\u00e2nlar\u0131n\u0131 tarayarak p\u0131r\u0131l p\u0131r\u0131l yap\u0131yor.<\/p>\n<p>\u0130badethanelerdeki hal\u0131lar, hal\u0131 y\u0131kama makinesiyle yerinde y\u0131kan\u0131rken; avlu, tuvalet, kap\u0131 kollar\u0131 ve ayakkab\u0131l\u0131k gibi temas\u0131n olabilece\u011fi t\u00fcm y\u00fczeyler dezenfekte ediliyor.<\/p>\n<p>&#8220;Hem\u015fehrilerimiz G\u00f6n\u00fcl Rahatl\u0131\u011f\u0131yla \u0130badet Edebilir&#8221;<\/p>\n<p>Toroslar Belediye Ba\u015fkan\u0131 Ats\u0131z Af\u015f\u0131n Y\u0131lmaz, vatanda\u015flar\u0131n daha sa\u011fl\u0131kl\u0131 ko\u015fullarda ibadetlerini yerine getirebilmeleri i\u00e7in il\u00e7edeki t\u00fcm ibadethanelerde temizlik ve dezenfekte \u00e7al\u0131\u015fmas\u0131 yapt\u0131klar\u0131n\u0131 s\u00f6yledi.<\/p>\n<p>Ba\u015fkan Y\u0131lmaz; &#8220;Ramazan ay\u0131, ibadetlerin \u00e7ok daha yo\u011fun yap\u0131ld\u0131\u011f\u0131 bir ay. Camilerde ger\u00e7ekle\u015ftirdi\u011fimiz rutin temizlik hizmetini Ramazan ay\u0131nda daha da artt\u0131r\u0131yoruz. \u0130badethanelerimizi evimiz gibi g\u00f6r\u00fcyoruz.  Temizlik \u0130\u015fleri M\u00fcd\u00fcrl\u00fc\u011f\u00fcm\u00fcz b\u00fcnyesinde \u00f6zel bir ekip olu\u015fturduk. Amac\u0131m\u0131z, hem\u015fehrilerimizin g\u00f6n\u00fcl rahatl\u0131\u011f\u0131yla ve huzur i\u00e7erisinde ibadetlerini ger\u00e7ekle\u015ftirmesidir. Vatanda\u015flar\u0131m\u0131z\u0131n sa\u011fl\u0131\u011f\u0131 \u00f6nceli\u011fimiz. T\u00fcm hem\u015fehrilerimize hay\u0131rl\u0131 Ramazanlar dilerim&#8221; ifadelerini kulland\u0131.<\/p>\n","protected":false},"excerpt":{"rendered":"<p>Toroslar Belediyesi, camilerde rutin olarak s\u00fcrd\u00fcrd\u00fc\u011f\u00fc temizlik ve dezenfeksiyon \u00e7al\u0131\u015fmalar\u0131n\u0131 Ramazan ay\u0131nda daha da yo\u011funla\u015ft\u0131rd\u0131. Belediyenin ibadethane temizlik ve dezenfektan ekibi, il\u00e7edeki t\u00fcm ibadethanelerin i\u00e7 ve d\u0131\u015f mek\u00e2nlar\u0131n\u0131 tarayarak p\u0131r\u0131l &hellip; <a href=\"https:\/\/akdenizolaygazetesi.com\/?p=24847\" class=\"more-link\">Devam\u0131n\u0131 Oku&#8230;<\/a><\/p>\n","protected":false},"author":2,"featured_media":24848,"comment_status":"open","ping_status":"open","sticky":false,"template":"","format":"standard","meta":[],"categories":[3,9],"tags":[],"_links":{"self":[{"href":"https:\/\/akdenizolaygazetesi.com\/index.php?rest_route=\/wp\/v2\/posts\/24847"}],"collection":[{"href":"https:\/\/akdenizolaygazetesi.com\/index.php?rest_route=\/wp\/v2\/posts"}],"about":[{"href":"https:\/\/akdenizolaygazetesi.com\/index.php?rest_route=\/wp\/v2\/types\/post"}],"author":[{"embeddable":true,"href":"https:\/\/akdenizolaygazetesi.com\/index.php?rest_route=\/wp\/v2\/users\/2"}],"replies":[{"embeddable":true,"href":"https:\/\/akdenizolaygazetesi.com\/index.php?rest_route=%2Fwp%2Fv2%2Fcomments&post=24847"}],"version-history":[{"count":1,"href":"https:\/\/akdenizolaygazetesi.com\/index.php?rest_route=\/wp\/v2\/posts\/24847\/revisions"}],"predecessor-version":[{"id":24849,"href":"https:\/\/akdenizolaygazetesi.com\/index.php?rest_route=\/wp\/v2\/posts\/24847\/revisions\/24849"}],"wp:featuredmedia":[{"embeddable":true,"href":"https:\/\/akdenizolaygazetesi.com\/index.php?rest_route=\/wp\/v2\/media\/24848"}],"wp:attachment":[{"href":"https:\/\/akdenizolaygazetesi.com\/index.php?rest_route=%2Fwp%2Fv2%2Fmedia&parent=24847"}],"wp:term":[{"taxonomy":"category","embeddable":true,"href":"https:\/\/akdenizolaygazetesi.com\/index.php?rest_route=%2Fwp%2Fv2%2Fcategories&post=24847"},{"taxonomy":"post_tag","embeddable":true,"href":"https:\/\/akdenizolaygazetesi.com\/index.php?rest_route=%2Fwp%2Fv2%2Ftags&post=24847"}],"curies":[{"name":"wp","href":"https:\/\/api.w.org\/{rel}","templated":true}]}}