{"id":24850,"date":"2023-03-24T13:22:32","date_gmt":"2023-03-24T10:22:32","guid":{"rendered":"http:\/\/akdenizolaygazetesi.com\/?p=24850"},"modified":"2023-03-24T13:22:32","modified_gmt":"2023-03-24T10:22:32","slug":"21-mart-dunya-ormancilik-gunu-koklerinde-sanat-var-adli-sergiyle-taclandirildi","status":"publish","type":"post","link":"https:\/\/akdenizolaygazetesi.com\/?p=24850","title":{"rendered":"21 Mart D\u00fcnya Ormanc\u0131l\u0131k G\u00fcn\u00fc \u201cK\u00f6klerinde Sanat Var\u201d Adl\u0131 Sergiyle Ta\u00e7land\u0131r\u0131ld\u0131"},"content":{"rendered":"<p>Mersin Orman B\u00f6lge M\u00fcd\u00fcrl\u00fc\u011f\u00fcne ba\u011fl\u0131 Anamur Orman \u0130\u015fletme M\u00fcd\u00fcrl\u00fc\u011f\u00fc ile Anamur Halk E\u011fitim M\u00fcd\u00fcrl\u00fc\u011f\u00fcn\u00fcn birlikte y\u00fcr\u00fctt\u00fc\u011f\u00fc \u201cDo\u011fada At\u0131k Yoktur\u201d projesi hayata ge\u00e7irildi.<\/p>\n<p> Projede, do\u011fada at\u0131k yoktur felsefesi anlay\u0131\u015f\u0131yla ormanlardaki a\u011fa\u00e7lar\u0131n kozalak, tohum, tohum kaps\u00fcl\u00fc, yapraklar, dallar, kabuklar, sar\u0131l\u0131c\u0131 bitki te\u011felleri, meyve kurular\u0131, yosunlar, likenler, tohum dallar\u0131, tohum kadehleri, \u00e7i\u00e7ek kurular\u0131 ve bitki kanseri dokular\u0131 kullanarak tablo ve dekoratif \u00fcr\u00fcnler, 21 Mart D\u00fcnya Ormanc\u0131l\u0131k G\u00fcn\u00fcnde \u201cK\u00f6klerinde Sanat Var\u201d adl\u0131 sergiyle ta\u00e7land\u0131r\u0131ld\u0131. Projede, Anamur Orman \u0130\u015fletme M\u00fcd\u00fcrl\u00fc\u011f\u00fc personel ve aileleri ile depremzede vatanda\u015flar\u0131m\u0131z yer ald\u0131.<\/p>\n","protected":false},"excerpt":{"rendered":"<p>Mersin Orman B\u00f6lge M\u00fcd\u00fcrl\u00fc\u011f\u00fcne ba\u011fl\u0131 Anamur Orman \u0130\u015fletme M\u00fcd\u00fcrl\u00fc\u011f\u00fc ile Anamur Halk E\u011fitim M\u00fcd\u00fcrl\u00fc\u011f\u00fcn\u00fcn birlikte y\u00fcr\u00fctt\u00fc\u011f\u00fc \u201cDo\u011fada At\u0131k Yoktur\u201d projesi hayata ge\u00e7irildi. Projede, do\u011fada at\u0131k yoktur felsefesi anlay\u0131\u015f\u0131yla ormanlardaki a\u011fa\u00e7lar\u0131n &hellip; <a href=\"https:\/\/akdenizolaygazetesi.com\/?p=24850\" class=\"more-link\">Devam\u0131n\u0131 Oku&#8230;<\/a><\/p>\n","protected":false},"author":2,"featured_media":24851,"comment_status":"open","ping_status":"open","sticky":false,"template":"","format":"standard","meta":[],"categories":[2,3],"tags":[],"_links":{"self":[{"href":"https:\/\/akdenizolaygazetesi.com\/index.php?rest_route=\/wp\/v2\/posts\/24850"}],"collection":[{"href":"https:\/\/akdenizolaygazetesi.com\/index.php?rest_route=\/wp\/v2\/posts"}],"about":[{"href":"https:\/\/akdenizolaygazetesi.com\/index.php?rest_route=\/wp\/v2\/types\/post"}],"author":[{"embeddable":true,"href":"https:\/\/akdenizolaygazetesi.com\/index.php?rest_route=\/wp\/v2\/users\/2"}],"replies":[{"embeddable":true,"href":"https:\/\/akdenizolaygazetesi.com\/index.php?rest_route=%2Fwp%2Fv2%2Fcomments&post=24850"}],"version-history":[{"count":1,"href":"https:\/\/akdenizolaygazetesi.com\/index.php?rest_route=\/wp\/v2\/posts\/24850\/revisions"}],"predecessor-version":[{"id":24852,"href":"https:\/\/akdenizolaygazetesi.com\/index.php?rest_route=\/wp\/v2\/posts\/24850\/revisions\/24852"}],"wp:featuredmedia":[{"embeddable":true,"href":"https:\/\/akdenizolaygazetesi.com\/index.php?rest_route=\/wp\/v2\/media\/24851"}],"wp:attachment":[{"href":"https:\/\/akdenizolaygazetesi.com\/index.php?rest_route=%2Fwp%2Fv2%2Fmedia&parent=24850"}],"wp:term":[{"taxonomy":"category","embeddable":true,"href":"https:\/\/akdenizolaygazetesi.com\/index.php?rest_route=%2Fwp%2Fv2%2Fcategories&post=24850"},{"taxonomy":"post_tag","embeddable":true,"href":"https:\/\/akdenizolaygazetesi.com\/index.php?rest_route=%2Fwp%2Fv2%2Ftags&post=24850"}],"curies":[{"name":"wp","href":"https:\/\/api.w.org\/{rel}","templated":true}]}}