{"id":24853,"date":"2023-03-24T13:23:55","date_gmt":"2023-03-24T10:23:55","guid":{"rendered":"http:\/\/akdenizolaygazetesi.com\/?p=24853"},"modified":"2023-03-24T13:23:55","modified_gmt":"2023-03-24T10:23:55","slug":"biyolojik-mucadelede-hedeflerimizi-astik-2","status":"publish","type":"post","link":"https:\/\/akdenizolaygazetesi.com\/?p=24853","title":{"rendered":"Biyolojik M\u00fccadelede Hedeflerimizi A\u015ft\u0131k"},"content":{"rendered":"<p>      \tMersin Orman B\u00f6lge M\u00fcd\u00fcrl\u00fc\u011f\u00fc ormanlar\u0131nda zarar veren \u00c7amkese B\u00f6ce\u011fi ile ba\u015flatt\u0131\u011f\u0131m\u0131z biyolojik m\u00fccadele \u00e7al\u0131\u015fmalar\u0131 devam ediyor. M\u00fccadelede \u00d6zellikle \u00e7evre dostu, \u00e7evreye zarar vermeyen ekolojik dengeyi bozmayan, biyolojik m\u00fccadele tercih edilmektedir. 2011 Y\u0131l\u0131ndan itibaren Mersin Orman B\u00f6lge M\u00fcd\u00fcrl\u00fc\u011f\u00fcm\u00fczde, kimyasal m\u00fccadele yap\u0131lmamaktad\u0131r.<br \/>\nB\u00f6lge M\u00fcd\u00fcr Yard\u0131mc\u0131s\u0131 Ya\u015far Yaman Sa\u011flam, Orman Zararl\u0131lar\u0131yla M\u00fccadele \u015eube M\u00fcd\u00fcr\u00fc Veysel \u00d6nen, Mersin Orman \u0130\u015fletme M\u00fcd\u00fcr\u00fc Adnan Zorlukan Aber, m\u00fcd\u00fcr yard\u0131mc\u0131s\u0131, \u015fefler ve OZM \u015fubesi teknik elemanlar\u0131 ile birlikte laboratuvarda incelemelerde bulunan B\u00f6lge M\u00fcd\u00fcr\u00fc Mustafa Yal\u00e7\u0131n \u201cZararl\u0131 bir b\u00f6cek olan \u00e7amkese b\u00f6cekleri \u00e7am a\u011fa\u00e7lar\u0131n\u0131n ibrelerini yiyerek zarar vermekte, art\u0131m kay\u0131plar\u0131na neden olmaktad\u0131r. Ancak hi\u00e7bir zaman kurutmamaktad\u0131r. Bu kapsamda, araziden toplanan yakla\u015f\u0131k 2300 adet \u00e7amkese b\u00f6ce\u011fi y\u0131rt\u0131c\u0131s\u0131 Calosoma sycophanta ergini Davultepe \u00fcretim laboratuvar\u0131na getirilerek \u015fubat ay\u0131 ba\u015f\u0131 itibariyle \u00fcretime ba\u015flam\u0131\u015ft\u0131r. Orman Zararl\u0131lar\u0131yla M\u00fccadele \u015eube M\u00fcd\u00fcrl\u00fc\u011f\u00fcm\u00fcz\u00fcn kontrol\u00fcnde Mersin Orman \u0130\u015fletme M\u00fcd\u00fcrl\u00fc\u011f\u00fc Davultepe Orman \u0130\u015fletme \u015eefli\u011fince 26000 adet olarak planlanan Calosoma ergin larvalar\u0131 \u00e7amkese b\u00f6ce\u011fi zarar\u0131 g\u00f6r\u00fclen b\u00f6lgemizin ormanl\u0131k alanlar\u0131na sal\u0131n\u0131m\u0131 mart ay\u0131 itibariyle ba\u015flanm\u0131\u015ft\u0131r. Yine bu y\u0131l 9 Orman \u0130\u015fletme M\u00fcd\u00fcrl\u00fc\u011f\u00fcm\u00fcz\u00fcn g\u00f6rev alan\u0131nda bulunan ormanlarda zarar yapan \u00e7amkese b\u00f6ce\u011fine kar\u015f\u0131 sal\u0131n\u0131m yap\u0131lmas\u0131na ba\u015flanm\u0131\u015ft\u0131r. Bug\u00fcne kadar 50 hektarl\u0131k alana 1000 b\u00f6cek sene boyunca da 1350 hektarl\u0131k alana sal\u0131nacak. Eme\u011fi ge\u00e7en herkese te\u015fekk\u00fcr ederim\u201d dedi.<\/p>\n","protected":false},"excerpt":{"rendered":"<p>Mersin Orman B\u00f6lge M\u00fcd\u00fcrl\u00fc\u011f\u00fc ormanlar\u0131nda zarar veren \u00c7amkese B\u00f6ce\u011fi ile ba\u015flatt\u0131\u011f\u0131m\u0131z biyolojik m\u00fccadele \u00e7al\u0131\u015fmalar\u0131 devam ediyor. M\u00fccadelede \u00d6zellikle \u00e7evre dostu, \u00e7evreye zarar vermeyen ekolojik dengeyi bozmayan, biyolojik m\u00fccadele tercih edilmektedir. &hellip; <a href=\"https:\/\/akdenizolaygazetesi.com\/?p=24853\" class=\"more-link\">Devam\u0131n\u0131 Oku&#8230;<\/a><\/p>\n","protected":false},"author":2,"featured_media":24854,"comment_status":"open","ping_status":"open","sticky":false,"template":"","format":"standard","meta":[],"categories":[3],"tags":[],"_links":{"self":[{"href":"https:\/\/akdenizolaygazetesi.com\/index.php?rest_route=\/wp\/v2\/posts\/24853"}],"collection":[{"href":"https:\/\/akdenizolaygazetesi.com\/index.php?rest_route=\/wp\/v2\/posts"}],"about":[{"href":"https:\/\/akdenizolaygazetesi.com\/index.php?rest_route=\/wp\/v2\/types\/post"}],"author":[{"embeddable":true,"href":"https:\/\/akdenizolaygazetesi.com\/index.php?rest_route=\/wp\/v2\/users\/2"}],"replies":[{"embeddable":true,"href":"https:\/\/akdenizolaygazetesi.com\/index.php?rest_route=%2Fwp%2Fv2%2Fcomments&post=24853"}],"version-history":[{"count":1,"href":"https:\/\/akdenizolaygazetesi.com\/index.php?rest_route=\/wp\/v2\/posts\/24853\/revisions"}],"predecessor-version":[{"id":24855,"href":"https:\/\/akdenizolaygazetesi.com\/index.php?rest_route=\/wp\/v2\/posts\/24853\/revisions\/24855"}],"wp:featuredmedia":[{"embeddable":true,"href":"https:\/\/akdenizolaygazetesi.com\/index.php?rest_route=\/wp\/v2\/media\/24854"}],"wp:attachment":[{"href":"https:\/\/akdenizolaygazetesi.com\/index.php?rest_route=%2Fwp%2Fv2%2Fmedia&parent=24853"}],"wp:term":[{"taxonomy":"category","embeddable":true,"href":"https:\/\/akdenizolaygazetesi.com\/index.php?rest_route=%2Fwp%2Fv2%2Fcategories&post=24853"},{"taxonomy":"post_tag","embeddable":true,"href":"https:\/\/akdenizolaygazetesi.com\/index.php?rest_route=%2Fwp%2Fv2%2Ftags&post=24853"}],"curies":[{"name":"wp","href":"https:\/\/api.w.org\/{rel}","templated":true}]}}