{"id":24859,"date":"2023-03-24T13:26:55","date_gmt":"2023-03-24T10:26:55","guid":{"rendered":"http:\/\/akdenizolaygazetesi.com\/?p=24859"},"modified":"2023-03-24T13:26:55","modified_gmt":"2023-03-24T10:26:55","slug":"colak-ailesinin-mersindeki-umudu","status":"publish","type":"post","link":"https:\/\/akdenizolaygazetesi.com\/?p=24859","title":{"rendered":"\u00c7OLAK A\u0130LES\u0130N\u0130N MERS\u0130N&#8217;DEK\u0130 UMUDU"},"content":{"rendered":"<p>Kahramanmara\u015f&#8217;\u0131n Pazarc\u0131k il\u00e7esinde 6 \u015eubat&#8217;ta meydana gelen depremin ard\u0131ndan deprem b\u00f6lgelerinden olan Malatya&#8217;n\u0131n Do\u011fan\u015fehir il\u00e7esinden Mersin&#8217;e gelen ve Mersin B\u00fcy\u00fck\u015fehir Belediyesi&#8217;nin hizmete a\u00e7t\u0131\u011f\u0131 Erkek \u00d6\u011frenci Yurdu&#8217;nda konaklayan \u00c7olak ailesi, bebekleri Umut&#8217;u Mersin&#8217;de d\u00fcnyaya getirdi. Deprem s\u0131ras\u0131nda 35 haftal\u0131k hamile olan ve depremin ard\u0131ndan Mersin&#8217;e gelmek zorunda kalan anne Sakine \u00c7olak, hamilelik s\u00fcrecini B\u00fcy\u00fck\u015fehir&#8217;in bar\u0131nma alan\u0131nda ge\u00e7irdi. Anne Sakine \u00c7olak&#8217;\u0131n hamilelik s\u00fcrecinde t\u00fcm ihtiya\u00e7lar\u0131n\u0131 kar\u015f\u0131layan B\u00fcy\u00fck\u015fehir, do\u011fum s\u00fcrecinde de \u00c7olak ailesini yaln\u0131z b\u0131rakmad\u0131. Do\u011fum an\u0131nda dahi \u00c7olak ailesinin yan\u0131nda olan B\u00fcy\u00fck\u015fehir, hem anne Sakine \u00c7olak&#8217;\u0131n hem de ailesinin umudu olan Umut bebe\u011fin her t\u00fcrl\u00fc ihtiyac\u0131n\u0131 kar\u015f\u0131lamaya devam ediyor.<br \/>\n&#8220;Buraya geldi\u011fimde bana \u00e7ok yard\u0131mc\u0131 oldular&#8221;<br \/>\nYa\u015fad\u0131\u011f\u0131 s\u00fcreci anlatan Anne Sakine \u00c7olak, &#8220;Malatya&#8217;n\u0131n Do\u011fan\u015fehir il\u00e7esinden geldik. Deprem s\u0131ras\u0131nda 35 haftal\u0131k hamileydim, 1 ay\u0131m\u0131 burada ge\u00e7irdim. Buraya geldi\u011fimde bana \u00e7ok yard\u0131mc\u0131 oldular. Te\u015fekk\u00fcr ederim hepsine, m\u00fcd\u00fcr\u00fcm\u00fcze, b\u00fct\u00fcn hocalar\u0131m\u0131za, hastanede de yard\u0131mc\u0131 oldular. Geldik, yerle\u015ftik zaten bir ay burada kald\u0131m. Bebe\u011fe ait olan hi\u00e7bir \u015fey getirmemi\u015ftim. Be\u015fi\u011fi, k\u0131yafetleri, her \u015feyi onlar kar\u015f\u0131lad\u0131. Buradaki hocalar\u0131m beni hastaneye g\u00f6t\u00fcr\u00fcyorlard\u0131 kendi arabalar\u0131yla&#8221; dedi. B\u00fcy\u00fck\u015fehir&#8217;in do\u011fum s\u00fcrecinde de yan\u0131nda oldu\u011funu belirten \u00c7olak, &#8220;Tabii ki \u00e7ok zor bir s\u00fcre\u00e7ti ama hastanede olsun burada olsun herkes destek oldu bana. Ambulansla beni hastaneye g\u00f6t\u00fcrd\u00fcler. \u00c7ok yard\u0131mc\u0131 oldular. Zor bir s\u00fcre\u00e7ti ama \u00e7ok \u015f\u00fck\u00fcr \u015fu an iyi&#8221; ifadelerine yer verdi.<br \/>\n&#8220;Bu zor s\u00fcre\u00e7te umut olsun dedik&#8221;<br \/>\nBebeklerine Umut ismini koyduklar\u0131n\u0131 s\u00f6yleyen \u00c7olak, &#8220;Umut ismini koyduk. Umut olsun dedik bu zor s\u00fcre\u00e7te. B\u00fct\u00fcn ihtiya\u00e7lar\u0131m\u0131z kar\u015f\u0131land\u0131. Yani be\u015fi\u011finden tutun mamas\u0131na, \u015fampuan\u0131na, k\u0131yafetlerine kadar. Zaten hi\u00e7bir \u015fey getirmedik biz. \u015eu an \u00e7ok \u015f\u00fck\u00fcr her \u015fey fazlas\u0131yla var&#8221; diye konu\u015ftu.<br \/>\nBabaanne Zeynep \u00c7olak ise, &#8220;Herkese te\u015fekk\u00fcr ederiz, \u00e7ok destek verdiler. \u00c7ok iyiler. Doktorlar, hem\u015fireler, \u00e7ok iyiler. Hi\u00e7 b\u00f6yle bir \u015fey g\u00f6rmemi\u015ftim. \u00c7ok sevindim&#8221; diyerek duygular\u0131n\u0131 ifade etti.<\/p>\n","protected":false},"excerpt":{"rendered":"<p>Kahramanmara\u015f&#8217;\u0131n Pazarc\u0131k il\u00e7esinde 6 \u015eubat&#8217;ta meydana gelen depremin ard\u0131ndan deprem b\u00f6lgelerinden olan Malatya&#8217;n\u0131n Do\u011fan\u015fehir il\u00e7esinden Mersin&#8217;e gelen ve Mersin B\u00fcy\u00fck\u015fehir Belediyesi&#8217;nin hizmete a\u00e7t\u0131\u011f\u0131 Erkek \u00d6\u011frenci Yurdu&#8217;nda konaklayan \u00c7olak ailesi, bebekleri &hellip; <a href=\"https:\/\/akdenizolaygazetesi.com\/?p=24859\" class=\"more-link\">Devam\u0131n\u0131 Oku&#8230;<\/a><\/p>\n","protected":false},"author":2,"featured_media":24860,"comment_status":"open","ping_status":"open","sticky":false,"template":"","format":"standard","meta":[],"categories":[2,3,5],"tags":[],"_links":{"self":[{"href":"https:\/\/akdenizolaygazetesi.com\/index.php?rest_route=\/wp\/v2\/posts\/24859"}],"collection":[{"href":"https:\/\/akdenizolaygazetesi.com\/index.php?rest_route=\/wp\/v2\/posts"}],"about":[{"href":"https:\/\/akdenizolaygazetesi.com\/index.php?rest_route=\/wp\/v2\/types\/post"}],"author":[{"embeddable":true,"href":"https:\/\/akdenizolaygazetesi.com\/index.php?rest_route=\/wp\/v2\/users\/2"}],"replies":[{"embeddable":true,"href":"https:\/\/akdenizolaygazetesi.com\/index.php?rest_route=%2Fwp%2Fv2%2Fcomments&post=24859"}],"version-history":[{"count":1,"href":"https:\/\/akdenizolaygazetesi.com\/index.php?rest_route=\/wp\/v2\/posts\/24859\/revisions"}],"predecessor-version":[{"id":24861,"href":"https:\/\/akdenizolaygazetesi.com\/index.php?rest_route=\/wp\/v2\/posts\/24859\/revisions\/24861"}],"wp:featuredmedia":[{"embeddable":true,"href":"https:\/\/akdenizolaygazetesi.com\/index.php?rest_route=\/wp\/v2\/media\/24860"}],"wp:attachment":[{"href":"https:\/\/akdenizolaygazetesi.com\/index.php?rest_route=%2Fwp%2Fv2%2Fmedia&parent=24859"}],"wp:term":[{"taxonomy":"category","embeddable":true,"href":"https:\/\/akdenizolaygazetesi.com\/index.php?rest_route=%2Fwp%2Fv2%2Fcategories&post=24859"},{"taxonomy":"post_tag","embeddable":true,"href":"https:\/\/akdenizolaygazetesi.com\/index.php?rest_route=%2Fwp%2Fv2%2Ftags&post=24859"}],"curies":[{"name":"wp","href":"https:\/\/api.w.org\/{rel}","templated":true}]}}