{"id":24868,"date":"2023-03-24T16:58:10","date_gmt":"2023-03-24T13:58:10","guid":{"rendered":"http:\/\/akdenizolaygazetesi.com\/?p=24868"},"modified":"2023-03-24T16:58:10","modified_gmt":"2023-03-24T13:58:10","slug":"toroslarin-ramazan-etkinlikleri-basladi","status":"publish","type":"post","link":"https:\/\/akdenizolaygazetesi.com\/?p=24868","title":{"rendered":"TOROSLAR&#8217;IN RAMAZAN ETK\u0130NL\u0130KLER\u0130 BA\u015eLADI"},"content":{"rendered":"<p>Toroslar Belediyesi, her Ramazan oldu\u011fu gibi bu y\u0131l da d\u00fczenledi\u011fi iftar programlar\u0131yla binlerce ki\u015fiyi ayn\u0131 sofrada bulu\u015fturuyor.<\/p>\n<p>Ramazan ay\u0131 boyunca her g\u00fcn farkl\u0131 bir mahallede ger\u00e7ekle\u015ftirilecek iftar program\u0131n\u0131n ilki, Zeki Ayan Mahallesi&#8217;nde yap\u0131ld\u0131.<\/p>\n<p>Unutulmaya y\u00fcz tutmu\u015f geleneksel Ramazan etkinliklerinin de yer ald\u0131\u011f\u0131 programda, Toroslar Belediye Ba\u015fkan\u0131 Ats\u0131z Af\u015f\u0131n Y\u0131lmaz, hem\u015fehrileriyle bir araya geldi. Depremzede vatanda\u015flar\u0131n da kat\u0131ld\u0131\u011f\u0131 iftar yeme\u011finde, birli\u011fin, beraberli\u011fin ve dayan\u0131\u015fman\u0131n en g\u00fczel manevi atmosferi ya\u015fand\u0131.<\/p>\n<p>Ba\u015fkan Y\u0131lmaz, iftar masalar\u0131n\u0131 tek tek gezerek 7&#8217;den 70&#8217;e herkesin Ramazan ay\u0131n\u0131 tebrik etti.<\/p>\n<p>Vatanda\u015flar\u0131n yo\u011fun ilgi g\u00f6sterdi\u011fi programda, okunan Kuran-\u0131 Kerim tilavetinin ard\u0131ndan bu y\u0131l\u0131n ilk orucu a\u00e7\u0131ld\u0131. Zeki Ayan Mahalle Muhtar\u0131 Mehmet \u015eim\u015fek, mahallesinde d\u00fczenlenen iftar program\u0131 i\u00e7in Ba\u015fkan Y\u0131lmaz&#8217;a te\u015fekk\u00fcr etti.<\/p>\n<p>&#8220;RAMAZAN AYININ GELENEKSEL K\u00dcLT\u00dcR\u00dc YA\u015eATILIYOR&#8221;<\/p>\n<p>Tasavvuf m\u00fczi\u011fi ile renklenen iftar sofralar\u0131na aileleriyle beraber kat\u0131larak keyifli vakit ge\u00e7iren \u00e7ocuklar, iftar sonras\u0131nda ba\u015flayan Hacivat-Karag\u00f6z, sihirbaz g\u00f6sterisi ve \u0130bi\u015f&#8217;e kadar bir\u00e7ok etkinli\u011fin yer ald\u0131\u011f\u0131 Ramazan Panay\u0131r\u0131nda ise doyas\u0131ya e\u011flendi.<\/p>\n<p>\u0130ftar program\u0131nda vatanda\u015flar\u0131n yo\u011fun sevgisiyle kar\u015f\u0131lanan Ba\u015fkan Y\u0131lmaz da \u00e7ocuklarla yak\u0131ndan ilgilenerek onlar\u0131n mutlulu\u011funa ortak oldu.<\/p>\n<p>BA\u015eKAN YILMAZ &#8220;G\u00d6NL\u00dcM\u00dcZ B\u0130R, SOFRAMIZ B\u0130R&#8221;<\/p>\n<p>Toroslar Belediye Ba\u015fkan\u0131 Ats\u0131z Af\u015f\u0131n Y\u0131lmaz, Ramazan ay\u0131 boyunca her g\u00fcn farkl\u0131 bir mahallede vatanda\u015flarla ayn\u0131 sofrada bulu\u015facaklar\u0131n\u0131 s\u00f6yledi.<\/p>\n<p>On bir ay\u0131n sultan\u0131 Ramazan ay\u0131na bir kez daha kavu\u015fman\u0131n mutlulu\u011funu ya\u015fad\u0131klar\u0131n\u0131 belirten Ba\u015fkan Y\u0131lmaz; &#8220;\u00dclke ve millet olarak b\u00fcy\u00fck bir afet ya\u015fad\u0131k. Bu afet, Avrupa \u00fclkelerinin 35&#8217;inden daha b\u00fcy\u00fck bir alanda ya\u015fand\u0131. Depremde hayat\u0131n\u0131 kaybedenlere Allah&#8217;tan rahmet, yaral\u0131lara acil \u015fifalar diliyorum. Evini, i\u015fini kaybeden, d\u00fczeni bozulan karde\u015flerimizin de bir an \u00f6nce eski g\u00fcnlerine kavu\u015fmalar\u0131n\u0131 temenni ediyorum. Mersinimizde, Toroslar\u0131m\u0131zda depremzede misafirlerimiz var. Onlar bizim ba\u015f\u0131m\u0131z\u0131n tac\u0131. Bu s\u0131k\u0131nt\u0131 \u00e7\u00f6z\u00fclene kadar bir ve beraber olaca\u011f\u0131z. Afet s\u00fcrecinde her vatanda\u015f\u0131m\u0131z evinde, elinde ne varsa yard\u0131m i\u00e7in seferber oldular. Belediyemize getirdiler ve biz de ilgili yerlere g\u00f6nderdik ve yard\u0131mlar\u0131 g\u00f6ndermeye devam ediyoruz. Bu b\u00fcy\u00fck afet, bizim ne kadar b\u00fcy\u00fck bir millet oldu\u011fumuzu, dar g\u00fcnde, ac\u0131 g\u00fcnde, s\u0131k\u0131nt\u0131l\u0131 g\u00fcnde nas\u0131l birbirimize kenetlendi\u011fimizi de a\u00e7\u0131k\u00e7a g\u00f6sterdi. Allah hepinizden raz\u0131 olsun. \u00c7ok \u015f\u00fck\u00fcr bizim her t\u00fcrl\u00fc s\u0131k\u0131nt\u0131y\u0131, derdi a\u015facak g\u00fcc\u00fcm\u00fcz ve kuvvetimiz var. Allah&#8217;\u0131n izniyle bu g\u00fcnleri de devlet millet el ele a\u015faca\u011f\u0131z. Ramazan-\u0131 \u015eerifiniz m\u00fcbarek olsun. Allah, bayrama ula\u015fmay\u0131 nasip etsin in\u015fallah&#8221; diye konu\u015ftu.<\/p>\n","protected":false},"excerpt":{"rendered":"<p>Toroslar Belediyesi, her Ramazan oldu\u011fu gibi bu y\u0131l da d\u00fczenledi\u011fi iftar programlar\u0131yla binlerce ki\u015fiyi ayn\u0131 sofrada bulu\u015fturuyor. Ramazan ay\u0131 boyunca her g\u00fcn farkl\u0131 bir mahallede ger\u00e7ekle\u015ftirilecek iftar program\u0131n\u0131n ilki, Zeki &hellip; <a href=\"https:\/\/akdenizolaygazetesi.com\/?p=24868\" class=\"more-link\">Devam\u0131n\u0131 Oku&#8230;<\/a><\/p>\n","protected":false},"author":2,"featured_media":24869,"comment_status":"open","ping_status":"open","sticky":false,"template":"","format":"standard","meta":[],"categories":[2,3],"tags":[],"_links":{"self":[{"href":"https:\/\/akdenizolaygazetesi.com\/index.php?rest_route=\/wp\/v2\/posts\/24868"}],"collection":[{"href":"https:\/\/akdenizolaygazetesi.com\/index.php?rest_route=\/wp\/v2\/posts"}],"about":[{"href":"https:\/\/akdenizolaygazetesi.com\/index.php?rest_route=\/wp\/v2\/types\/post"}],"author":[{"embeddable":true,"href":"https:\/\/akdenizolaygazetesi.com\/index.php?rest_route=\/wp\/v2\/users\/2"}],"replies":[{"embeddable":true,"href":"https:\/\/akdenizolaygazetesi.com\/index.php?rest_route=%2Fwp%2Fv2%2Fcomments&post=24868"}],"version-history":[{"count":1,"href":"https:\/\/akdenizolaygazetesi.com\/index.php?rest_route=\/wp\/v2\/posts\/24868\/revisions"}],"predecessor-version":[{"id":24870,"href":"https:\/\/akdenizolaygazetesi.com\/index.php?rest_route=\/wp\/v2\/posts\/24868\/revisions\/24870"}],"wp:featuredmedia":[{"embeddable":true,"href":"https:\/\/akdenizolaygazetesi.com\/index.php?rest_route=\/wp\/v2\/media\/24869"}],"wp:attachment":[{"href":"https:\/\/akdenizolaygazetesi.com\/index.php?rest_route=%2Fwp%2Fv2%2Fmedia&parent=24868"}],"wp:term":[{"taxonomy":"category","embeddable":true,"href":"https:\/\/akdenizolaygazetesi.com\/index.php?rest_route=%2Fwp%2Fv2%2Fcategories&post=24868"},{"taxonomy":"post_tag","embeddable":true,"href":"https:\/\/akdenizolaygazetesi.com\/index.php?rest_route=%2Fwp%2Fv2%2Ftags&post=24868"}],"curies":[{"name":"wp","href":"https:\/\/api.w.org\/{rel}","templated":true}]}}