{"id":24874,"date":"2023-03-26T09:38:07","date_gmt":"2023-03-26T06:38:07","guid":{"rendered":"http:\/\/akdenizolaygazetesi.com\/?p=24874"},"modified":"2023-03-26T09:38:07","modified_gmt":"2023-03-26T06:38:07","slug":"buyuksehirin-mobil-mutfak-tirinda-pisen-yemeklerle-iftar-sofralari-kuruluyor","status":"publish","type":"post","link":"https:\/\/akdenizolaygazetesi.com\/?p=24874","title":{"rendered":"B\u00dcY\u00dcK\u015eEH\u0130R&#8217;\u0130N MOB\u0130L MUTFAK TIRI&#8217;NDA P\u0130\u015eEN YEMEKLERLE \u0130FTAR SOFRALARI KURULUYOR"},"content":{"rendered":"<p>Mersin B\u00fcy\u00fck\u015fehir Belediyesi, 6 \u015eubat&#8217;ta ya\u015fanan deprem felaketinin ard\u0131ndan elini deprem b\u00f6lgesindeki vatanda\u015flar\u0131n omzundan \u00e7ekmedi. Bar\u0131nmadan g\u0131daya, e\u011fitimden sa\u011fl\u0131k hizmetlerine kadar depremden etkilenen vatanda\u015flar\u0131n yan\u0131nda olan B\u00fcy\u00fck\u015fehir, Ramazan Ay\u0131&#8217;nda da Mobil Mutfak T\u0131r\u0131 ile yemek hizmeti vermeyi s\u00fcrd\u00fcr\u00fcyor. Mobil Mutfak T\u0131r\u0131 Malatya&#8217;n\u0131n Ye\u015filyurt il\u00e7esindeki \u00e7ad\u0131rkentte iftar men\u00fcs\u00fc \u00e7\u0131kar\u0131yor. Ramazan&#8217;\u0131n 2. g\u00fcn\u00fcnde Malatya&#8217;y\u0131 ziyaret eden Cumhuriyet Halk Partisi Genel Ba\u015fkan\u0131 ve Millet \u0130ttifak\u0131 Cumhurba\u015fkan\u0131 Aday\u0131 Kemal K\u0131l\u0131\u00e7daro\u011flu depremzedelerle d\u00fczenlenen iftar yeme\u011finde bir araya geldi.<br \/>\nCumhurba\u015fkan\u0131 Aday\u0131 K\u0131l\u0131\u00e7daro\u011flu Malatya&#8217;da iftar yapt\u0131<\/p>\n<p>CHP Genel Ba\u015fkan\u0131 ve Millet \u0130ttifak\u0131 Cumhurba\u015fkan\u0131 Aday\u0131 Kemal K\u0131l\u0131\u00e7daro\u011flu, Millet \u0130ttifak\u0131&#8217;n\u0131n Genel Ba\u015fkanlar\u0131 ve \u0130stanbul B\u00fcy\u00fck\u015fehir Belediye Ba\u015fkan\u0131 Ekrem \u0130mamo\u011flu, Ankara B\u00fcy\u00fck\u015fehir Belediye Ba\u015fkan\u0131 Mansur Yava\u015f ile birlikte depremin ard\u0131ndan y\u0131k\u0131mlar\u0131n oldu\u011fu Malatya&#8217;y\u0131 ziyaret etti. Kente gelen 6 lider, incelemelerde bulunarak depremzedeler ile g\u00f6r\u00fc\u015ft\u00fc. CHP Lideri K\u0131l\u0131\u00e7daro\u011flu ve di\u011fer liderler ard\u0131ndan d\u00fczenlenen iftar program\u0131na kat\u0131ld\u0131. \u0130ftar \u00e7ad\u0131r\u0131nda kurulan sofralarda depremzedeler ile birlikte yemek yiyen liderler, vatanda\u015flarla sohbet etti. Mersin B\u00fcy\u00fck\u015fehir Belediyesi&#8217;nin Mobil Mutfak T\u0131r\u0131&#8217;nda pi\u015fen yemekler de d\u00fczenlenen iftar program\u0131nda sofralara a\u015f oldu.<\/p>\n<p>Ramazan boyunca Malatya&#8217;da tencereler kaynayacak<\/p>\n<p>Deprem felaketinin oldu\u011fu ilk g\u00fcnden yola \u00e7\u0131kan Mobil Mutfak T\u0131r\u0131, b\u00fcy\u00fck y\u0131k\u0131mlar\u0131n oldu\u011fu bir\u00e7ok b\u00f6lgede depremzedelere hizmet verdi. Samanda\u011f&#8217;\u0131n ard\u0131ndan Ad\u0131yaman&#8217;da 3 \u00f6\u011f\u00fcn yemek \u00e7\u0131kart\u0131lan Mobil Mutfak T\u0131r\u0131, hafta ba\u015f\u0131nda Malatya&#8217;ya park etti. G\u00fcnde ortalama 1500 ki\u015filik iftar men\u00fcs\u00fc \u00e7\u0131kart\u0131lan Mobil Mutfak T\u0131r\u0131, Ye\u015filyurt il\u00e7esi Ba\u011flar Mahallesi Aybakan Caddesi&#8217;nde yer alan \u00e7ad\u0131rkentte hizmet veriyor.<\/p>\n","protected":false},"excerpt":{"rendered":"<p>Mersin B\u00fcy\u00fck\u015fehir Belediyesi, 6 \u015eubat&#8217;ta ya\u015fanan deprem felaketinin ard\u0131ndan elini deprem b\u00f6lgesindeki vatanda\u015flar\u0131n omzundan \u00e7ekmedi. Bar\u0131nmadan g\u0131daya, e\u011fitimden sa\u011fl\u0131k hizmetlerine kadar depremden etkilenen vatanda\u015flar\u0131n yan\u0131nda olan B\u00fcy\u00fck\u015fehir, Ramazan Ay\u0131&#8217;nda da &hellip; <a href=\"https:\/\/akdenizolaygazetesi.com\/?p=24874\" class=\"more-link\">Devam\u0131n\u0131 Oku&#8230;<\/a><\/p>\n","protected":false},"author":2,"featured_media":24875,"comment_status":"open","ping_status":"open","sticky":false,"template":"","format":"standard","meta":[],"categories":[2,3],"tags":[],"_links":{"self":[{"href":"https:\/\/akdenizolaygazetesi.com\/index.php?rest_route=\/wp\/v2\/posts\/24874"}],"collection":[{"href":"https:\/\/akdenizolaygazetesi.com\/index.php?rest_route=\/wp\/v2\/posts"}],"about":[{"href":"https:\/\/akdenizolaygazetesi.com\/index.php?rest_route=\/wp\/v2\/types\/post"}],"author":[{"embeddable":true,"href":"https:\/\/akdenizolaygazetesi.com\/index.php?rest_route=\/wp\/v2\/users\/2"}],"replies":[{"embeddable":true,"href":"https:\/\/akdenizolaygazetesi.com\/index.php?rest_route=%2Fwp%2Fv2%2Fcomments&post=24874"}],"version-history":[{"count":1,"href":"https:\/\/akdenizolaygazetesi.com\/index.php?rest_route=\/wp\/v2\/posts\/24874\/revisions"}],"predecessor-version":[{"id":24876,"href":"https:\/\/akdenizolaygazetesi.com\/index.php?rest_route=\/wp\/v2\/posts\/24874\/revisions\/24876"}],"wp:featuredmedia":[{"embeddable":true,"href":"https:\/\/akdenizolaygazetesi.com\/index.php?rest_route=\/wp\/v2\/media\/24875"}],"wp:attachment":[{"href":"https:\/\/akdenizolaygazetesi.com\/index.php?rest_route=%2Fwp%2Fv2%2Fmedia&parent=24874"}],"wp:term":[{"taxonomy":"category","embeddable":true,"href":"https:\/\/akdenizolaygazetesi.com\/index.php?rest_route=%2Fwp%2Fv2%2Fcategories&post=24874"},{"taxonomy":"post_tag","embeddable":true,"href":"https:\/\/akdenizolaygazetesi.com\/index.php?rest_route=%2Fwp%2Fv2%2Ftags&post=24874"}],"curies":[{"name":"wp","href":"https:\/\/api.w.org\/{rel}","templated":true}]}}