{"id":24877,"date":"2023-03-26T09:39:32","date_gmt":"2023-03-26T06:39:32","guid":{"rendered":"http:\/\/akdenizolaygazetesi.com\/?p=24877"},"modified":"2023-03-26T09:39:32","modified_gmt":"2023-03-26T06:39:32","slug":"akkuyu-nukleer-a-s-ulusal-yaraticilik-yarismasi-duzenliyor","status":"publish","type":"post","link":"https:\/\/akdenizolaygazetesi.com\/?p=24877","title":{"rendered":"AKKUYU N\u00dcKLEER A.\u015e ULUSAL YARATICILIK YARI\u015eMASI D\u00dcZENL\u0130YOR"},"content":{"rendered":"<p>AKKUYU N\u00dcKLEER A.\u015e, 23 Nisan Ulusal Egemenlik ve \u00c7ocuk Bayram\u0131 dolay\u0131s\u0131yla bu y\u0131l da \u00e7ocuklara y\u00f6nelik bir yarat\u0131c\u0131 yar\u0131\u015fma d\u00fczenliyor. Yar\u0131\u015fmaya T\u00fcrkiye&#8217;nin d\u00f6rt bir yan\u0131ndan 6-16 ya\u015f aras\u0131ndaki \u00e7ocuklar ve gen\u00e7ler kat\u0131labilecek.<\/p>\n<p>T\u00fcrkiye Cumhuriyeti&#8217;nde ya\u015fayan \u00e7ocuk ve gen\u00e7leri kapsayan yar\u0131\u015fma, 6-10 ve 11-16 olmak \u00fczere iki ayr\u0131 ya\u015f grubunda d\u00fczenlenecek. Kat\u0131l\u0131mc\u0131lar, \u201cEnerjik Y\u00fczy\u0131l\u201d temal\u0131 video \u00e7ekimi, \u201cAtomik S\u00fcper Kahraman\u201d temal\u0131 \u00e7izim ve \u201cD\u00fcnyay\u0131 De\u011fi\u015ftiren Enerji\u201d temal\u0131 resim olmak \u00fczere \u00fc\u00e7 ayr\u0131 kategoride yar\u0131\u015facak. Her bir yar\u0131\u015fmac\u0131 se\u00e7tikleri kategoride kat\u0131l\u0131m sa\u011flayacak. J\u00fcri, kat\u0131l\u0131mc\u0131lar\u0131n eserlerini teknik performans, sanatsal ifade ve yar\u0131\u015fma temas\u0131na uygunluk a\u00e7\u0131lar\u0131ndan de\u011ferlendirecek. Yar\u0131\u015fma sonunda her ya\u015f kategorisinden ilk 3\u2019e girenler yar\u0131\u015fman\u0131n kazananlar\u0131 olacak. <\/p>\n<p>Kat\u0131l\u0131mc\u0131lardan \u00e7al\u0131\u015fmalar\u0131nda, artan enerji talebinin kar\u015f\u0131lanmas\u0131 a\u00e7\u0131s\u0131ndan n\u00fckleer santral in\u015fa etmenin \u00f6nemini ve n\u00fckleer enerjinin sera gaz\u0131na yol a\u00e7mad\u0131\u011f\u0131ndan, gelecek nesiller i\u00e7in \u00e7evrenin korunmas\u0131n\u0131 sa\u011flayacak bir g\u00fc\u00e7 kayna\u011f\u0131 olarak rol\u00fcn\u00fc vurgulamalar\u0131 isteniyor. <\/p>\n<p>24 Mart itibariyle ba\u015flayan yar\u0131\u015fma i\u00e7in ba\u015fvurular 15 Nisan\u2019a kadar yap\u0131labilecek. Ba\u015fvurular\u0131n communications@akkuyu.com e-posta adresine g\u00f6nderilmesi gerekiyor. <\/p>\n<p>Ba\u015fvuru kurallar\u0131 hakk\u0131nda daha fazla bilgi AKKUYU N\u00dcKLEER A.\u015e\u2019nin resmi internet sayfas\u0131nda Akkuyu Yarat\u0131c\u0131l\u0131k Yar\u0131\u015fmas\u0131 linkinden bulunabilir. Kazananlar 23-30 Nisan 2023 tarihleri aras\u0131nda AKKUYU N\u00dcKLEER A.\u015e\u2019nin internet sayfas\u0131ndan ve \u015firketin sosyal medya hesaplar\u0131ndan duyurulacak.<\/p>\n","protected":false},"excerpt":{"rendered":"<p>AKKUYU N\u00dcKLEER A.\u015e, 23 Nisan Ulusal Egemenlik ve \u00c7ocuk Bayram\u0131 dolay\u0131s\u0131yla bu y\u0131l da \u00e7ocuklara y\u00f6nelik bir yarat\u0131c\u0131 yar\u0131\u015fma d\u00fczenliyor. Yar\u0131\u015fmaya T\u00fcrkiye&#8217;nin d\u00f6rt bir yan\u0131ndan 6-16 ya\u015f aras\u0131ndaki \u00e7ocuklar ve &hellip; <a href=\"https:\/\/akdenizolaygazetesi.com\/?p=24877\" class=\"more-link\">Devam\u0131n\u0131 Oku&#8230;<\/a><\/p>\n","protected":false},"author":2,"featured_media":24878,"comment_status":"open","ping_status":"open","sticky":false,"template":"","format":"standard","meta":[],"categories":[3,11],"tags":[],"_links":{"self":[{"href":"https:\/\/akdenizolaygazetesi.com\/index.php?rest_route=\/wp\/v2\/posts\/24877"}],"collection":[{"href":"https:\/\/akdenizolaygazetesi.com\/index.php?rest_route=\/wp\/v2\/posts"}],"about":[{"href":"https:\/\/akdenizolaygazetesi.com\/index.php?rest_route=\/wp\/v2\/types\/post"}],"author":[{"embeddable":true,"href":"https:\/\/akdenizolaygazetesi.com\/index.php?rest_route=\/wp\/v2\/users\/2"}],"replies":[{"embeddable":true,"href":"https:\/\/akdenizolaygazetesi.com\/index.php?rest_route=%2Fwp%2Fv2%2Fcomments&post=24877"}],"version-history":[{"count":1,"href":"https:\/\/akdenizolaygazetesi.com\/index.php?rest_route=\/wp\/v2\/posts\/24877\/revisions"}],"predecessor-version":[{"id":24879,"href":"https:\/\/akdenizolaygazetesi.com\/index.php?rest_route=\/wp\/v2\/posts\/24877\/revisions\/24879"}],"wp:featuredmedia":[{"embeddable":true,"href":"https:\/\/akdenizolaygazetesi.com\/index.php?rest_route=\/wp\/v2\/media\/24878"}],"wp:attachment":[{"href":"https:\/\/akdenizolaygazetesi.com\/index.php?rest_route=%2Fwp%2Fv2%2Fmedia&parent=24877"}],"wp:term":[{"taxonomy":"category","embeddable":true,"href":"https:\/\/akdenizolaygazetesi.com\/index.php?rest_route=%2Fwp%2Fv2%2Fcategories&post=24877"},{"taxonomy":"post_tag","embeddable":true,"href":"https:\/\/akdenizolaygazetesi.com\/index.php?rest_route=%2Fwp%2Fv2%2Ftags&post=24877"}],"curies":[{"name":"wp","href":"https:\/\/api.w.org\/{rel}","templated":true}]}}