{"id":24880,"date":"2023-03-26T09:41:24","date_gmt":"2023-03-26T06:41:24","guid":{"rendered":"http:\/\/akdenizolaygazetesi.com\/?p=24880"},"modified":"2023-03-26T09:41:24","modified_gmt":"2023-03-26T06:41:24","slug":"vali-ali-hamza-pehlivan-mersin-agropark-tarim-ve-gida-ihtisas-teknoloji-gelistirme-bolgesini-ziyaret-etti-toplanti-gerceklestirildi","status":"publish","type":"post","link":"https:\/\/akdenizolaygazetesi.com\/?p=24880","title":{"rendered":"VAL\u0130 AL\u0130 HAMZA PEHL\u0130VAN, MERS\u0130N AGROPARK TARIM VE GIDA \u0130HT\u0130SAS TEKNOLOJ\u0130 GEL\u0130\u015eT\u0130RME B\u00d6LGES\u0130N\u0130 Z\u0130YARET ETT\u0130, TOPLANTI GER\u00c7EKLE\u015eT\u0130R\u0130LD\u0130"},"content":{"rendered":"<p>Valimiz Ali Hamza Pehlivan, Mersin Agropark Tar\u0131m ve G\u0131da \u0130htisas Teknoloji Geli\u015ftirme B\u00f6lgesini ziyaret etti, Y\u00f6netim Kurulu \u00dcyelerinin kat\u0131l\u0131m\u0131yla de\u011ferlendirme  toplant\u0131s\u0131 ger\u00e7ekle\u015ftirildi.<\/p>\n<p>Vali Pehlivan yapt\u0131\u011f\u0131 de\u011ferlendirmede:\u201dT\u00fcrkiye\u2019nin \u0130lk Tar\u0131m \u0130htisas Teknopark\u0131 olan Mersin Agropark Tar\u0131m ve G\u0131da \u0130htisas Teknoloji Geli\u015ftirme B\u00f6lgesinde giri\u015fimcilerimize yer tahsisi ba\u015flad\u0131. <\/p>\n<p>Tar\u0131m alan\u0131nda faaliyet g\u00f6steren veya bu alanda giri\u015fimde bulunmay\u0131 planlayan firmalar\u0131 Agropark\u0131m\u0131za bekliyoruz.<\/p>\n<p>Sanayi ve Teknoloji Bakanl\u0131\u011f\u0131m\u0131z\u0131n destekleri ile Tarsus \u0130l\u00e7emize ba\u011fl\u0131 Alifak\u0131 ve Re\u015fadiye Mahallelerinde yakla\u015f\u0131k 800 dekar arazi \u00fczerinde yerle\u015fim \u00e7al\u0131\u015fmalar\u0131 devam eden Mersin Tar\u0131m ve G\u0131da \u0130htisas Teknoloji Geli\u015ftirme B\u00f6lgesinde (Mersin Agropark) 1.200 m2 alan \u00fczerine kurulan ve toplam 3.600 m2 kapal\u0131 alan\u0131 olan ofislerin bulundu\u011fu bina in\u015faat\u0131 tamamland\u0131. Tamamlanan 24 ofis ve toplam 700 dekar\u0131 bulan uygulama bah\u00e7eleri AR-GE firmalar\u0131na kap\u0131lar\u0131n\u0131 a\u00e7t\u0131, giri\u015fimcilere yer tahsisi ba\u015flad\u0131.\u201d dedi.<\/p>\n<p>Mersin Agropark kulu\u00e7ka binas\u0131 toplant\u0131 salonunda ger\u00e7ekle\u015ftirilen toplant\u0131ya; Mersin \u00dcniversitesi Rekt\u00f6r\u00fc Prof. Dr. Erol Ya\u015far, Tarsus \u00dcniversitesi Rekt\u00f6r\u00fc Prof. Dr. Orhan Ayd\u0131n, Tarsus Kaymakam\u0131 Kadir Sertel Otcu, Agropark Y\u00f6netim Kurulu Ba\u015fkan\u0131 H. Sefa \u00c7ak\u0131r, Agropark Y\u00f6netim Kurulu Ba\u015fkan Yard\u0131mc\u0131s\u0131 H. Ruhi Ko\u00e7ak, Agropark Genel M\u00fcd\u00fcr\u00fc M.Murat Hocagil ve y\u00f6netim kurulu \u00fcyeleri kat\u0131ld\u0131.<\/p>\n","protected":false},"excerpt":{"rendered":"<p>Valimiz Ali Hamza Pehlivan, Mersin Agropark Tar\u0131m ve G\u0131da \u0130htisas Teknoloji Geli\u015ftirme B\u00f6lgesini ziyaret etti, Y\u00f6netim Kurulu \u00dcyelerinin kat\u0131l\u0131m\u0131yla de\u011ferlendirme toplant\u0131s\u0131 ger\u00e7ekle\u015ftirildi. Vali Pehlivan yapt\u0131\u011f\u0131 de\u011ferlendirmede:\u201dT\u00fcrkiye\u2019nin \u0130lk Tar\u0131m \u0130htisas Teknopark\u0131 &hellip; <a href=\"https:\/\/akdenizolaygazetesi.com\/?p=24880\" class=\"more-link\">Devam\u0131n\u0131 Oku&#8230;<\/a><\/p>\n","protected":false},"author":2,"featured_media":24881,"comment_status":"open","ping_status":"open","sticky":false,"template":"","format":"standard","meta":[],"categories":[2,3,11],"tags":[],"_links":{"self":[{"href":"https:\/\/akdenizolaygazetesi.com\/index.php?rest_route=\/wp\/v2\/posts\/24880"}],"collection":[{"href":"https:\/\/akdenizolaygazetesi.com\/index.php?rest_route=\/wp\/v2\/posts"}],"about":[{"href":"https:\/\/akdenizolaygazetesi.com\/index.php?rest_route=\/wp\/v2\/types\/post"}],"author":[{"embeddable":true,"href":"https:\/\/akdenizolaygazetesi.com\/index.php?rest_route=\/wp\/v2\/users\/2"}],"replies":[{"embeddable":true,"href":"https:\/\/akdenizolaygazetesi.com\/index.php?rest_route=%2Fwp%2Fv2%2Fcomments&post=24880"}],"version-history":[{"count":1,"href":"https:\/\/akdenizolaygazetesi.com\/index.php?rest_route=\/wp\/v2\/posts\/24880\/revisions"}],"predecessor-version":[{"id":24882,"href":"https:\/\/akdenizolaygazetesi.com\/index.php?rest_route=\/wp\/v2\/posts\/24880\/revisions\/24882"}],"wp:featuredmedia":[{"embeddable":true,"href":"https:\/\/akdenizolaygazetesi.com\/index.php?rest_route=\/wp\/v2\/media\/24881"}],"wp:attachment":[{"href":"https:\/\/akdenizolaygazetesi.com\/index.php?rest_route=%2Fwp%2Fv2%2Fmedia&parent=24880"}],"wp:term":[{"taxonomy":"category","embeddable":true,"href":"https:\/\/akdenizolaygazetesi.com\/index.php?rest_route=%2Fwp%2Fv2%2Fcategories&post=24880"},{"taxonomy":"post_tag","embeddable":true,"href":"https:\/\/akdenizolaygazetesi.com\/index.php?rest_route=%2Fwp%2Fv2%2Ftags&post=24880"}],"curies":[{"name":"wp","href":"https:\/\/api.w.org\/{rel}","templated":true}]}}