{"id":24883,"date":"2023-03-26T09:43:11","date_gmt":"2023-03-26T06:43:11","guid":{"rendered":"http:\/\/akdenizolaygazetesi.com\/?p=24883"},"modified":"2023-03-26T09:43:11","modified_gmt":"2023-03-26T06:43:11","slug":"mersin-buyuksehirden-cicek-gibi-pazar-cicek-pazari","status":"publish","type":"post","link":"https:\/\/akdenizolaygazetesi.com\/?p=24883","title":{"rendered":"MERS\u0130N B\u00dcY\u00dcK\u015eEH\u0130R&#8217;DEN \u00c7\u0130\u00c7EK G\u0130B\u0130 PAZAR: &#8216;\u00c7\u0130\u00c7EK PAZARI&#8217;"},"content":{"rendered":"<p>Mersin B\u00fcy\u00fck\u015fehir Belediyesi, farkl\u0131 alanlarda \u00fcretim yapan kad\u0131n \u00fcreticilere deste\u011fini s\u00fcrd\u00fcr\u00fcyor. Evde \u00fcretim yapan t\u00fcm kad\u0131nlar\u0131 a\u00e7t\u0131\u011f\u0131 stantlarla bir araya getiren ve ekonomik gelir elde etmesini sa\u011flayan B\u00fcy\u00fck\u015fehir Belediyesi Kad\u0131n ve Aile Hizmetleri Dairesi bu kez de \u00e7i\u00e7ek \u00fcretimi yapan kad\u0131nlar\u0131 Palm City AVM&#8217;de bir araya getirdi.<\/p>\n<p>&#8216;Seversin \u00c7i\u00e7ek Kokar Mersin&#8217; slogan\u0131yla \u00e7i\u00e7ek \u00fcretimi yapan 13 kad\u0131n i\u00e7in stant a\u00e7an B\u00fcy\u00fck\u015fehir Belediyesi, kad\u0131n \u00fcreticilere sat\u0131\u015f i\u00e7in \u00f6nemli bir pazar imkan\u0131 sunuyor. Birebir ileti\u015fimle sat\u0131\u015f\u0131n yan\u0131 s\u0131ra sosyalle\u015fme imkan\u0131 da bulan kad\u0131nlar \u00c7i\u00e7ek Pazar\u0131&#8217;nda 26 Mart&#8217;a kadar \u00fcr\u00fcnlerini tan\u0131tacak. Kad\u0131n \u00fcreticilerin etkinlikleri y\u0131l i\u00e7erisinde belirli aral\u0131klarla devam edecek.<\/p>\n<p>&#8220;Umutlar\u0131m\u0131z\u0131 ye\u015ferterek \u00c7i\u00e7ek Pazar\u0131 etkinli\u011fini a\u00e7mak istedik&#8221;<\/p>\n<p>Mersin B\u00fcy\u00fck\u015fehir Belediyesi Kad\u0131n ve Aile Hizmetleri Dairesi Ba\u015fkanl\u0131\u011f\u0131&#8217;nda g\u00f6rev yapan Burcu Sert, uzun s\u00fcredir ger\u00e7ekle\u015ftirmedikleri etkinlikleri \u00c7i\u00e7ek Pazar\u0131 ile ba\u015flatmak istediklerini belirterek, &#8220;13 tane kad\u0131n \u00fcreticimizin \u00fcretti\u011fi \u00e7i\u00e7eklerle birlikte \u00c7i\u00e7ek Pazar\u0131m\u0131z\u0131 a\u00e7t\u0131k. 26 Mart tarihine kadar sabah saat 10&#8217;dan ak\u015fam saat 22&#8217;ye kadar etkinli\u011fimiz devam edecek. T\u00fcrkiye olarak ge\u00e7irdi\u011fimiz bu zorlu s\u00fcre\u00e7ten sonra ilk \u00c7i\u00e7ek Pazar\u0131 etkinli\u011fi ile umutlar\u0131m\u0131z\u0131 ye\u015ferterek a\u00e7mak istedik. \u015eu anda ilgi gayet g\u00fczel, herkesi bekliyoruz&#8221; dedi.<\/p>\n<p>Palm City Al\u0131\u015fveri\u015f Merkezi Pazarlama Uzman\u0131 Can Yazgan da &#8220;Bug\u00fcn Mersin B\u00fcy\u00fck\u015fehir Belediyesi&#8217;ne ba\u011fl\u0131 kad\u0131n \u00fcreticilerin yer ald\u0131\u011f\u0131 \u00c7i\u00e7ek Pazar\u0131&#8217;na ev sahipli\u011fi yap\u0131yoruz. Kad\u0131n elinden \u00fcretimi her zaman destekliyoruz. Mersin B\u00fcy\u00fck\u015fehir Belediyesi&#8217;ne de bu desteklerinden dolay\u0131 te\u015fekk\u00fcr ederiz. Depremden sonra ger\u00e7ekle\u015ftirdi\u011fimiz ilk etkinlik. \u00c7i\u00e7e\u011fin iyile\u015ftirici ve birle\u015ftirici g\u00fcc\u00fcne inan\u0131yoruz&#8221; ifadelerini kulland\u0131.<\/p>\n<p>&#8220;Kad\u0131nlarn aile ekonomisine \u00e7ok b\u00fcy\u00fck katk\u0131 sa\u011fl\u0131yor&#8221;<\/p>\n<p>7 y\u0131ld\u0131r evinin balkonunda skulent ve kakt\u00fcs yeti\u015ftiricili\u011fi yapan \u00d6zlem Beker, \u00dcretici Kad\u0131n Stantlar\u0131&#8217;nda ilk kez yer a\u0131yor. Olduk\u00e7a heyecnal\u0131 oldu\u011funu s\u00f6yleyen Beker, &#8220;\u0130nsanlarla birebir ileti\u015fim kurmak \u00e7ok g\u00fczel. Daha \u00f6nce internetten sat\u0131\u015f yap\u0131yorum. Burada bir arada \u015fu anda \u00e7ok b\u00fcy\u00fck mutlulu\u011fun i\u00e7erisindeyim&#8221; dedi. Etkinli\u011fe ilk defa kat\u0131lmas\u0131na ra\u011fmen \u00e7ok sevdi\u011fini ifade eden Beker, &#8220;\u00c7ok g\u00fczel. Kad\u0131nlar\u0131n aile ekonomisine \u00e7ok b\u00fcy\u00fck katk\u0131 sa\u011fl\u0131yor. \u00c7ok mutluyum \u015fu anda, inan\u0131lmaz bir duygu. \u00c7\u00fcnk\u00fc severek yapt\u0131\u011f\u0131m bir i\u015f. Bu i\u015ften para kazan\u0131yorum. Paha bi\u00e7ilemez bir duygu&#8221; diye konu\u015ftu.<\/p>\n<p>&#8220;Sat\u0131\u015f yapabilecek pazar bulam\u0131yorduk&#8221;<\/p>\n<p>T\u00fcrkan Feyza G\u00f6rg\u00fcn ise makrome ve ah\u015fap \u00fcr\u00fcnler \u00fcretiyor. B\u00fcy\u00fck\u015fehir&#8217;in kad\u0131nlar \u00fcreticilere yapt\u0131\u011f\u0131 etkinlikler i\u00e7in, &#8220;G\u00fczel ge\u00e7iyor, keyifli ge\u00e7iyor. Etkinlikler bizim i\u00e7in b\u00fcy\u00fck bir aktivite oluyor&#8221; diyen G\u00f6rg\u00fcn, &#8220;Y\u0131lba\u015f\u0131ndan \u00f6nce ba\u015flad\u0131m. Bu ikinci etkinli\u011fim. Ben \u00f6zellikle iki senedir asl\u0131nda bu i\u015fi yap\u0131yorum ama \u00f6ncesinde ger\u00e7ekten sat\u0131\u015f yapabilecek pazar bulam\u0131yorduk. \u0130nternet \u00fczerinden sat\u0131yoruz ama pazarda yeni oldu\u011funuzda insanlara ula\u015fmak biraz zor. B\u00fcy\u00fck\u015fehir Belediyesi&#8217;nin sayesinde \u00e7ok fazla insanla tan\u0131\u015ft\u0131k ve bu etkinlikler bizim i\u00e7in \u00e7ok b\u00fcy\u00fck bir\u015fey oluyor. Hem sayfam\u0131zda m\u00fc\u015fteri topluyoruz hem burada g\u00fczel sat\u0131\u015flar yap\u0131yoruz. Bence \u00e7ok g\u00fczel bir i\u015f yap\u0131yorlar. Desteklerini de hi\u00e7 esirgemiyorlar. Bizim i\u00e7in ger\u00e7ekten b\u00fcy\u00fck bir kap\u0131 a\u00e7\u0131ld\u0131&#8221; dedi.<\/p>\n","protected":false},"excerpt":{"rendered":"<p>Mersin B\u00fcy\u00fck\u015fehir Belediyesi, farkl\u0131 alanlarda \u00fcretim yapan kad\u0131n \u00fcreticilere deste\u011fini s\u00fcrd\u00fcr\u00fcyor. Evde \u00fcretim yapan t\u00fcm kad\u0131nlar\u0131 a\u00e7t\u0131\u011f\u0131 stantlarla bir araya getiren ve ekonomik gelir elde etmesini sa\u011flayan B\u00fcy\u00fck\u015fehir Belediyesi Kad\u0131n &hellip; <a href=\"https:\/\/akdenizolaygazetesi.com\/?p=24883\" class=\"more-link\">Devam\u0131n\u0131 Oku&#8230;<\/a><\/p>\n","protected":false},"author":2,"featured_media":24884,"comment_status":"open","ping_status":"open","sticky":false,"template":"","format":"standard","meta":[],"categories":[8,3],"tags":[],"_links":{"self":[{"href":"https:\/\/akdenizolaygazetesi.com\/index.php?rest_route=\/wp\/v2\/posts\/24883"}],"collection":[{"href":"https:\/\/akdenizolaygazetesi.com\/index.php?rest_route=\/wp\/v2\/posts"}],"about":[{"href":"https:\/\/akdenizolaygazetesi.com\/index.php?rest_route=\/wp\/v2\/types\/post"}],"author":[{"embeddable":true,"href":"https:\/\/akdenizolaygazetesi.com\/index.php?rest_route=\/wp\/v2\/users\/2"}],"replies":[{"embeddable":true,"href":"https:\/\/akdenizolaygazetesi.com\/index.php?rest_route=%2Fwp%2Fv2%2Fcomments&post=24883"}],"version-history":[{"count":1,"href":"https:\/\/akdenizolaygazetesi.com\/index.php?rest_route=\/wp\/v2\/posts\/24883\/revisions"}],"predecessor-version":[{"id":24885,"href":"https:\/\/akdenizolaygazetesi.com\/index.php?rest_route=\/wp\/v2\/posts\/24883\/revisions\/24885"}],"wp:featuredmedia":[{"embeddable":true,"href":"https:\/\/akdenizolaygazetesi.com\/index.php?rest_route=\/wp\/v2\/media\/24884"}],"wp:attachment":[{"href":"https:\/\/akdenizolaygazetesi.com\/index.php?rest_route=%2Fwp%2Fv2%2Fmedia&parent=24883"}],"wp:term":[{"taxonomy":"category","embeddable":true,"href":"https:\/\/akdenizolaygazetesi.com\/index.php?rest_route=%2Fwp%2Fv2%2Fcategories&post=24883"},{"taxonomy":"post_tag","embeddable":true,"href":"https:\/\/akdenizolaygazetesi.com\/index.php?rest_route=%2Fwp%2Fv2%2Ftags&post=24883"}],"curies":[{"name":"wp","href":"https:\/\/api.w.org\/{rel}","templated":true}]}}