{"id":24887,"date":"2023-03-27T13:30:08","date_gmt":"2023-03-27T10:30:08","guid":{"rendered":"http:\/\/akdenizolaygazetesi.com\/?p=24887"},"modified":"2023-03-27T13:30:08","modified_gmt":"2023-03-27T10:30:08","slug":"koca-iftar-sofrasinda-depremzede-vatandaslarimizla-bulustu","status":"publish","type":"post","link":"https:\/\/akdenizolaygazetesi.com\/?p=24887","title":{"rendered":"KOCA, \u0130FTAR SOFRASINDA DEPREMZEDE VATANDA\u015eLARIMIZLA BULU\u015eTU"},"content":{"rendered":"<p>\u0130l Milli E\u011fitim M\u00fcd\u00fcr\u00fcm\u00fcz Say\u0131n Adem KOCA, Mersin Suphi \u00d6ner \u00d6\u011fretmenevi&#8217;nde misafir etti\u011fimiz depremzede vatanda\u015flar\u0131m\u0131zla iftar sofras\u0131nda bulu\u015ftu.<br \/>\n\u0130ftar sonras\u0131nda vatanda\u015flar\u0131m\u0131zla sohbet eden Say\u0131n Adem KOCA, \u015funlar\u0131 ifade etti:<br \/>\n &#8220;M\u00fcbarek \u0130ftar sofram\u0131z\u0131 ilimizde misafir etti\u011fimiz depremzede vatanda\u015flar\u0131m\u0131zla payla\u015fmaktan b\u00fcy\u00fck bir mutluluk duyuyorum. \u00dclkece ya\u015fad\u0131\u011f\u0131m\u0131z asr\u0131n felaketinde Millet\u00e7e \u00e7ok \u00fcz\u00fcld\u00fck, afetzede vatanda\u015flar\u0131m\u0131zla birlikte y\u00fcre\u011fimiz yand\u0131. Maalesef bir\u00e7ok vatanda\u015f\u0131m\u0131z ba\u015fka illere misafir olmak zorunda kald\u0131. Mersin \u0130l Milli E\u011fitim M\u00fcd\u00fcrl\u00fc\u011f\u00fc olarak bizler de 26.03.2023 tarihi itibariyle ilimiz genelinde 9 \u00f6\u011fretmenevimizde 653; 26 pansiyonumuzda 2.090 ve Hizmet i\u00e7i E\u011fitim Enstit\u00fcm\u00fczde 154 olmak \u00fczere toplam 2.897 vatanda\u015f\u0131m\u0131z\u0131 a\u011f\u0131rl\u0131yoruz. Bizler onlar\u0131 asla yaln\u0131z b\u0131rakmayacak, bu zorlu s\u00fcre\u00e7 atlat\u0131l\u0131ncaya kadar misafirlerimizi evlerinde hissettirmek i\u00e7in ne gerekiyorsa yapaca\u011f\u0131z. En kalbi duygular\u0131mla inan\u0131yorum ki Kadim Devletimiz ve Aziz Milletimiz el birli\u011fi i\u00e7inde, yard\u0131mla\u015fma ve dayan\u0131\u015fma ruhuyla bu zorlu g\u00fcnlerin \u00fcstesinden gelece\u011fiz. Vatanda\u015flar\u0131m\u0131z en g\u00fcvenli \u015fekilde yuvalar\u0131na kavu\u015facaklar. Bizlerin tek y\u00fcrek oldu\u011fumuz s\u00fcrece, birlik i\u00e7inde oldu\u011fumuz s\u00fcrece \u00fcstesinden gelemeyece\u011fi bir \u015fey yok. Ramazan sofras\u0131 bizleri bulu\u015fturan en hay\u0131rl\u0131 sofrad\u0131r. Ramazan-\u0131 \u015eerif&#8217;in bereketi ve rahmetiyle millet\u00e7e en hay\u0131rl\u0131 g\u00fcnleri ya\u015fayaca\u011f\u0131m\u0131za ve zorluklar\u0131 a\u015faca\u011f\u0131m\u0131za y\u00fcrekten inan\u0131yorum. Allah Aziz Milletimize bir daha b\u00f6yle bir ac\u0131 ya\u015fatmas\u0131n; sofram\u0131z, bereketimiz, birli\u011fimiz, dirli\u011fimiz daim olsun.&#8221; dedi.<\/p>\n","protected":false},"excerpt":{"rendered":"<p>\u0130l Milli E\u011fitim M\u00fcd\u00fcr\u00fcm\u00fcz Say\u0131n Adem KOCA, Mersin Suphi \u00d6ner \u00d6\u011fretmenevi&#8217;nde misafir etti\u011fimiz depremzede vatanda\u015flar\u0131m\u0131zla iftar sofras\u0131nda bulu\u015ftu. \u0130ftar sonras\u0131nda vatanda\u015flar\u0131m\u0131zla sohbet eden Say\u0131n Adem KOCA, \u015funlar\u0131 ifade etti: &#8220;M\u00fcbarek &hellip; <a href=\"https:\/\/akdenizolaygazetesi.com\/?p=24887\" class=\"more-link\">Devam\u0131n\u0131 Oku&#8230;<\/a><\/p>\n","protected":false},"author":2,"featured_media":24888,"comment_status":"open","ping_status":"open","sticky":false,"template":"","format":"standard","meta":[],"categories":[2,3],"tags":[],"_links":{"self":[{"href":"https:\/\/akdenizolaygazetesi.com\/index.php?rest_route=\/wp\/v2\/posts\/24887"}],"collection":[{"href":"https:\/\/akdenizolaygazetesi.com\/index.php?rest_route=\/wp\/v2\/posts"}],"about":[{"href":"https:\/\/akdenizolaygazetesi.com\/index.php?rest_route=\/wp\/v2\/types\/post"}],"author":[{"embeddable":true,"href":"https:\/\/akdenizolaygazetesi.com\/index.php?rest_route=\/wp\/v2\/users\/2"}],"replies":[{"embeddable":true,"href":"https:\/\/akdenizolaygazetesi.com\/index.php?rest_route=%2Fwp%2Fv2%2Fcomments&post=24887"}],"version-history":[{"count":1,"href":"https:\/\/akdenizolaygazetesi.com\/index.php?rest_route=\/wp\/v2\/posts\/24887\/revisions"}],"predecessor-version":[{"id":24889,"href":"https:\/\/akdenizolaygazetesi.com\/index.php?rest_route=\/wp\/v2\/posts\/24887\/revisions\/24889"}],"wp:featuredmedia":[{"embeddable":true,"href":"https:\/\/akdenizolaygazetesi.com\/index.php?rest_route=\/wp\/v2\/media\/24888"}],"wp:attachment":[{"href":"https:\/\/akdenizolaygazetesi.com\/index.php?rest_route=%2Fwp%2Fv2%2Fmedia&parent=24887"}],"wp:term":[{"taxonomy":"category","embeddable":true,"href":"https:\/\/akdenizolaygazetesi.com\/index.php?rest_route=%2Fwp%2Fv2%2Fcategories&post=24887"},{"taxonomy":"post_tag","embeddable":true,"href":"https:\/\/akdenizolaygazetesi.com\/index.php?rest_route=%2Fwp%2Fv2%2Ftags&post=24887"}],"curies":[{"name":"wp","href":"https:\/\/api.w.org\/{rel}","templated":true}]}}