{"id":24906,"date":"2023-03-27T17:44:15","date_gmt":"2023-03-27T14:44:15","guid":{"rendered":"http:\/\/akdenizolaygazetesi.com\/?p=24906"},"modified":"2023-03-27T17:44:15","modified_gmt":"2023-03-27T14:44:15","slug":"toroslarda-ramazan-aksamlari-bir-baska-guzel","status":"publish","type":"post","link":"https:\/\/akdenizolaygazetesi.com\/?p=24906","title":{"rendered":"TOROSLAR&#8217;DA RAMAZAN AK\u015eAMLARI B\u0130R BA\u015eKA G\u00dcZEL"},"content":{"rendered":"<p>Mersin halk\u0131n\u0131n geleneksel Ramazan etkinleriyle bulu\u015ftu\u011fu Toroslar Belediyesinin \u0130ftar Yeme\u011fi ve Ramazan Panay\u0131r\u0131 yo\u011fun ilgi g\u00f6r\u00fcyor.<\/p>\n<p>Her g\u00fcn bir mahallede d\u00fczenledi\u011fi iftar yeme\u011fi ile il\u00e7e sakinlerini ayn\u0131 sofrada bulu\u015fturan Toroslar Belediye Ba\u015fkan\u0131 Ats\u0131z Af\u015f\u0131n Y\u0131lmaz, geleneksel Ramazan etkinlikleriyle de eski Ramazanlar\u0131 yeni nesillere tan\u0131t\u0131yor.<\/p>\n<p>\u00c7ocuklar\u0131n ve ailelerin keyifli zaman ge\u00e7irdi\u011fi Ramazan Panay\u0131r\u0131&#8217;nda; tasavvuf musikisi, Hacivat-Karag\u00f6z, sihirbaz, \u0130bi\u015f ve tahta bacak g\u00f6sterilerine kadar dopdolu bir Ramazan program\u0131 haz\u0131rlad\u0131klar\u0131n\u0131 belirten Ba\u015fkan Y\u0131lmaz; &#8220;Geleneksel de\u011ferlerimizi \u00e7ocuklar\u0131m\u0131za aktarmaya devam edece\u011fiz. Allah, birli\u011fimizi ve beraberli\u011fimizi daim etsin&#8221; dedi.<\/p>\n<p>Korukent ve Mustafa Kemal Mahallelerinde kurulan iftar masalar\u0131n\u0131 tek tek gezerek hem\u015fehrilerinin Ramazan Ay\u0131n\u0131 tebrik eden Ba\u015fkan Y\u0131lmaz, Te\u015fkilat Ba\u015fkanlar\u0131 ve Y\u00f6neticileri, Sivil Toplum Kurulu\u015flar\u0131n\u0131n Temsilcileri, Belediye Meclis \u00dcyeleri ve Mahalle muhtarlar\u0131n\u0131n da haz\u0131r bulundu\u011fu programda vatanda\u015flarla birlikte orucunu a\u00e7t\u0131.<\/p>\n<p>\u0130l\u00e7ede konaklayan depremzede vatanda\u015flar\u0131n da kat\u0131ld\u0131\u011f\u0131 iftar yeme\u011finde, birlik ve beraberli\u011fin en g\u00fczel foto\u011fraf karesi verildi.<\/p>\n<p>Ramazan ay\u0131n\u0131n huzur ve bereketini hep birlikte payla\u015fan vatanda\u015flar da dualar e\u015fli\u011finde oru\u00e7lar\u0131n\u0131 a\u00e7man\u0131n mutlulu\u011funu ya\u015fad\u0131. Mahalle Muhtarlar\u0131 da mahallelerinde d\u00fczenlenen iftar programlar\u0131 dolay\u0131s\u0131yla Ba\u015fkan Ba\u015fkan Y\u0131lmaz&#8217;a te\u015fekk\u00fcr etti.<\/p>\n<p>BA\u015eKAN YILMAZ; &#8220;B\u0130Z\u0130 B\u00dcY\u00dcK B\u0130R M\u0130LLET YAPAN EN \u00d6NEML\u0130 \u015eEY DAYANI\u015eMA RUHUMUZDUR&#8221;<\/p>\n<p>Mahalle sakinlerine kat\u0131l\u0131mlar\u0131ndan dolay\u0131 te\u015fekk\u00fcr eden Toroslar Belediye Ba\u015fkan\u0131 Ats\u0131z Af\u015f\u0131n Y\u0131lmaz, Ramazan&#8217;\u0131n birlik ve beraberlik oldu\u011funu ifade ederek; &#8220;Ramazan&#8217;da hep birlikte g\u00f6n\u00fcl sofram\u0131z\u0131 kurduk&#8221; dedi.<\/p>\n<p> &#8220;\u00c7ocuklar\u0131m\u0131z\u0131n haf\u0131zalar\u0131nda g\u00fczel hat\u0131ralar b\u0131rakmak istiyoruz&#8221; diyen Ba\u015fkan Y\u0131lmaz; &#8220;Ramazan demek, birlik, beraberlik, payla\u015fma ve kavu\u015fma demektir. Biz de bu g\u00fczellikleri hep beraber ya\u015famak istedik. Her y\u0131l d\u00fczenledi\u011fimiz Ramazan Panay\u0131r\u0131m\u0131z ve iftar programlar\u0131m\u0131z bir gelenek haline geldi. Asr\u0131n felaketi olarak nitelendirilen bir deprem felaketi ya\u015fad\u0131k. Kay\u0131plar\u0131m\u0131z var. Depremde hayat\u0131n\u0131 kaybedenlere Allah&#8217;tan rahmet, yak\u0131nlar\u0131na ba\u015fsa\u011fl\u0131\u011f\u0131 ve yaral\u0131lara acil \u015fifalar diliyorum. Devletimiz ve milletimiz, bu ac\u0131 s\u00fcre\u00e7te birli\u011fini ve beraberli\u011fini bir kez daha g\u00f6stermi\u015ftir. K\u0131sa s\u00fcre i\u00e7erisinde hepiniz elinizde ne varsa bize ula\u015ft\u0131rd\u0131n\u0131z ve yard\u0131m malzemesi olarak deprem b\u00f6lgesine g\u00f6nderdik. B\u00f6lgede halen \u00e7al\u0131\u015fmaya devam ediyoruz. Depremzede karde\u015flerimiz bizim misafirlerimizdir ve ba\u015f\u0131m\u0131z\u0131n tac\u0131d\u0131r. Bu s\u00fcre\u00e7te birlik ve beraberlik g\u00f6sterdi\u011finiz i\u00e7in hepinizi tebrik ediyorum. Allah raz\u0131 olsun. Bizi b\u00fcy\u00fck bir millet ve nitelikli bir topluluk yapan en \u00f6nemli \u015fey dayan\u0131\u015fma ruhumuzdur. B\u00f6yle ac\u0131 ve s\u0131k\u0131nt\u0131l\u0131 g\u00fcnlerde dayan\u0131\u015fma ruhumuzu g\u00f6steriyoruz ve g\u00f6stermeye devam edece\u011fiz. \u0130ftar yeme\u011fimizin ard\u0131ndan sizlerle bulu\u015fturdu\u011fumuz geleneksel Ramazan etkinliklerimiz ile \u00e7ocuklar\u0131m\u0131z\u0131n Ramazan&#8217;\u0131n g\u00fczelliklerini, geleneklerini ya\u015famalar\u0131n\u0131 ve haf\u0131zalar\u0131nda bu g\u00fczelliklerin olmas\u0131n\u0131 istedik&#8221; diye konu\u015ftu.<\/p>\n<p>&#8220;M\u0130LL\u0130 MAR\u015eLAR VE BAYRAKLARLA RAMAZAN CO\u015eKUSU ARTIYOR&#8221;<\/p>\n<p>Geleneksel oyunlar ve sihirbaz g\u00f6sterisinin kar\u015f\u0131s\u0131nda \u015fa\u015fk\u0131nl\u0131\u011f\u0131n\u0131 gizleyemeyen \u00e7ocuklar\u0131n kahkahalar\u0131, iftar programlar\u0131n\u0131n ne\u015fesi oluyor.<\/p>\n<p>Sihirbaz\u0131n g\u00f6sterilerine dahil olan \u00e7ocuklar, k\u00fc\u00e7\u00fck ill\u00fczyon hareketleri yapmay\u0131 da \u00f6\u011frenerek bu heyecan\u0131 deneyimliyor.<\/p>\n<p>Toroslar Belediyesinin geleneksel Ramazan ak\u015famlar\u0131n\u0131n sonunda hep bir a\u011f\u0131zdan s\u00f6ylenen 10&#8217;uncu Y\u0131l ve \u0130zmir Mar\u015f\u0131 da co\u015fkuyu art\u0131r\u0131yor. Ba\u015fkan Y\u0131lmaz ise \u00e7ocuklarla yak\u0131ndan ilgilenerek, kat\u0131l\u0131mc\u0131larla tek tek hat\u0131ra foto\u011fraf\u0131 \u00e7ektiriyor.<\/p>\n","protected":false},"excerpt":{"rendered":"<p>Mersin halk\u0131n\u0131n geleneksel Ramazan etkinleriyle bulu\u015ftu\u011fu Toroslar Belediyesinin \u0130ftar Yeme\u011fi ve Ramazan Panay\u0131r\u0131 yo\u011fun ilgi g\u00f6r\u00fcyor. Her g\u00fcn bir mahallede d\u00fczenledi\u011fi iftar yeme\u011fi ile il\u00e7e sakinlerini ayn\u0131 sofrada bulu\u015fturan Toroslar &hellip; <a href=\"https:\/\/akdenizolaygazetesi.com\/?p=24906\" class=\"more-link\">Devam\u0131n\u0131 Oku&#8230;<\/a><\/p>\n","protected":false},"author":2,"featured_media":24907,"comment_status":"open","ping_status":"open","sticky":false,"template":"","format":"standard","meta":[],"categories":[1,2,3],"tags":[],"_links":{"self":[{"href":"https:\/\/akdenizolaygazetesi.com\/index.php?rest_route=\/wp\/v2\/posts\/24906"}],"collection":[{"href":"https:\/\/akdenizolaygazetesi.com\/index.php?rest_route=\/wp\/v2\/posts"}],"about":[{"href":"https:\/\/akdenizolaygazetesi.com\/index.php?rest_route=\/wp\/v2\/types\/post"}],"author":[{"embeddable":true,"href":"https:\/\/akdenizolaygazetesi.com\/index.php?rest_route=\/wp\/v2\/users\/2"}],"replies":[{"embeddable":true,"href":"https:\/\/akdenizolaygazetesi.com\/index.php?rest_route=%2Fwp%2Fv2%2Fcomments&post=24906"}],"version-history":[{"count":1,"href":"https:\/\/akdenizolaygazetesi.com\/index.php?rest_route=\/wp\/v2\/posts\/24906\/revisions"}],"predecessor-version":[{"id":24908,"href":"https:\/\/akdenizolaygazetesi.com\/index.php?rest_route=\/wp\/v2\/posts\/24906\/revisions\/24908"}],"wp:featuredmedia":[{"embeddable":true,"href":"https:\/\/akdenizolaygazetesi.com\/index.php?rest_route=\/wp\/v2\/media\/24907"}],"wp:attachment":[{"href":"https:\/\/akdenizolaygazetesi.com\/index.php?rest_route=%2Fwp%2Fv2%2Fmedia&parent=24906"}],"wp:term":[{"taxonomy":"category","embeddable":true,"href":"https:\/\/akdenizolaygazetesi.com\/index.php?rest_route=%2Fwp%2Fv2%2Fcategories&post=24906"},{"taxonomy":"post_tag","embeddable":true,"href":"https:\/\/akdenizolaygazetesi.com\/index.php?rest_route=%2Fwp%2Fv2%2Ftags&post=24906"}],"curies":[{"name":"wp","href":"https:\/\/api.w.org\/{rel}","templated":true}]}}