{"id":24909,"date":"2023-03-28T13:31:01","date_gmt":"2023-03-28T10:31:01","guid":{"rendered":"http:\/\/akdenizolaygazetesi.com\/?p=24909"},"modified":"2023-03-28T13:31:01","modified_gmt":"2023-03-28T10:31:01","slug":"secer-bizim-gocten-bir-endisemiz-korkumuz-olamaz-burada-mesele-bu-nufus-hareketlerini-yonetebilmek","status":"publish","type":"post","link":"https:\/\/akdenizolaygazetesi.com\/?p=24909","title":{"rendered":"SE\u00c7ER: &#8220;B\u0130Z\u0130M G\u00d6\u00c7TEN B\u0130R END\u0130\u015eEM\u0130Z, KORKUMUZ OLAMAZ. BURADA MESELE BU N\u00dcFUS HAREKETLER\u0130N\u0130 Y\u00d6NETEB\u0130LMEK&#8221;"},"content":{"rendered":"<p>Mersin B\u00fcy\u00fck\u015fehir Belediye Ba\u015fkan\u0131 Vahap Se\u00e7er, Swedish Association of Local Authorities and Regions (SALAR- \u0130sve\u00e7 Yerel Y\u00f6netimler ve B\u00f6lgeler Birli\u011fi) International Genel M\u00fcd\u00fcrl\u00fc\u011f\u00fc&#8217;nden Y\u00f6netim Ekibi ve Resiliance in Local Governments (RESLOG- Yerel Y\u00f6neti\u015fimde Rezilyans Projesi) Proje Ekibi ile bir araya geldi. Ziyarette; 6 \u015eubat&#8217;ta ya\u015fanan deprem sonras\u0131nda Mersin&#8217;e ya\u015fanan g\u00f6\u00e7\u00fcn kentte olu\u015fturdu\u011fu etkiler hakk\u0131nda konu\u015fulurken,  Ba\u015fkan Se\u00e7er, bu g\u00f6\u00e7 hareketlerini iyi y\u00f6netebilmenin \u00f6nemine dikkat \u00e7ekti.<\/p>\n<p>Ziyarette; SALAR International Genel M\u00fcd\u00fcr\u00fc Ryan Knox, SALAR International RESLOG Proje Y\u00f6neticisi Marlene Hugosson, SALAR Altyap\u0131 Strateji Sorumlusu Selda Taner, Reslog Ulusal Proje Y\u00f6neticisi M. Sinan \u00d6zden, RESLOG Kilit Uzman\u0131 Sezin \u00dcskent, RESLOG K\u0131demli Uzman\u0131 Burcu \u00d6z\u00fcpak G\u00fcle\u00e7, RESLOG \u00c7ukurova B\u00f6lge Uzman\u0131 M. Alim \u00c7opuro\u011flu, Mersin B\u00fcy\u00fck\u015fehir Belediyesi Genel Sekreter Yard\u0131mc\u0131s\u0131 Serdal G\u00f6kayaz ve Mersin B\u00fcy\u00fck\u015fehir Belediyesi Ba\u015fkan Dan\u0131\u015fman\u0131 \u0130brahim Evrim yer ald\u0131.<br \/>\nSe\u00e7er Mersin&#8217;in \u00f6nemli bir istasyon oldu\u011funu kaydetti<br \/>\nMersin B\u00fcy\u00fck\u015fehir Belediye Ba\u015fkan\u0131 Vahap Se\u00e7er, ayn\u0131 ekip ile daha \u00f6nce de bir araya geldiklerini an\u0131msatarak, \u00f6nceki ziyaretin konusunun Suriyeli s\u0131\u011f\u0131nmac\u0131lar, bu ziyaretin konusunun da deprem b\u00f6lgesinden Mersin&#8217;de ge\u00e7ici ya da kal\u0131c\u0131 ya\u015famak i\u00e7in g\u00f6\u00e7 eden insanlar oldu\u011funu vurgulad\u0131. Ba\u015fkan Se\u00e7er, &#8220;Mersin, bu her 2 olay da ald\u0131\u011f\u0131 rol icab\u0131yla da b\u00f6lgede ne kadar \u00f6nemli bir kent oldu\u011funu g\u00f6steriyor. Yani hem Orta Do\u011fu&#8217;daki hem yurt i\u00e7indeki geli\u015fmeler sonucunda e\u011fer demografik bir transfer olacaksa bu geli\u015fmeler Mersin&#8217;in ne kadar \u00f6nemli bir istasyon oldu\u011funu g\u00f6steriyor&#8221; dedi.<br \/>\nG\u00f6\u00e7\u00fc iyi y\u00f6netmenin \u00f6nemine de dikkat \u00e7eken Ba\u015fkan Se\u00e7er, &#8220;Bu olaylara bir \u00f6ng\u00f6r\u00fc ile yakla\u015fam\u0131yorsan\u0131z, g\u00f6rmemezlikten gelirseniz, \u00fcst\u00fcn\u00fc \u00f6rtmeye \u00e7al\u0131\u015f\u0131rsan\u0131z, yok sayarsan\u0131z \u00e7ok b\u00fcy\u00fck olaylar\u0131n ya da sorunlar\u0131n olmas\u0131na neden olursunuz. Ama tam tersi bir yakla\u015f\u0131m ile belki de olu\u015fabilecek \u00e7ok \u00f6nemli olaylar\u0131n \u00f6n\u00fcn\u00fcn alm\u0131\u015f olursunuz. Bizim \u00e7abam\u0131z da bu. E\u011fer ki bunu g\u00f6r\u00fcrseniz, yapt\u0131\u011f\u0131n\u0131z belediye hizmetlerinizin s\u00fcrd\u00fcr\u00fclebilir olmas\u0131 daha kolay olur. &#8216;Ben bunu g\u00f6rd\u00fcm, bunun haz\u0131rl\u0131\u011f\u0131n\u0131 yapt\u0131m&#8217; dersiniz. Ya da n\u00fcfus hareketlerine diren\u00e7li kent olursunuz. Ama hi\u00e7bir \u015fey yokmu\u015f gibi oturur, seyrederseniz b\u00fct\u00fcn sorunlarla da kar\u015f\u0131 kar\u015f\u0131ya kal\u0131rs\u0131n\u0131z&#8221; ifadelerini kulland\u0131.<br \/>\nKentin ald\u0131\u011f\u0131 g\u00f6\u00e7lerle ilgili hi\u00e7bir zaman duyars\u0131z olmad\u0131\u011f\u0131n\u0131 ve konuyu kamuoyuyla dikkatli bir dil ile payla\u015ft\u0131\u011f\u0131n\u0131 ifade eden Se\u00e7er, &#8220;Ne ben ne bu konuda beni bilgilendiren konunun uzman\u0131 arkada\u015flar\u0131m duyars\u0131z kald\u0131. Uyum Merkezi&#8217;ni kurduk. Bu belediyemizde olmayan bir \u015feydi. Bu sorunla ilgili oturduk, konu\u015ftuk, y\u00fczle\u015ftik. Bu bizim ger\u00e7ek sorunumuzdur. Bunu kamuoyu ile payla\u015ft\u0131k. \u00c7ok dikkatli bir dille, dikkatli bir lisanla ama ger\u00e7ekleri \u00f6rtmeden payla\u015ft\u0131k. Suriyeli s\u0131\u011f\u0131nmac\u0131lar konusunda da oldu, son deprem dolay\u0131s\u0131yla oradan buraya gelmek durumunda kalan hem kendi vatanda\u015flar\u0131m\u0131z hem s\u0131\u011f\u0131nmac\u0131 n\u00fcfus ile ilgili yapt\u0131\u011f\u0131m de\u011ferlendirmelerde de bu oldu. Hep bunu g\u00fcndemde tuttum&#8221; dedi.<br \/>\n&#8220;Bizim ayaklar\u0131m\u0131z yere bas\u0131yor. Ne yapt\u0131\u011f\u0131m\u0131z\u0131, ne istedi\u011fimizi biliyoruz&#8221;<br \/>\nT\u00fcrkiye&#8217;de, finans kurulu\u015flar\u0131ndan finansman sa\u011flanmas\u0131na dair en ciddi \u00e7al\u0131\u015fan belediyenin Mersin B\u00fcy\u00fck\u015fehir Belediyesi oldu\u011funu s\u00f6yleyen Se\u00e7er, &#8220;Bizim ayaklar\u0131m\u0131z yere bas\u0131yor. Ne yapt\u0131\u011f\u0131m\u0131z\u0131, ne istedi\u011fimizi biliyoruz. Hani bizde bir tabir vard\u0131r; &#8216;Sinekten ya\u011f \u00e7\u0131karmak&#8217; diye. B\u00f6yle bir dertte de\u011filiz. Bu g\u00f6\u00e7ler, sava\u015flar, depremler olmasayd\u0131 biz zaten bu ihtiyac\u0131 duymayacakt\u0131k. T\u00fcrkiye&#8217;nin gelir s\u0131ralamas\u0131nda 5. belediyesiyiz. Buras\u0131 liman\u0131yla di\u011fer sekt\u00f6rleriyle zengin, iyi bir kent&#8221; dedi.<\/p>\n<p>Haz\u0131rlanm\u0131\u015f bir g\u00f6\u00e7 politikas\u0131 belgesi oldu\u011funu ve bunun 2. ve 3. kademelerinde zenginle\u015ftirilip sonuca var\u0131lmas\u0131 i\u00e7in Mersin B\u00fcy\u00fck\u015fehir Belediyesi&#8217;nin de elinden gelen katk\u0131y\u0131 yapaca\u011f\u0131n\u0131 ifade eden Se\u00e7er, &#8220;\u00c7\u00fcnk\u00fc T\u00fcrkiye&#8217;de bu konuda en verimli alan; hem yeni hem eski n\u00fcfus transferi ya\u015fam\u0131\u015f bir kent olarak Mersin. Bu \u00e7al\u0131\u015fmalar\u0131m\u0131z\u0131 s\u00fcrd\u00fcrece\u011fiz&#8221; diye konu\u015ftu.<\/p>\n<p>&#8220;Bizim g\u00f6\u00e7ten bir endi\u015femiz, korkumuz olamaz. Burada mesele bu n\u00fcfus hareketlerini y\u00f6netebilmek&#8221;<br \/>\nBu t\u00fcr g\u00f6\u00e7lerde \u00f6nemli olan\u0131n bu n\u00fcfus hareketlerini y\u00f6netebilmek oldu\u011funa da dikkat \u00e7eken Ba\u015fkan Se\u00e7er \u015funlar\u0131 kaydetti: &#8220;Bizim g\u00f6\u00e7ten bir endi\u015femiz, korkumuz olamaz. Burada mesele bu n\u00fcfus hareketlerini y\u00f6netebilmek. \u00c7\u00fcnk\u00fc deprem b\u00f6lgesinden insanlar Mersin&#8217;i onlara avantaj sundu\u011fu i\u00e7in tercih ediyor. Bunlar\u0131 \u00f6nleyemezsiniz. Ama \u00f6nemli olan buray\u0131 y\u00f6netecek olan insanlar\u0131n buray\u0131 g\u00f6r\u00fcp bunun tedbirini almas\u0131d\u0131r. Altyap\u0131n\u0131z\u0131, \u015fehir planlaman\u0131z\u0131 ona g\u00f6re yapacaks\u0131n\u0131z. D\u00fczenli, ya\u015fanabilir bir kent olmas\u0131, ona g\u00f6re istihdam alanlar\u0131 yarat\u0131lmas\u0131 i\u00e7in katk\u0131 sunacaks\u0131n\u0131z. Merkezi h\u00fck\u00fcmetin yat\u0131r\u0131mlar\u0131n\u0131 buraya \u00e7ekeceksiniz. Onun i\u00e7in Mersin B\u00fcy\u00fck\u015fehir Belediye Ba\u015fkan\u0131 1 ayd\u0131r &#8216;350-400 bin g\u00f6\u00e7 ald\u0131k, konut a\u00e7\u0131\u011f\u0131 olacak&#8217; diye ba\u011f\u0131r\u0131yor. Biz \u015fu anda bunun \u00e7abas\u0131 i\u00e7erisindeyiz. Deprem b\u00f6lgesinden gelen bizim vatanda\u015flar\u0131m\u0131z ba\u015f\u0131m\u0131z\u0131n tac\u0131d\u0131r. Biz onlar\u0131 burada gayet iyi bir hayat standard\u0131nda ya\u015fatmak i\u00e7in \u00e7aba sarf ediyoruz.&#8221;<\/p>\n<p>Knox: &#8220;\u0130\u015f birli\u011fimizi farkl\u0131 alanlarda geli\u015ftirmek ve geni\u015fletmek istiyoruz&#8221;<br \/>\nSALAR International Genel M\u00fcd\u00fcr\u00fc Ryan Knox ise diren\u00e7li toplum \u00e7al\u0131\u015fmalar\u0131 kapsam\u0131nda; yerel ekonominin kalk\u0131nmas\u0131, do\u011fru bilgiye eri\u015fim ve veri kullan\u0131m\u0131, g\u00f6\u00e7 sonras\u0131 \u015fehre gelen k\u0131r\u0131lgan gruplara y\u00f6nelik sosyal hizmetlerin s\u00fcrd\u00fcr\u00fclebilirli\u011fi ba\u011flam\u0131nda belediyelerle i\u015fbirli\u011fini geli\u015ftirmek istediklerini ve RESLOG Projesi kapsam\u0131nda Mersin B\u00fcy\u00fck\u015fehir Belediyesi&#8217;ni g\u00fc\u00e7l\u00fc bir payda\u015f olarak g\u00f6rd\u00fcklerini s\u00f6yledi.<br \/>\n\u0130sve\u00e7&#8217;teki organizasyonla alakal\u0131 bilgi veren Knox, &#8220;T\u00fcrkiye&#8217;deki Belediyeler Birli\u011fi&#8217;ne benzer bir yap\u0131m\u0131z var. \u0130sve\u00e7 d\u0131\u015f\u0131ndaki \u00e7e\u015fitli \u00fclkelerde faaliyet y\u00fcr\u00fct\u00fcyoruz. Esasen T\u00fcrkiye en uzun s\u00fcredir \u00e7al\u0131\u015ft\u0131\u011f\u0131m\u0131z \u00fclkelerden birisi. 16 y\u0131l oldu. \u00d6zellikle T\u00fcrkiye&#8217;deki B\u00fcy\u00fck\u015fehir Belediyeleri ile uzun bir deneyimimiz var. Sizin belediyenizle RESLOG projeleri \u00e7al\u0131\u015f\u0131yoruz. Burada bizim diren\u00e7li toplumla ilgili \u00e7al\u0131\u015fmalar\u0131, de\u011ferlendirmeleri y\u00fcr\u00fctt\u00fc\u011f\u00fcm\u00fcz\u00fc biliyorum. Bu de\u011ferlendirme \u00e7al\u0131\u015fmalar\u0131n\u0131n bilhassa son ya\u015fanan s\u00fcre\u00e7te faydal\u0131 oldu\u011funa ili\u015fkin geri bildirimleri alm\u0131\u015f oldum. Ve m\u00fcmk\u00fcnse \u00e7al\u0131\u015fma i\u015f birli\u011fimizi farkl\u0131 alanlarda geli\u015ftirmek ve geni\u015fletmek istiyoruz. Yerel ekonominin kalk\u0131nmas\u0131yla ilgili \u00e7al\u0131\u015ft\u0131\u011f\u0131m\u0131z 3 temel \u015fehirden birisi Mersin. Veri kullan\u0131m\u0131na ili\u015fkin baz\u0131 e\u011fitimler olacak&#8221; dedi.<br \/>\n&#8220;Kent hizmetlerinin verilmesi noktas\u0131nda \u00e7al\u0131\u015fmak isteriz&#8221;<br \/>\nYa\u015fanan deprem sonras\u0131 olu\u015fan i\u00e7 g\u00f6\u00e7lerin ard\u0131ndan toplumsal hizmetlerin s\u00fcrd\u00fcr\u00fclebilirli\u011fi \u00fczerine \u00e7al\u0131\u015fmalar yapmak istediklerini s\u00f6zlerine ekleyen Knox, &#8220;Farkl\u0131 yerlere g\u00f6\u00e7 eden ki\u015filerle ilgili durumu d\u00fc\u015f\u00fcnd\u00fc\u011f\u00fcm\u00fczde; sosyal ve toplumsal hizmetlerin nas\u0131l s\u00fcrd\u00fcr\u00fclebilece\u011fine ili\u015fkin baz\u0131 \u00e7al\u0131\u015fmalar yapmay\u0131 d\u00fc\u015f\u00fcn\u00fcyoruz. Bununla ilgili \u00f6ncelikle depremin belediyenizi nas\u0131l etkiledi\u011fine ili\u015fkin g\u00f6r\u00fc\u015flerinizi dinlemek isteriz. Potansiyel olarak kent hizmetlerinin verilmesi ile ilgili belediyenizin durumunu konu\u015fmak ve bu konuda \u00e7al\u0131\u015fmak isteriz&#8221; diye konu\u015ftu.<br \/>\nKnox, s\u00fcrd\u00fcr\u00fclebilir kent hizmetlerinin, d\u00fcnyan\u0131n her noktas\u0131nda \u00e7al\u0131\u015ft\u0131klar\u0131 bir konu oldu\u011funa de\u011finerek,  &#8220;T\u00fcrkiye&#8217;deki ekibimizdeki arkada\u015flar\u0131n kent planlamac\u0131s\u0131 olmas\u0131 da zaten son derece yararl\u0131 bir durum. Buradaki temel mesele fonla ilgili k\u0131sm\u0131n nas\u0131l yap\u0131laca\u011f\u0131. Tabi burada bu kaynaklar\u0131n belediye d\u00fczeyine ula\u015fmas\u0131 ile ilgili lobi yapabilece\u011fimizi ifade ediyor. Bunu ba\u015farabilmemiz i\u00e7in s\u00f6ylediklerimizi teyit edebilece\u011fimiz, kan\u0131tlayabilece\u011fimiz iyi bir veri analizine ihtiyac\u0131m\u0131z var. Yar\u0131n yine depremden etkilenmi\u015f ba\u015fka yerleri ziyaret edece\u011fiz. Bu g\u00f6r\u00fc\u015fmelerin ard\u0131ndan daha sonra Avrupa Birli\u011fi ve D\u00fcnya Bankas\u0131&#8217;yla da g\u00f6r\u00fc\u015fmelerimiz olacak. Orada da; burada belediyelerin ister g\u00f6\u00e7 eden n\u00fcfustan isterse do\u011frudan y\u0131k\u0131mdan etkilenmi\u015f olsun temel rollerinin oldu\u011fu fikrini onlara aktarmaya \u00e7al\u0131\u015faca\u011f\u0131z&#8221; ifadelerini kulland\u0131.<br \/>\nSALAR International Reslog Proje Y\u00f6neticisi Marlene Hugosson ise, &#8220;Depremden sonra kar\u015f\u0131la\u015ft\u0131\u011f\u0131n\u0131z b\u00fcy\u00fck bir zorluk s\u00f6z konusu. Y\u00fcr\u00fctt\u00fc\u011f\u00fcn\u00fcz \u00e7al\u0131\u015fmalardan son derece etkilendi\u011fimi ifade etmek isterim&#8221; dedi.<\/p>\n","protected":false},"excerpt":{"rendered":"<p>Mersin B\u00fcy\u00fck\u015fehir Belediye Ba\u015fkan\u0131 Vahap Se\u00e7er, Swedish Association of Local Authorities and Regions (SALAR- \u0130sve\u00e7 Yerel Y\u00f6netimler ve B\u00f6lgeler Birli\u011fi) International Genel M\u00fcd\u00fcrl\u00fc\u011f\u00fc&#8217;nden Y\u00f6netim Ekibi ve Resiliance in Local Governments &hellip; <a href=\"https:\/\/akdenizolaygazetesi.com\/?p=24909\" class=\"more-link\">Devam\u0131n\u0131 Oku&#8230;<\/a><\/p>\n","protected":false},"author":2,"featured_media":24910,"comment_status":"open","ping_status":"open","sticky":false,"template":"","format":"standard","meta":[],"categories":[7,3],"tags":[],"_links":{"self":[{"href":"https:\/\/akdenizolaygazetesi.com\/index.php?rest_route=\/wp\/v2\/posts\/24909"}],"collection":[{"href":"https:\/\/akdenizolaygazetesi.com\/index.php?rest_route=\/wp\/v2\/posts"}],"about":[{"href":"https:\/\/akdenizolaygazetesi.com\/index.php?rest_route=\/wp\/v2\/types\/post"}],"author":[{"embeddable":true,"href":"https:\/\/akdenizolaygazetesi.com\/index.php?rest_route=\/wp\/v2\/users\/2"}],"replies":[{"embeddable":true,"href":"https:\/\/akdenizolaygazetesi.com\/index.php?rest_route=%2Fwp%2Fv2%2Fcomments&post=24909"}],"version-history":[{"count":1,"href":"https:\/\/akdenizolaygazetesi.com\/index.php?rest_route=\/wp\/v2\/posts\/24909\/revisions"}],"predecessor-version":[{"id":24911,"href":"https:\/\/akdenizolaygazetesi.com\/index.php?rest_route=\/wp\/v2\/posts\/24909\/revisions\/24911"}],"wp:featuredmedia":[{"embeddable":true,"href":"https:\/\/akdenizolaygazetesi.com\/index.php?rest_route=\/wp\/v2\/media\/24910"}],"wp:attachment":[{"href":"https:\/\/akdenizolaygazetesi.com\/index.php?rest_route=%2Fwp%2Fv2%2Fmedia&parent=24909"}],"wp:term":[{"taxonomy":"category","embeddable":true,"href":"https:\/\/akdenizolaygazetesi.com\/index.php?rest_route=%2Fwp%2Fv2%2Fcategories&post=24909"},{"taxonomy":"post_tag","embeddable":true,"href":"https:\/\/akdenizolaygazetesi.com\/index.php?rest_route=%2Fwp%2Fv2%2Ftags&post=24909"}],"curies":[{"name":"wp","href":"https:\/\/api.w.org\/{rel}","templated":true}]}}