{"id":24918,"date":"2023-03-28T13:37:00","date_gmt":"2023-03-28T10:37:00","guid":{"rendered":"http:\/\/akdenizolaygazetesi.com\/?p=24918"},"modified":"2023-03-28T13:37:00","modified_gmt":"2023-03-28T10:37:00","slug":"vali-ali-hamza-pehlivan-sehit-jandarma-uzman-cavus-eren-kizilgedikin-ailesi-ile-iftar-yapti","status":"publish","type":"post","link":"https:\/\/akdenizolaygazetesi.com\/?p=24918","title":{"rendered":"VAL\u0130 AL\u0130 HAMZA PEHL\u0130VAN, \u015eEH\u0130T JANDARMA UZMAN \u00c7AVU\u015e EREN KIZILGED\u0130K\u2019\u0130N A\u0130LES\u0130 \u0130LE \u0130FTAR YAPTI"},"content":{"rendered":"<p>Valimiz Ali Hamza Pehlivan, Y\u0131ld\u0131z Pehlivan ile birlikte, 10.11.2012 tarihinde Siirt \u0130linde yap\u0131lan askeri sevkiyat s\u0131ras\u0131nda helikopterin d\u00fc\u015fmesi sonucu \u015fehit olan Jandarma Uzman \u00c7avu\u015f Eren K\u0131z\u0131lgedik\u2019in, Yeni\u015fehir \u0130l\u00e7esi \u00c7iftlikk\u00f6y Mahallesi\u2019nde ikamet eden ailesi ile birlikte iftar yapt\u0131.<\/p>\n<p>Ziyarette, \u015eehidimiz Eren K\u0131z\u0131lgedik ve b\u00fct\u00fcn \u015fehitlerimiz i\u00e7in dualar edildi. \u015eehidimizin annesi Fatma K\u0131z\u0131lgedik, babas\u0131 Erg\u00fcn K\u0131z\u0131lgedik, karde\u015fleri Yusuf ve Eda K\u0131z\u0131lgedik ile g\u00f6r\u00fc\u015fen Vali Pehlivan, ba\u015fta \u015eehidimiz Eren K\u0131z\u0131lgedik olmak \u00fczere b\u00fct\u00fcn Aziz \u015eehitlerimiz ile ebediyete irtihal etmi\u015f olan Gazilerimizi rahmet ve minnetle y\u00e2d ederek ailelerimize sab\u0131r ve ba\u015fsa\u011fl\u0131\u011f\u0131 diledi. \u015eehidimizin annesi Fatma K\u0131z\u0131lgedik ve babas\u0131 Erg\u00fcn K\u0131z\u0131lgedik&#8217;e T\u00fcrk bayra\u011f\u0131 takdim etti.<\/p>\n<p>Vali Pehlivan, \u015eehidimiz Eren K\u0131z\u0131lgedik\u2019in odas\u0131n\u0131 ziyaret ederek, an\u0131s\u0131na olu\u015fturulan hat\u0131ra defterine de duygu ve d\u00fc\u015f\u00fcncelerini yazd\u0131.<\/p>\n<p>Vali Pehlivan\u2019a, Yeni\u015fehir Kaymakam\u0131 Nevzat \u015eeng\u00f6k ve e\u015fi Fulya \u015eeng\u00f6k, Aile ve Sosyal Hizmetler \u0130l M\u00fcd\u00fcr\u00fc Veysel Topkaya, \u0130l\u00e7e M\u00fcft\u00fcs\u00fc Seyfullah Aruk e\u015flik etti.<\/p>\n","protected":false},"excerpt":{"rendered":"<p>Valimiz Ali Hamza Pehlivan, Y\u0131ld\u0131z Pehlivan ile birlikte, 10.11.2012 tarihinde Siirt \u0130linde yap\u0131lan askeri sevkiyat s\u0131ras\u0131nda helikopterin d\u00fc\u015fmesi sonucu \u015fehit olan Jandarma Uzman \u00c7avu\u015f Eren K\u0131z\u0131lgedik\u2019in, Yeni\u015fehir \u0130l\u00e7esi \u00c7iftlikk\u00f6y Mahallesi\u2019nde &hellip; <a href=\"https:\/\/akdenizolaygazetesi.com\/?p=24918\" class=\"more-link\">Devam\u0131n\u0131 Oku&#8230;<\/a><\/p>\n","protected":false},"author":2,"featured_media":24919,"comment_status":"open","ping_status":"open","sticky":false,"template":"","format":"standard","meta":[],"categories":[3],"tags":[],"_links":{"self":[{"href":"https:\/\/akdenizolaygazetesi.com\/index.php?rest_route=\/wp\/v2\/posts\/24918"}],"collection":[{"href":"https:\/\/akdenizolaygazetesi.com\/index.php?rest_route=\/wp\/v2\/posts"}],"about":[{"href":"https:\/\/akdenizolaygazetesi.com\/index.php?rest_route=\/wp\/v2\/types\/post"}],"author":[{"embeddable":true,"href":"https:\/\/akdenizolaygazetesi.com\/index.php?rest_route=\/wp\/v2\/users\/2"}],"replies":[{"embeddable":true,"href":"https:\/\/akdenizolaygazetesi.com\/index.php?rest_route=%2Fwp%2Fv2%2Fcomments&post=24918"}],"version-history":[{"count":1,"href":"https:\/\/akdenizolaygazetesi.com\/index.php?rest_route=\/wp\/v2\/posts\/24918\/revisions"}],"predecessor-version":[{"id":24920,"href":"https:\/\/akdenizolaygazetesi.com\/index.php?rest_route=\/wp\/v2\/posts\/24918\/revisions\/24920"}],"wp:featuredmedia":[{"embeddable":true,"href":"https:\/\/akdenizolaygazetesi.com\/index.php?rest_route=\/wp\/v2\/media\/24919"}],"wp:attachment":[{"href":"https:\/\/akdenizolaygazetesi.com\/index.php?rest_route=%2Fwp%2Fv2%2Fmedia&parent=24918"}],"wp:term":[{"taxonomy":"category","embeddable":true,"href":"https:\/\/akdenizolaygazetesi.com\/index.php?rest_route=%2Fwp%2Fv2%2Fcategories&post=24918"},{"taxonomy":"post_tag","embeddable":true,"href":"https:\/\/akdenizolaygazetesi.com\/index.php?rest_route=%2Fwp%2Fv2%2Ftags&post=24918"}],"curies":[{"name":"wp","href":"https:\/\/api.w.org\/{rel}","templated":true}]}}