{"id":24922,"date":"2023-03-28T13:38:28","date_gmt":"2023-03-28T10:38:28","guid":{"rendered":"http:\/\/akdenizolaygazetesi.com\/?p=24922"},"modified":"2023-03-28T13:38:28","modified_gmt":"2023-03-28T10:38:28","slug":"akdenizde-misafir-olan-deprem-magduru-ailelerin-cocuklar-ve-genclerin-istekleri-de-yerine-getirildi","status":"publish","type":"post","link":"https:\/\/akdenizolaygazetesi.com\/?p=24922","title":{"rendered":"Akdeniz\u2019de misafir olan deprem ma\u011fduru ailelerin, \u00e7ocuklar ve gen\u00e7lerin istekleri de yerine getirildi"},"content":{"rendered":"<p>Akdeniz Belediye Ba\u015fkan\u0131 M. Mustafa G\u00fcltak, 6 \u015eubat\u2019ta meydana gelen deprem felaketinden ka\u00e7arak Evci Mahallesi\u2019nde bulunan belediyeye ait hizmet binas\u0131nda a\u011f\u0131rlanan depremzede aileleri ziyaret etti. Y\u0131lmaz G\u00fcney Gen\u00e7lik Merkezi\u2019ne de giden Ba\u015fkan G\u00fcltak, burada konaklayan depremzede vatanda\u015flarla birlikte iftar\u0131n\u0131 a\u00e7t\u0131.<br \/>\nDuygusal anlar\u0131n ya\u015fand\u0131\u011f\u0131 bulu\u015fmada Ba\u015fkan G\u00fcltak, afetzede ailelerle sohbet etti, depremden en \u00e7ok etkilenen k\u00fc\u00e7\u00fck \u00e7ocuklarla da yak\u0131ndan ilgilendi. Ba\u015fkan G\u00fcltak, depremzede ailelere verdi\u011fi buzdolab\u0131, \u00e7ama\u015f\u0131r makinesi, televizyon ve internet s\u00f6z\u00fc ile engelli bir depremzede \u00e7ocu\u011fa verdi\u011fi tekerlekli sandalye s\u00f6z\u00fcn\u00fc de yerine getirdi. Akdeniz Belediyesi, Hatay ve Kahramanmara\u015f\u2019tan kente g\u00f6\u00e7 ederek belediyeye ait k\u00fclt\u00fcr sanat evleri ile sosyal tesislerde bar\u0131nan depremzede y\u00fczlerce ailenin, ba\u015fta 3 \u00f6\u011f\u00fcn yemek olmak \u00fczere \u00e7e\u015fitli ihtiya\u00e7lar\u0131n\u0131 kar\u015f\u0131lamaya devam ediyor.<br \/>\nBa\u015fkan G\u00fcltak, depremzede ailelerin taleplerini dinledi<br \/>\nAkdeniz Belediye Ba\u015fkan\u0131 Mustafa G\u00fcltak da misafir edilen depremzede aileleri yaln\u0131z b\u0131rakm\u0131yor, onlarla her f\u0131rsatta bir araya geliyor. Son olarak belediyeye ait Evci Mahallesi\u2019nde bulunan hizmet binas\u0131nda kalan ailelerle bir araya gelen Ba\u015fkan G\u00fcltak, il\u00e7ede misafir edilen vatanda\u015flar\u0131n taleplerini dinledi. Deprem an\u0131nda ve sonras\u0131nda ya\u015fad\u0131klar\u0131n\u0131 dile getiren depremzede aileler, kendilerine g\u00f6sterilen s\u0131cak ilgi ve destekler nedeniyle Ba\u015fkan G\u00fcltak ve ekiplere te\u015fekk\u00fcr etti.<br \/>\n\u201cBir aile s\u0131cakl\u0131\u011f\u0131 olu\u015fturduk\u201d<br \/>\nZiyaretine dair bir a\u00e7\u0131klama yapan Ba\u015fkan G\u00fcltak; ellerindeki t\u00fcm imk\u00e2nlarla depremzede vatanda\u015flar\u0131n yan\u0131nda olmay\u0131 s\u00fcrd\u00fcreceklerinin alt\u0131n\u0131 \u00e7izdi; \u201cEvci Mahallesinde belediyemize ait binada a\u011f\u0131rlad\u0131\u011f\u0131m\u0131z depremzede ailelerimizin en temel ihtiya\u00e7lar\u0131n\u0131 kar\u015f\u0131lamaya devam ediyoruz. Televizyon, buzdolab\u0131, \u00e7ama\u015f\u0131r makinesi gibi ihtiya\u00e7lar\u0131n\u0131 kar\u015f\u0131lad\u0131k. Ayr\u0131ca \u00fcniversiteli gen\u00e7lerimiz i\u00e7in internet ba\u011flad\u0131k. B\u00f6ylece online ders alan \u00f6\u011frenci gen\u00e7lerimize daha kolay ders \u00e7al\u0131\u015fma imk\u00e2n\u0131 sunduk. Burada bir aile s\u0131cakl\u0131\u011f\u0131 olu\u015fturduk\u201d ifadelerini kulland\u0131.<br \/>\nBa\u015fkan G\u00fcltak, iftar\u0131n\u0131 depremzede ailelerle birlikte a\u00e7t\u0131<br \/>\nAkdeniz Belediye Ba\u015fkan\u0131 Mustafa G\u00fcltak, g\u00fcn i\u00e7erisinde Y\u0131lmaz G\u00fcney Gen\u00e7lik Merkezi\u2019nde konaklayan depremzede aileleri de ziyaret etti, onlarla birlikte iftar sofras\u0131na oturdu. Akdeniz \u0130l\u00e7e Kaymakam\u0131 Zeyit \u015eener\u2019in de kat\u0131ld\u0131\u011f\u0131 bulu\u015fmada Ba\u015fkan G\u00fcltak, afet ma\u011fduru vatanda\u015flarla sohbet etti, depremzede \u00e7ocuklarla yak\u0131ndan ilgilenip sohbet etti, oyunlar\u0131na e\u015flik etti. Ya\u015fl\u0131 ve hasta depremzede vatanda\u015flarla da sohbet eden Ba\u015fkan G\u00fcltak, tedavi ve muayeneleri i\u00e7in gerekeni yapacaklar\u0131n\u0131 ifade etti.<\/p>\n","protected":false},"excerpt":{"rendered":"<p>Akdeniz Belediye Ba\u015fkan\u0131 M. Mustafa G\u00fcltak, 6 \u015eubat\u2019ta meydana gelen deprem felaketinden ka\u00e7arak Evci Mahallesi\u2019nde bulunan belediyeye ait hizmet binas\u0131nda a\u011f\u0131rlanan depremzede aileleri ziyaret etti. Y\u0131lmaz G\u00fcney Gen\u00e7lik Merkezi\u2019ne de &hellip; <a href=\"https:\/\/akdenizolaygazetesi.com\/?p=24922\" class=\"more-link\">Devam\u0131n\u0131 Oku&#8230;<\/a><\/p>\n","protected":false},"author":2,"featured_media":24923,"comment_status":"open","ping_status":"open","sticky":false,"template":"","format":"standard","meta":[],"categories":[2,3],"tags":[],"_links":{"self":[{"href":"https:\/\/akdenizolaygazetesi.com\/index.php?rest_route=\/wp\/v2\/posts\/24922"}],"collection":[{"href":"https:\/\/akdenizolaygazetesi.com\/index.php?rest_route=\/wp\/v2\/posts"}],"about":[{"href":"https:\/\/akdenizolaygazetesi.com\/index.php?rest_route=\/wp\/v2\/types\/post"}],"author":[{"embeddable":true,"href":"https:\/\/akdenizolaygazetesi.com\/index.php?rest_route=\/wp\/v2\/users\/2"}],"replies":[{"embeddable":true,"href":"https:\/\/akdenizolaygazetesi.com\/index.php?rest_route=%2Fwp%2Fv2%2Fcomments&post=24922"}],"version-history":[{"count":1,"href":"https:\/\/akdenizolaygazetesi.com\/index.php?rest_route=\/wp\/v2\/posts\/24922\/revisions"}],"predecessor-version":[{"id":24924,"href":"https:\/\/akdenizolaygazetesi.com\/index.php?rest_route=\/wp\/v2\/posts\/24922\/revisions\/24924"}],"wp:featuredmedia":[{"embeddable":true,"href":"https:\/\/akdenizolaygazetesi.com\/index.php?rest_route=\/wp\/v2\/media\/24923"}],"wp:attachment":[{"href":"https:\/\/akdenizolaygazetesi.com\/index.php?rest_route=%2Fwp%2Fv2%2Fmedia&parent=24922"}],"wp:term":[{"taxonomy":"category","embeddable":true,"href":"https:\/\/akdenizolaygazetesi.com\/index.php?rest_route=%2Fwp%2Fv2%2Fcategories&post=24922"},{"taxonomy":"post_tag","embeddable":true,"href":"https:\/\/akdenizolaygazetesi.com\/index.php?rest_route=%2Fwp%2Fv2%2Ftags&post=24922"}],"curies":[{"name":"wp","href":"https:\/\/api.w.org\/{rel}","templated":true}]}}