{"id":24925,"date":"2023-03-28T16:48:01","date_gmt":"2023-03-28T13:48:01","guid":{"rendered":"http:\/\/akdenizolaygazetesi.com\/?p=24925"},"modified":"2023-03-28T16:48:01","modified_gmt":"2023-03-28T13:48:01","slug":"bu-sureci-devlet-millet-el-ele-asacagiz-bu-bizim-milli-mucadelemizdir","status":"publish","type":"post","link":"https:\/\/akdenizolaygazetesi.com\/?p=24925","title":{"rendered":"&#8220;BU S\u00dcREC\u0130, DEVLET M\u0130LLET EL ELE A\u015eACA\u011eIZ. BU B\u0130Z\u0130M M\u0130LL\u0130 M\u00dcCADELEM\u0130ZD\u0130R&#8221;"},"content":{"rendered":"<p>Diyarbak\u0131r PTT Ba\u015fm\u00fcd\u00fcrl\u00fc\u011f\u00fc&#8217;n\u00fcn daire ba\u015fkanlar\u0131na 8 bin liraya mont, 7 bin liraya da ayakkab\u0131 ald\u0131\u011f\u0131 ortaya \u00e7\u0131kt\u0131. CHP Mersin Milletvekili Alpay Antmen sosyal medya hesab\u0131ndan faturalar\u0131 payla\u015ft\u0131.<\/p>\n<p>Konuyla ilgili tepkisini dile getiren Antmen konuyu TBMM g\u00fcndemine ta\u015f\u0131d\u0131. Ula\u015ft\u0131rma ve Altyap\u0131 Bakan\u0131 Adil Karaismailo\u011flu taraf\u0131ndan yan\u0131tlanmas\u0131 i\u00e7in verdi\u011fi soru \u00f6nergesinde &#8220;Diyarbak\u0131r PTT Ba\u015fm\u00fcd\u00fcrl\u00fc\u011f\u00fc&#8217;n\u00fcn ekonomik krizin ortas\u0131nda ve depremzede vatanda\u015flar\u0131n ihtiya\u00e7lar\u0131n\u0131n bekledi\u011fi bir ortamda pahal\u0131 ayakkab\u0131, mont, ceket ve g\u00f6mlek almas\u0131n\u0131 do\u011fru buluyor musunuz?&#8221; diye sordu.<\/p>\n<p>Antmen, \u00f6nergesinde Diyarbak\u0131r PTT Ba\u015fm\u00fcd\u00fcrl\u00fc\u011f\u00fc&#8217;n\u00fcn deprem b\u00f6lgesinde g\u00f6rev yapan daire ba\u015fkanlar\u0131na 7-8 bin liral\u0131k montlar, 3-4 bin liral\u0131k ceketler ve 6-7 bin liral\u0131k ayakkab\u0131lar\u0131n al\u0131nd\u0131\u011f\u0131n\u0131n ve bunlar\u0131n faturalar\u0131n\u0131n ortaya \u00e7\u0131kt\u0131\u011f\u0131n\u0131 ifade etti.<\/p>\n<p>Alpay Antmen&#8217;in \u00f6nergesinde yer alan sorular \u015fu \u015fekilde;<\/p>\n<p>\u2013 Diyarbak\u0131r PTT Ba\u015fm\u00fcd\u00fcrl\u00fc\u011f\u00fc&#8217;n\u00fcn ekonomik krizin ve depremzede vatanda\u015flar\u0131n ihtiya\u00e7lar\u0131n\u0131n bekledi\u011fi bir ortamda pahal\u0131 ayakkab\u0131, mont, ceket ve g\u00f6mlek almas\u0131n\u0131 do\u011fru buluyor musunuz?<\/p>\n<p>\u2013 L\u00fcks i\u00e7in ayr\u0131lan bu b\u00fct\u00e7e \u00e7ad\u0131r, battaniye ve hijyen malzemesi bekleyen depremzede vatanda\u015flara ayr\u0131lsayd\u0131 daha do\u011fru olmaz m\u0131yd\u0131?<\/p>\n<p>\u2013 Diyarbak\u0131r&#8217;da bu e\u015fyalar\u0131 alan daire ba\u015fkanlar\u0131 kimlerdir? Neden bu kadar pahal\u0131 aksesuar ve elbise al\u0131nmas\u0131na ihtiya\u00e7 duymu\u015flard\u0131r?<\/p>\n<p>\u2013 2023 Ocak ay\u0131ndan, \u00f6nergenin yan\u0131tland\u0131\u011f\u0131 tarihe kadar ge\u00e7en s\u00fcrede Diyarbak\u0131r PTT Ba\u015fm\u00fcd\u00fcrl\u00fc\u011f\u00fcn\u00fcn daire ba\u015fkanlar\u0131, m\u00fcd\u00fcr, y\u00f6netim kurulu \u00fcyeleri ve \u015fefler i\u00e7in ald\u0131\u011f\u0131 e\u015fya ve hediyelerin tutar\u0131 nedir? Bunlar nelerdir?<\/p>\n<p>\u2013 \u0130ller s\u0131ras\u0131yla ve ayr\u0131 ayr\u0131 belirtilmek \u00fczere; 2023 Ocak ay\u0131ndan, \u00f6nergenin yan\u0131tland\u0131\u011f\u0131 tarihe kadar ge\u00e7en s\u00fcrede PTT Ba\u015fm\u00fcd\u00fcrl\u00fcklerinde daire ba\u015fkanlar\u0131, m\u00fcd\u00fcr, y\u00f6netim kurulu \u00fcyeleri ve \u015fefler i\u00e7in al\u0131nan e\u015fya ve hediyelerin tutar\u0131 nedir? Bunlar nelerdir?<\/p>\n","protected":false},"excerpt":{"rendered":"<p>Diyarbak\u0131r PTT Ba\u015fm\u00fcd\u00fcrl\u00fc\u011f\u00fc&#8217;n\u00fcn daire ba\u015fkanlar\u0131na 8 bin liraya mont, 7 bin liraya da ayakkab\u0131 ald\u0131\u011f\u0131 ortaya \u00e7\u0131kt\u0131. CHP Mersin Milletvekili Alpay Antmen sosyal medya hesab\u0131ndan faturalar\u0131 payla\u015ft\u0131. Konuyla ilgili tepkisini &hellip; <a href=\"https:\/\/akdenizolaygazetesi.com\/?p=24925\" class=\"more-link\">Devam\u0131n\u0131 Oku&#8230;<\/a><\/p>\n","protected":false},"author":2,"featured_media":24926,"comment_status":"open","ping_status":"open","sticky":false,"template":"","format":"standard","meta":[],"categories":[2,3],"tags":[],"_links":{"self":[{"href":"https:\/\/akdenizolaygazetesi.com\/index.php?rest_route=\/wp\/v2\/posts\/24925"}],"collection":[{"href":"https:\/\/akdenizolaygazetesi.com\/index.php?rest_route=\/wp\/v2\/posts"}],"about":[{"href":"https:\/\/akdenizolaygazetesi.com\/index.php?rest_route=\/wp\/v2\/types\/post"}],"author":[{"embeddable":true,"href":"https:\/\/akdenizolaygazetesi.com\/index.php?rest_route=\/wp\/v2\/users\/2"}],"replies":[{"embeddable":true,"href":"https:\/\/akdenizolaygazetesi.com\/index.php?rest_route=%2Fwp%2Fv2%2Fcomments&post=24925"}],"version-history":[{"count":1,"href":"https:\/\/akdenizolaygazetesi.com\/index.php?rest_route=\/wp\/v2\/posts\/24925\/revisions"}],"predecessor-version":[{"id":24927,"href":"https:\/\/akdenizolaygazetesi.com\/index.php?rest_route=\/wp\/v2\/posts\/24925\/revisions\/24927"}],"wp:featuredmedia":[{"embeddable":true,"href":"https:\/\/akdenizolaygazetesi.com\/index.php?rest_route=\/wp\/v2\/media\/24926"}],"wp:attachment":[{"href":"https:\/\/akdenizolaygazetesi.com\/index.php?rest_route=%2Fwp%2Fv2%2Fmedia&parent=24925"}],"wp:term":[{"taxonomy":"category","embeddable":true,"href":"https:\/\/akdenizolaygazetesi.com\/index.php?rest_route=%2Fwp%2Fv2%2Fcategories&post=24925"},{"taxonomy":"post_tag","embeddable":true,"href":"https:\/\/akdenizolaygazetesi.com\/index.php?rest_route=%2Fwp%2Fv2%2Ftags&post=24925"}],"curies":[{"name":"wp","href":"https:\/\/api.w.org\/{rel}","templated":true}]}}