{"id":24931,"date":"2023-03-29T12:48:36","date_gmt":"2023-03-29T09:48:36","guid":{"rendered":"http:\/\/akdenizolaygazetesi.com\/?p=24931"},"modified":"2023-03-29T12:48:36","modified_gmt":"2023-03-29T09:48:36","slug":"kilicdaroglu-ilk-yapacagimiz-is-israfi-onlemek","status":"publish","type":"post","link":"https:\/\/akdenizolaygazetesi.com\/?p=24931","title":{"rendered":"KILI\u00c7DARO\u011eLU: &#8220;\u0130LK YAPACA\u011eIMIZ \u0130\u015e \u0130SRAFI \u00d6NLEMEK&#8221;"},"content":{"rendered":"<p>Mersin B\u00fcy\u00fck\u015fehir Belediye Ba\u015fkan\u0131 Vahap Se\u00e7er, Cumhuriyet Halk Partisi (CHP) Lideri ve Millet \u0130ttifak\u0131 Cumhurba\u015fkan\u0131 Aday\u0131 Kemal K\u0131l\u0131\u00e7daro\u011flu ile birlikte Konya ve Ere\u011fli&#8217;de \u00e7e\u015fitli programlara kat\u0131ld\u0131.<\/p>\n<p>K\u0131l\u0131\u00e7daro\u011flu: &#8220;T\u00fcrkiye, d\u00fcnya ile yar\u0131\u015ft\u0131\u011f\u0131 zaman g\u00fc\u00e7l\u00fc bir T\u00fcrkiye olacakt\u0131r&#8221;<\/p>\n<p>K\u0131l\u0131\u00e7daro\u011flu ilk olarak Ere\u011fli Atat\u00fcrk Spor Salonu&#8217;nda Millet Bulu\u015fmas\u0131 ger\u00e7ekle\u015ftirdi ve vatanda\u015flara seslendi. K\u0131l\u0131\u00e7daro\u011flu; &#8220;Beraber \u00e7al\u0131\u015f\u0131rsak, birlikte \u00e7al\u0131\u015f\u0131rsak, g\u00fczel \u00fclkemize huzuru getirece\u011fiz. Emin olun bahar geldi ama bahar\u0131 her y\u0131l getirece\u011fiz. Her y\u0131l, her mevsim getirece\u011fiz&#8221; dedi.  Daha \u00f6nce gitti\u011fi farkl\u0131 toplant\u0131larda ve 2. Y\u00fczy\u0131l&#8217;a \u00c7a\u011fr\u0131 Beyannamesi&#8217;nde T\u00fcrkiye&#8217;nin art\u0131k d\u00fcnya ile yar\u0131\u015fmak ve b\u00f6lgesinin lideri olmak zorunda oldu\u011funu kaydetti\u011fini an\u0131msatan K\u0131l\u0131\u00e7daro\u011flu, &#8220;T\u00fcrkiye d\u00fcnya ile yar\u0131\u015ft\u0131\u011f\u0131 zaman b\u00fcy\u00fcyen ve g\u00fc\u00e7l\u00fc bir T\u00fcrkiye olacakt\u0131r&#8221; diye konu\u015ftu.<\/p>\n<p>&#8220;6 lider s\u00f6z verdik. \u0130lk yapaca\u011f\u0131m\u0131z i\u015f Esnaf Bakanl\u0131\u011f\u0131 kurmak&#8221;<\/p>\n<p>G\u00f6reve geldiklerinde vatanda\u015f\u0131n ya\u015fam\u0131n\u0131 kolayla\u015ft\u0131racak hizmetler getireceklerinin alt\u0131n\u0131 \u00e7izen K\u0131l\u0131\u00e7daro\u011flu, &#8220;Esnaf\u0131n, orta dire\u011fin g\u00fc\u00e7lendirilmesi laz\u0131m. Esnaf zor durumda. Satt\u0131\u011f\u0131 \u00fcr\u00fcn\u00fcn yerine yenisini alam\u0131yor. Ne yapaca\u011f\u0131z? 6 lider s\u00f6z verdik. \u0130lk yapaca\u011f\u0131m\u0131z i\u015f bir Esnaf Bakanl\u0131\u011f\u0131 kuraca\u011f\u0131z. Esnaf\u0131n Bakan\u0131 olacak, esnaf sahipsiz olmayacak. Esnaf\u0131n sicil aff\u0131n\u0131 \u00e7\u0131karaca\u011f\u0131z. O konuda hi\u00e7 kimse endi\u015fe etmesin&#8221; ifadelerini kulland\u0131.<\/p>\n<p>&#8220;\u0130lk yapaca\u011f\u0131m\u0131z i\u015f israf\u0131 \u00f6nlemek&#8221;<\/p>\n<p>\u0130ktidara geldikleri zaman en h\u0131zl\u0131 hayata ge\u00e7irecekleri konular\u0131n ba\u015f\u0131nda israf\u0131 \u00f6nlemek olaca\u011f\u0131n\u0131 dile getiren K\u0131l\u0131\u00e7daro\u011flu, &#8220;6 lider s\u00f6z verdik. Beraber bir araya geldik. Ortak Mutabakat Metni \u00e7\u0131kard\u0131k. \u0130sraf haramd\u0131r diye inanc\u0131m\u0131zda var, israf haramd\u0131r diye k\u00fclt\u00fcr\u00fcm\u00fczde var. \u0130lk yapaca\u011f\u0131m\u0131z i\u015f israf\u0131 \u00f6nlemek. Bir numaral\u0131 kararname, b\u00fct\u00fcn savurganl\u0131klar\u0131 s\u0131f\u0131rlayacak, bitirecek bir kararname \u00e7\u0131karaca\u011f\u0131z. \u0130sraf olmayacak&#8221; dedi.<\/p>\n<p>&#8220;Mal varl\u0131\u011f\u0131m\u0131 b\u00fct\u00fcn T\u00fcrkiye&#8217;ye g\u00f6sterece\u011fim&#8221;<\/p>\n<p>&#8216;Devleti y\u00f6netenler, y\u00f6netirken zenginle\u015firlerse art\u0131k halk\u0131 d\u00fc\u015f\u00fcnmezler, kendi mal varl\u0131klar\u0131n\u0131 d\u00fc\u015f\u00fcn\u00fcrler&#8217; s\u00f6z\u00fcnden al\u0131nt\u0131 yaparak konu\u015fmas\u0131n\u0131 s\u00fcrd\u00fcren K\u0131l\u0131\u00e7daro\u011flu, &#8220;Mal varl\u0131\u011f\u0131m\u0131 siyasete girdi\u011fim g\u00fcn a\u00e7\u0131klad\u0131m. Kendi internet siteme koydum. Cumhurba\u015fkanl\u0131\u011f\u0131 adayl\u0131\u011f\u0131m kesinle\u015fti\u011finde, mal varl\u0131\u011f\u0131m\u0131 b\u00fct\u00fcn T\u00fcrkiye&#8217;ye g\u00f6sterece\u011fim. Herkes g\u00f6recek. Temiz bir siyaset getirece\u011fiz. G\u00fczel bir siyaset anlay\u0131\u015f\u0131 olacak.  Vatanda\u015fla siyaset\u00e7i aras\u0131nda g\u00fcven k\u00f6pr\u00fcs\u00fcn\u00fc yeniden in\u015fa edece\u011fiz. Halka do\u011frular\u0131 s\u00f6yleyen, halktan yana olan yeni bir anlay\u0131\u015f getirece\u011fiz&#8221; dedi.<\/p>\n<p>&#8220;Bahar yenilenme zaman\u0131d\u0131r&#8221;<\/p>\n<p>Bahar\u0131n bir yenilenme zaman\u0131 oldu\u011funu s\u00f6zlerine ekleyen K\u0131l\u0131\u00e7daro\u011flu, &#8220;G\u00f6rmek isteyenler i\u00e7in her zaman \u00e7i\u00e7ekler, her zaman baharlar vard\u0131r. Ben o baharlar\u0131 bu \u00fclkenin \u00e7i\u00e7eklerinde, renklerinde, insanlar\u0131nda ve gen\u00e7lerinde g\u00f6r\u00fcyorum. O \u00e7i\u00e7eklerin a\u00e7mamas\u0131 i\u00e7in her t\u00fcrl\u00fc \u015fart vard\u0131 ama o \u00e7i\u00e7ekler yine de a\u00e7t\u0131. B\u00fct\u00fcn zorluklara ra\u011fmen a\u00e7t\u0131. Bahar ger\u00e7ekten de yenilenme zaman\u0131d\u0131r. T\u00fcrkiye&#8217;yi yenilemek i\u00e7in T\u00fcrkiye&#8217;ye bahar\u0131 getirmek i\u00e7in yola \u00e7\u0131kt\u0131k&#8221; \u015feklinde konu\u015ftu.<\/p>\n<p>Program Konya&#8217;daki iftar ile sona erdi<\/p>\n<p>CHP Lideri K\u0131l\u0131\u00e7daro\u011flu, Millet Bulu\u015fmas\u0131&#8217;n\u0131n ard\u0131ndan Ere\u011fli&#8217;de esnaf ziyareti yapt\u0131. Ere\u011fli&#8217;nin ard\u0131ndan Konya&#8217;da Mevlana T\u00fcrbesi&#8217;ni ziyaret eden heyet, daha sonras\u0131nda ise iftar program\u0131na kat\u0131ld\u0131. \u0130ftarda, Gelecek Partisi Genel Ba\u015fkan\u0131 Ahmet Davuto\u011flu da yer ald\u0131.<\/p>\n<p>&#8220;Adalet bir isim de\u011fildir, adalet bizim vicdan\u0131m\u0131zd\u0131r&#8221;<\/p>\n<p>\u0130ftar program\u0131nda yapt\u0131\u011f\u0131 konu\u015fmas\u0131nda adalet kavram\u0131 \u00fczerinde duran K\u0131l\u0131\u00e7daro\u011flu, &#8220;Adalet ayn\u0131 zamanda vicdan demektir. Vicdan Y\u00fcce Yaradan&#8217;\u0131n kalbimizdeki sesidir. E\u011fer bir \u00fclke adalet yoksa, bir \u00fclkede adalet aran\u0131yorsa ciddi temel bir sorunumuz var demektir. Adaleti tesis etmek i\u00e7in her birimizin bir ba\u015fka ki\u015fiye kin ve \u00f6fke duymadan, beraber m\u00fccadele ederek adaleti tesis etmek zorunday\u0131z. E\u011fer kainat adalet \u00fczerine in\u015fa edilmi\u015fse, e\u015frefi mahluk olarak bizlerin de adaleti korumak ve adaleti savunmak gibi bir g\u00f6revimizin olmas\u0131 laz\u0131m. 85 milyon e\u011fer bir \u00e7ocu\u011fun yata\u011fa a\u00e7 girmesine ses \u00e7\u0131karm\u0131yorsa orada adalet yoktur. Adalet bir isim de\u011fildir, adalet bizim vicdan\u0131m\u0131zd\u0131r&#8221; dedi.<\/p>\n<p>&#8220;Hi\u00e7bir ayr\u0131m yapmad\u0131m&#8221;<\/p>\n<p>3 B\u00fcy\u00fck\u015fehir Belediye Ba\u015fkan\u0131&#8217;n\u0131n da Konya program\u0131nda yan\u0131nda oldu\u011funu vurgulayan K\u0131l\u0131\u00e7daro\u011flu, &#8220;Ankara ve \u0130stanbul Belediye Ba\u015fkan\u0131 arkada\u015flar\u0131m\u0131z, ayn\u0131 zamanda in\u015fallah 15 May\u0131s&#8217;ta Cumhurba\u015fkan\u0131 Yard\u0131mc\u0131s\u0131 olacaklar. Say\u0131n Davuto\u011flu ile ve di\u011fer Genel Ba\u015fkanlarla beraber, birlikte bu \u00fclkenin b\u00fcy\u00fcmesi, bu \u00fclkenin kalk\u0131nma ve bu \u00fclkeye adaletin gelmesi i\u00e7in \u00e7aba harcayaca\u011f\u0131z. Deprem oldu\u011funda b\u00fct\u00fcn belediye ba\u015fkanlar\u0131m\u0131z, her birisi, b\u00fct\u00fcn ara\u00e7lar\u0131 ile deprem b\u00f6lgesine gittiler ve ben ikinci g\u00fcn gittim. O so\u011fukta hem depremzedelere g\u00f6sterilen \u00e7abalar\u0131 ve ya\u015fanan dram\u0131 g\u00f6rd\u00fcm. Size \u015fu rakamlar\u0131 vermek isterim. 218 belediyemiz, 11 B\u00fcy\u00fck\u015fehir Belediyemiz, her bir kentin, 11 kentin birer koordinat\u00f6r\u00fc. 11 B\u00fcy\u00fck\u015fehir. \u00d6rne\u011fin; Ankara Kahramanmara\u015f&#8217;\u0131n, \u0130stanbul Hatay&#8217;\u0131n, Mersin Ad\u0131yaman&#8217;\u0131n. Ama her bir B\u00fcy\u00fck\u015fehir Belediyesi&#8217;nin alt\u0131nda bizim 218 belediyemiz ayr\u0131ca \u00e7al\u0131\u015f\u0131yor. 6 bin 944 t\u0131r g\u00f6nderdik. 4 u\u00e7akla yard\u0131m g\u00f6nderildi. 6 gemiyle g\u00f6nderildi, 2 vapurla g\u00f6nderildi, 2 trenle yard\u0131m g\u00f6nderildi. Mazot deste\u011fi veriyoruz, yem deste\u011fi veriyoruz, g\u00fcbre deste\u011fi veriyoruz, fide deste\u011fi veriyoruz. Ben sadece Cumhuriyet Halk Partili Belediyelerin de\u011fil, AK Parti belediyelerinin kurdu\u011fu \u00e7ad\u0131rlara da gittim, onlar\u0131 da ziyaret ettim, onlar\u0131 da ba\u015far\u0131lar diledim. Hi\u00e7bir ayr\u0131m yapmad\u0131m&#8221; dedi.<\/p>\n<p>&#8220;Belediyeler olmasa hi\u00e7bir \u015fey olmayacak&#8221;<\/p>\n<p>Depremin ard\u0131ndan b\u00f6lgeye gitti\u011finde parti ayr\u0131m\u0131 yapmaks\u0131z\u0131n t\u00fcm belediyelerin kurdu\u011fu \u00e7ad\u0131rlara gitti\u011fine dikkat \u00e7eken K\u0131l\u0131\u00e7daro\u011flu &#8220;Tabloyu g\u00f6rd\u00fckten sonra &#8216;\u0130yi ki bu \u00fclkede belediyeler var&#8217; dedim. Belediyeler olmasa hi\u00e7bir \u015fey olmayacak. \u0130nsanlar enkaz alt\u0131ndayken ayr\u0131mc\u0131l\u0131k olur mu? Buradan bizim s\u00fcratle \u00e7\u0131kmam\u0131z ve kurtulmam\u0131z laz\u0131m. Sofrada adaleti sa\u011flayaca\u011f\u0131z sofrada bereketi de sa\u011flayaca\u011f\u0131z. \u00c7ocuklar\u0131m\u0131z g\u00fczel okullara gidecekler. Evlerimizde huzur olacak, evlerimizde bereket olacak. Millet \u0130ttifak\u0131 olarak kavgay\u0131 bitirmeye kararl\u0131y\u0131z. Yeter art\u0131k, bu kadar kavga bizi nereye g\u00f6t\u00fcr\u00fcyor? Kavgadan al\u0131p veremedi\u011fimiz nedir? Beraber olaca\u011f\u0131z, birlikte olaca\u011f\u0131z, kavgay\u0131 bitirece\u011fiz ve T\u00fcrkiye kanatlar\u0131n\u0131 ufka do\u011fru, gelece\u011fe do\u011fru a\u00e7acak. G\u00fczel bir T\u00fcrkiye&#8217;yi in\u015fa edece\u011fiz&#8221; ifadelerini kulland\u0131.<\/p>\n","protected":false},"excerpt":{"rendered":"<p>Mersin B\u00fcy\u00fck\u015fehir Belediye Ba\u015fkan\u0131 Vahap Se\u00e7er, Cumhuriyet Halk Partisi (CHP) Lideri ve Millet \u0130ttifak\u0131 Cumhurba\u015fkan\u0131 Aday\u0131 Kemal K\u0131l\u0131\u00e7daro\u011flu ile birlikte Konya ve Ere\u011fli&#8217;de \u00e7e\u015fitli programlara kat\u0131ld\u0131. K\u0131l\u0131\u00e7daro\u011flu: &#8220;T\u00fcrkiye, d\u00fcnya ile &hellip; <a href=\"https:\/\/akdenizolaygazetesi.com\/?p=24931\" class=\"more-link\">Devam\u0131n\u0131 Oku&#8230;<\/a><\/p>\n","protected":false},"author":2,"featured_media":24932,"comment_status":"open","ping_status":"open","sticky":false,"template":"","format":"standard","meta":[],"categories":[2,3],"tags":[],"_links":{"self":[{"href":"https:\/\/akdenizolaygazetesi.com\/index.php?rest_route=\/wp\/v2\/posts\/24931"}],"collection":[{"href":"https:\/\/akdenizolaygazetesi.com\/index.php?rest_route=\/wp\/v2\/posts"}],"about":[{"href":"https:\/\/akdenizolaygazetesi.com\/index.php?rest_route=\/wp\/v2\/types\/post"}],"author":[{"embeddable":true,"href":"https:\/\/akdenizolaygazetesi.com\/index.php?rest_route=\/wp\/v2\/users\/2"}],"replies":[{"embeddable":true,"href":"https:\/\/akdenizolaygazetesi.com\/index.php?rest_route=%2Fwp%2Fv2%2Fcomments&post=24931"}],"version-history":[{"count":1,"href":"https:\/\/akdenizolaygazetesi.com\/index.php?rest_route=\/wp\/v2\/posts\/24931\/revisions"}],"predecessor-version":[{"id":24933,"href":"https:\/\/akdenizolaygazetesi.com\/index.php?rest_route=\/wp\/v2\/posts\/24931\/revisions\/24933"}],"wp:featuredmedia":[{"embeddable":true,"href":"https:\/\/akdenizolaygazetesi.com\/index.php?rest_route=\/wp\/v2\/media\/24932"}],"wp:attachment":[{"href":"https:\/\/akdenizolaygazetesi.com\/index.php?rest_route=%2Fwp%2Fv2%2Fmedia&parent=24931"}],"wp:term":[{"taxonomy":"category","embeddable":true,"href":"https:\/\/akdenizolaygazetesi.com\/index.php?rest_route=%2Fwp%2Fv2%2Fcategories&post=24931"},{"taxonomy":"post_tag","embeddable":true,"href":"https:\/\/akdenizolaygazetesi.com\/index.php?rest_route=%2Fwp%2Fv2%2Ftags&post=24931"}],"curies":[{"name":"wp","href":"https:\/\/api.w.org\/{rel}","templated":true}]}}