{"id":24934,"date":"2023-03-29T12:51:26","date_gmt":"2023-03-29T09:51:26","guid":{"rendered":"http:\/\/akdenizolaygazetesi.com\/?p=24934"},"modified":"2023-03-29T12:51:26","modified_gmt":"2023-03-29T09:51:26","slug":"buyuksehir-verdigi-hizmetlerle-kadinlara-guven-asilamaya-devam-ediyor","status":"publish","type":"post","link":"https:\/\/akdenizolaygazetesi.com\/?p=24934","title":{"rendered":"B\u00dcY\u00dcK\u015eEH\u0130R VERD\u0130\u011e\u0130 H\u0130ZMETLERLE KADINLARA G\u00dcVEN A\u015eILAMAYA DEVAM ED\u0130YOR"},"content":{"rendered":"<p>Mersin B\u00fcy\u00fck\u015fehir Belediyesi Kad\u0131n ve Aile Hizmetleri Dairesi b\u00fcnyesinde hizmet veren Tarsus Kad\u0131n ve \u00c7ocuk Bilim, Teknoloji At\u00f6lyesi&#8217;nde, kad\u0131nlara y\u00f6nelik olarak a\u00e7\u0131lan &#8216;Photoshop Temel Tasar\u0131m E\u011fitimi&#8217;ni tamamlayan Kadriye Ko\u00e7ak, foto\u011fraf tutkusunu bir ad\u0131m \u00f6teye g\u00f6t\u00fcrmeyi ba\u015fard\u0131.<\/p>\n<p>\u0130lk ba\u015fvuran isim oldu<\/p>\n<p>B\u00fcy\u00fck\u015fehir TEKS\u0130N Mersin uygulamas\u0131na &#8220;Photoshop Temel Tasar\u0131m E\u011fitimi&#8221; almak istedi\u011fini belirterek ba\u015fvuran ilk isim olan Kadriye Ko\u00e7ak, tam 3 ay boyunca e\u011fitimin verildi\u011fi Tarsus Kad\u0131n ve \u00c7ocuk Bilim, Teknoloji At\u00f6lyesi&#8217;ne Mersin merkezden gidi\u015f-geli\u015f yapt\u0131.<br \/>\n\u00d6zel sekt\u00f6rde \u00e7al\u0131\u015fan ve foto\u011fraf tutkusu olan Kadriye Ko\u00e7ak, &#8216;Photoshop Temel Tasar\u0131m E\u011fitimi&#8217; sayesinde; manip\u00fclasyon \u00e7al\u0131\u015fmalar\u0131, temel ara\u00e7 kutular\u0131n\u0131n \u00f6zellikleri, \u0131\u015f\u0131k ayarlar\u0131 ve di\u011fer program \u00f6zelliklerini rahatl\u0131kla kullanabilir duruma geldi. Foto\u011fraf \u00e7ekmeyi \u00e7ok seven Kadriye Ko\u00e7ak, bu konuda gelir elde etmek i\u00e7in kendini daha da geli\u015ftirmeyi hedefliyor.<br \/>\nBir \u00e7ocuk sahibi olan ve her f\u0131rsatta foto\u011fraf \u00e7eken Kadriye Ko\u00e7ak, \u00e7al\u0131\u015fmalar\u0131n\u0131 sosyal medya hesaplar\u0131ndan da payla\u015farak, \u00f6zellikle foto\u011fraf ve photoshop konusunda ilgisi olan kad\u0131nlara da \u00f6rnek oluyor.<\/p>\n<p>Ko\u00e7ak: &#8220;D\u0131\u015f \u00e7ekimlerde photoshop benim \u00e7ok i\u015fime yarad\u0131&#8221;<\/p>\n<p>Kad\u0131n ve \u00c7ocuk Bilim, Teknoloji At\u00f6lye Sorumlusu Emre A\u015fk\u0131n taraf\u0131ndan verilen e\u011fitimler sayesinde, foto\u011fraf tutkusunu bir ad\u0131m \u00f6teye g\u00f6t\u00fcrd\u00fc\u011f\u00fcn\u00fc vurgulayan Kadriye Ko\u00e7ak, &#8220;Foto\u011frafa ilgim var. Foto\u011fraflar\u0131m\u0131 daha ileriye g\u00f6t\u00fcrebilmek i\u00e7in, photoshop kursuna ba\u015flamak istedim. Bu nedenle TEKS\u0130N Mersin sayfas\u0131na ba\u015fvurdum ve onlar da d\u00f6n\u00fc\u015f sa\u011flad\u0131lar. Daha sonra ben photoshop kursu i\u00e7in Tarsus&#8217;a gelmeye ba\u015flad\u0131m. Burada 3 ay boyunca e\u011fitim ald\u0131m. E\u011fitimin temelini ald\u0131m. I\u015f\u0131kland\u0131rma, maskeleme y\u00f6ntemleri ve ara\u00e7lar konusunda kendimi daha da geli\u015ftirdikten sonra, d\u0131\u015f \u00e7ekim yapmaya ba\u015flad\u0131m. D\u0131\u015f \u00e7ekimlerde de photoshop benim i\u015fime \u00e7ok yarad\u0131&#8221; dedi.<\/p>\n<p>Foto\u011fraf konusunda daha da ilerlemek istedi\u011fini kaydeden Ko\u00e7ak, &#8220;Kendimi foto\u011fraf konusunda daha ileriye g\u00f6t\u00fcrmek istiyorum. Foto\u011fraf bana g\u00f6re &#8216;her \u015fey&#8217;. Foto\u011fraf \u00e7ekerken kendimi kaybediyorum. \u00c7\u00fcnk\u00fc, foto\u011fraf \u00e7ekmeyi \u00e7ok seviyorum. Bu anlamda gidebildi\u011fim kadar ileriye gidece\u011fim. \u0130n\u015fallah kendimi daha da geli\u015ftiririm. B\u00fcy\u00fck\u015fehir Belediye Ba\u015fkan\u0131m\u0131z Say\u0131n Vahap Se\u00e7er&#8217;e bu kurslar\u0131, bu merkezleri a\u00e7t\u0131\u011f\u0131 i\u00e7in \u00e7ok te\u015fekk\u00fcr ediyorum&#8221; diye konu\u015ftu.<\/p>\n","protected":false},"excerpt":{"rendered":"<p>Mersin B\u00fcy\u00fck\u015fehir Belediyesi Kad\u0131n ve Aile Hizmetleri Dairesi b\u00fcnyesinde hizmet veren Tarsus Kad\u0131n ve \u00c7ocuk Bilim, Teknoloji At\u00f6lyesi&#8217;nde, kad\u0131nlara y\u00f6nelik olarak a\u00e7\u0131lan &#8216;Photoshop Temel Tasar\u0131m E\u011fitimi&#8217;ni tamamlayan Kadriye Ko\u00e7ak, foto\u011fraf &hellip; <a href=\"https:\/\/akdenizolaygazetesi.com\/?p=24934\" class=\"more-link\">Devam\u0131n\u0131 Oku&#8230;<\/a><\/p>\n","protected":false},"author":2,"featured_media":24935,"comment_status":"open","ping_status":"open","sticky":false,"template":"","format":"standard","meta":[],"categories":[1,2,3],"tags":[],"_links":{"self":[{"href":"https:\/\/akdenizolaygazetesi.com\/index.php?rest_route=\/wp\/v2\/posts\/24934"}],"collection":[{"href":"https:\/\/akdenizolaygazetesi.com\/index.php?rest_route=\/wp\/v2\/posts"}],"about":[{"href":"https:\/\/akdenizolaygazetesi.com\/index.php?rest_route=\/wp\/v2\/types\/post"}],"author":[{"embeddable":true,"href":"https:\/\/akdenizolaygazetesi.com\/index.php?rest_route=\/wp\/v2\/users\/2"}],"replies":[{"embeddable":true,"href":"https:\/\/akdenizolaygazetesi.com\/index.php?rest_route=%2Fwp%2Fv2%2Fcomments&post=24934"}],"version-history":[{"count":1,"href":"https:\/\/akdenizolaygazetesi.com\/index.php?rest_route=\/wp\/v2\/posts\/24934\/revisions"}],"predecessor-version":[{"id":24936,"href":"https:\/\/akdenizolaygazetesi.com\/index.php?rest_route=\/wp\/v2\/posts\/24934\/revisions\/24936"}],"wp:featuredmedia":[{"embeddable":true,"href":"https:\/\/akdenizolaygazetesi.com\/index.php?rest_route=\/wp\/v2\/media\/24935"}],"wp:attachment":[{"href":"https:\/\/akdenizolaygazetesi.com\/index.php?rest_route=%2Fwp%2Fv2%2Fmedia&parent=24934"}],"wp:term":[{"taxonomy":"category","embeddable":true,"href":"https:\/\/akdenizolaygazetesi.com\/index.php?rest_route=%2Fwp%2Fv2%2Fcategories&post=24934"},{"taxonomy":"post_tag","embeddable":true,"href":"https:\/\/akdenizolaygazetesi.com\/index.php?rest_route=%2Fwp%2Fv2%2Ftags&post=24934"}],"curies":[{"name":"wp","href":"https:\/\/api.w.org\/{rel}","templated":true}]}}