{"id":24940,"date":"2023-03-29T12:53:45","date_gmt":"2023-03-29T09:53:45","guid":{"rendered":"http:\/\/akdenizolaygazetesi.com\/?p=24940"},"modified":"2023-03-29T12:53:45","modified_gmt":"2023-03-29T09:53:45","slug":"minikbus-ile-ogrenciler-unutamayacaklari-bir-gun-geciriyor","status":"publish","type":"post","link":"https:\/\/akdenizolaygazetesi.com\/?p=24940","title":{"rendered":"&#8216;M\u0130N\u0130KB\u00dcS&#8217; \u0130LE \u00d6\u011eRENC\u0130LER UNUTAMAYACAKLARI B\u0130R G\u00dcN GE\u00c7\u0130R\u0130YOR"},"content":{"rendered":"<p>Mersin B\u00fcy\u00fck\u015fehir Belediyesi taraf\u0131ndan kentte belirlenen toplam 16 okulun 6. s\u0131n\u0131f \u00f6\u011frencileri, &#8216;Minikb\u00fcs Projesi&#8217; kapsam\u0131nda hafta i\u00e7i her g\u00fcn bir geziye d\u00e2hil ediliyor. Mersin B\u00fcy\u00fck\u015fehir Belediyesi Sosyal Hizmetler Dairesi Ba\u015fkanl\u0131\u011f\u0131 ile Tar\u0131msal Hizmetler Dairesi Ba\u015fkanl\u0131\u011f\u0131 taraf\u0131ndan s\u00fcrd\u00fcr\u00fclen proje ile \u00f6\u011frenciler unutamayacaklar\u0131 bir g\u00fcn ge\u00e7iriyor.<br \/>\nSosyal Hizmetler Dairesi Ba\u015fkanl\u0131\u011f\u0131 ekipleri taraf\u0131ndan Mersin merkezde sinemaya g\u00f6t\u00fcr\u00fclerek g\u00f6n\u00fcllerince e\u011flenmeleri sa\u011flanan \u00f6\u011frenciler, ayn\u0131 zamanda \u0130tfaiye Grup Amirlikleri&#8217;nde de e\u011fitim al\u0131yor. Tar\u0131msal Hizmetler Dairesi Ba\u015fkanl\u0131\u011f\u0131 taraf\u0131ndan da Tarsus Do\u011fa Park\u0131&#8217;na g\u00f6t\u00fcr\u00fclen \u00f6\u011frenciler, onlarca t\u00fcr hayvan\u0131 yak\u0131ndan g\u00f6rme ve tan\u0131ma olana\u011f\u0131 buluyor.<br \/>\nMersin B\u00fcy\u00fck\u015fehir Belediyesi, &#8216;Minikb\u00fcs Projesi&#8217; ile d\u00f6nem boyunca \u00f6\u011frencileri farkl\u0131 etkinliklere d\u00e2hil etmeyi planlarken, \u00f6\u011frenciler b\u00fct\u00fcn programlara kat\u0131lm\u0131\u015f olacak. Bu proje Nisan ve May\u0131s ay\u0131 boyunca devam edecek. Mersin B\u00fcy\u00fck\u015fehir Belediyesi, Minikb\u00fcs Projesi ile toplam 2 bin 830 \u00f6\u011frenciye ula\u015fmay\u0131 hedefliyor. Bu sayede de \u00f6\u011frencilerin sosyo-k\u00fclt\u00fcrel olarak geli\u015fimlerine katk\u0131 sa\u011flanmas\u0131 ama\u00e7lan\u0131yor.<br \/>\nDin\u00e7er: &#8220;16 okulda toplam 2 bin 830 \u00f6\u011frencimizle Minikb\u00fcs Projemizin 2. etab\u0131n\u0131 tamamlamay\u0131 hedefliyoruz&#8221;<br \/>\nMersin B\u00fcy\u00fck\u015fehir Belediyesi Sosyal Hizmetler Dairesi Ba\u015fkanl\u0131\u011f\u0131&#8217;nda g\u00f6revli Sosyal Hizmet Uzman\u0131 Ceyda Din\u00e7er, Minikb\u00fcs Projesi&#8217;nin 2. etab\u0131ndan s\u00f6z ederek, &#8220;Deprem nedeniyle ya\u015fanan zorlu s\u00fcre\u00e7te, \u00f6\u011frencilerimizi desteklemek ve motivasyonlar\u0131n\u0131 art\u0131rmak i\u00e7in, projemizi planlad\u0131\u011f\u0131m\u0131z tarihte ba\u015flatt\u0131k. Projemize kat\u0131lmak \u00fczere belirledi\u011fimiz 16 okulda e\u011fitim g\u00f6rmekte olan 6. s\u0131n\u0131f \u00f6\u011frencilerimizi, hafta i\u00e7i her g\u00fcn program\u0131m\u0131za dahil ediyoruz. Bir grup \u00f6\u011frencimizi sinemaya getirip, itfaiye amirliklerinde e\u011fitim verirken, bir grup \u00f6\u011frencimizi de e\u015f zamanl\u0131 olarak Tarsus Do\u011fa Park\u0131&#8217;na g\u00f6t\u00fcr\u00fcyoruz. Mart ay\u0131nda ba\u015flad\u0131\u011f\u0131m\u0131z, Nisan ve May\u0131s aylar\u0131 boyunca da devam edecek olan projeye kat\u0131lmak \u00fczere belirledi\u011fimiz 16 okulda, toplam 2 bin 830 \u00f6\u011frencimizle Minikb\u00fcs Projemizin 2. etab\u0131n\u0131 tamamlamay\u0131 hedefliyoruz. Biz bu projede ba\u015flang\u0131\u00e7ta dezavantajl\u0131 b\u00f6lgelerdeki \u00e7ocuklara hem e\u011fitim f\u0131rsat\u0131, hem gezme f\u0131rsat\u0131, hem de eri\u015femedikleri, uzak kald\u0131klar\u0131 hizmetleri yak\u0131ndan tan\u0131malar\u0131 i\u00e7in asl\u0131nda bir f\u0131rsat vermeyi ama\u00e7lam\u0131\u015ft\u0131k. Sonraki s\u00fcre\u00e7te b\u00f6lge baz\u0131nda ay\u0131rt etmeksizin hem merkezimizde, hem il\u00e7elerimizde e\u011fitim g\u00f6ren b\u00fct\u00fcn \u00f6\u011frencilerimizi programa dahil ederek, e\u015fit f\u0131rsatlardan yararlanmalar\u0131n\u0131 istedik&#8221; dedi.<br \/>\n\u00d6\u011frenciler &#8216;Minikb\u00fcs&#8217;ten memnun<br \/>\nEtkinliklere kat\u0131lan \u00f6\u011frencilerden K\u00fcbra Nur, &#8220;Deprem y\u00fcz\u00fcnden moralimiz \u00e7ok bozuktu. B\u00f6yle bir etkinlik d\u00fczenledi\u011fi i\u00e7in Belediye Ba\u015fkan\u0131m\u0131za \u00e7ok te\u015fekk\u00fcr ediyoruz. \u00d6nce K\u00fct\u00fcphane&#8217;nin oradan otob\u00fcse bindik. Sonra hocam\u0131z bizi toplad\u0131 ve sinemaya gittik. Sinemadan sonra yemek yedik ve \u0130tfaiye&#8217;ye ge\u00e7tik&#8221; ifadelerini kulland\u0131. Bu tarz etkinliklerin derslerinde daha da ba\u015far\u0131l\u0131 olmalar\u0131na katk\u0131 sa\u011flad\u0131\u011f\u0131n\u0131 belirten K\u00fcbra Nur, &#8220;Filmi \u00e7ok sevdim, \u00e7ok g\u00fczel bir filmdi. Birka\u00e7 kez gitmi\u015ftim sinemaya, ama buras\u0131 daha e\u011flenceli oldu&#8221; dedi.<br \/>\n&#8220;Bize g\u00fczel bir moral oldu&#8221;<br \/>\n\u00d6\u011frencilerden R\u00fcmeysa S\u0131bar da \u00e7ok e\u011flendiklerini ifade ederken,  &#8220;Sinema \u00e7ok ho\u015fumuza gitti, film ya\u015f\u0131m\u0131za g\u00f6reydi. Daha sonra yemek yemeye gittik. Yemekler de g\u00fczeldi. Belediye Ba\u015fkan\u0131m\u0131za te\u015fekk\u00fcr ederiz. Bize g\u00fczel bir moral oldu. Depremden dolay\u0131 moralimiz bozuk oldu\u011fu i\u00e7in akl\u0131m\u0131z derslerde de\u011fil, genellikle depremde oluyordu. Bu y\u00fczden gezi bizim kafam\u0131z\u0131 rahatlatt\u0131, derslere bu defa daha \u00e7ok odakl\u0131 olmam\u0131z\u0131 sa\u011flad\u0131&#8221; \u015feklinde konu\u015ftu.<\/p>\n","protected":false},"excerpt":{"rendered":"<p>Mersin B\u00fcy\u00fck\u015fehir Belediyesi taraf\u0131ndan kentte belirlenen toplam 16 okulun 6. s\u0131n\u0131f \u00f6\u011frencileri, &#8216;Minikb\u00fcs Projesi&#8217; kapsam\u0131nda hafta i\u00e7i her g\u00fcn bir geziye d\u00e2hil ediliyor. Mersin B\u00fcy\u00fck\u015fehir Belediyesi Sosyal Hizmetler Dairesi Ba\u015fkanl\u0131\u011f\u0131 &hellip; <a href=\"https:\/\/akdenizolaygazetesi.com\/?p=24940\" class=\"more-link\">Devam\u0131n\u0131 Oku&#8230;<\/a><\/p>\n","protected":false},"author":2,"featured_media":24941,"comment_status":"open","ping_status":"open","sticky":false,"template":"","format":"standard","meta":[],"categories":[2,3,5],"tags":[],"_links":{"self":[{"href":"https:\/\/akdenizolaygazetesi.com\/index.php?rest_route=\/wp\/v2\/posts\/24940"}],"collection":[{"href":"https:\/\/akdenizolaygazetesi.com\/index.php?rest_route=\/wp\/v2\/posts"}],"about":[{"href":"https:\/\/akdenizolaygazetesi.com\/index.php?rest_route=\/wp\/v2\/types\/post"}],"author":[{"embeddable":true,"href":"https:\/\/akdenizolaygazetesi.com\/index.php?rest_route=\/wp\/v2\/users\/2"}],"replies":[{"embeddable":true,"href":"https:\/\/akdenizolaygazetesi.com\/index.php?rest_route=%2Fwp%2Fv2%2Fcomments&post=24940"}],"version-history":[{"count":1,"href":"https:\/\/akdenizolaygazetesi.com\/index.php?rest_route=\/wp\/v2\/posts\/24940\/revisions"}],"predecessor-version":[{"id":24942,"href":"https:\/\/akdenizolaygazetesi.com\/index.php?rest_route=\/wp\/v2\/posts\/24940\/revisions\/24942"}],"wp:featuredmedia":[{"embeddable":true,"href":"https:\/\/akdenizolaygazetesi.com\/index.php?rest_route=\/wp\/v2\/media\/24941"}],"wp:attachment":[{"href":"https:\/\/akdenizolaygazetesi.com\/index.php?rest_route=%2Fwp%2Fv2%2Fmedia&parent=24940"}],"wp:term":[{"taxonomy":"category","embeddable":true,"href":"https:\/\/akdenizolaygazetesi.com\/index.php?rest_route=%2Fwp%2Fv2%2Fcategories&post=24940"},{"taxonomy":"post_tag","embeddable":true,"href":"https:\/\/akdenizolaygazetesi.com\/index.php?rest_route=%2Fwp%2Fv2%2Ftags&post=24940"}],"curies":[{"name":"wp","href":"https:\/\/api.w.org\/{rel}","templated":true}]}}