{"id":24944,"date":"2023-03-29T12:55:13","date_gmt":"2023-03-29T09:55:13","guid":{"rendered":"http:\/\/akdenizolaygazetesi.com\/?p=24944"},"modified":"2023-03-29T12:55:13","modified_gmt":"2023-03-29T09:55:13","slug":"sahil-kenarinda-araliksiz-devam-eden-ikinci-etap-yenileme-calismasinda-sona-yaklasildi","status":"publish","type":"post","link":"https:\/\/akdenizolaygazetesi.com\/?p=24944","title":{"rendered":"Sahil kenar\u0131nda aral\u0131ks\u0131z devam eden ikinci etap yenileme \u00e7al\u0131\u015fmas\u0131nda sona yakla\u015f\u0131ld\u0131"},"content":{"rendered":"<p>Ba\u015fkan G\u00fcltak; toplamda 18 d\u00f6n\u00fcm geni\u015fli\u011fe sahip alan \u00fczerinde bin metrekare geni\u015fli\u011finde bir meydana sahip, 4 bin metrekare uzunlu\u011funda y\u00fcr\u00fcy\u00fc\u015f ve bisiklet yolu ile birlikte vatanda\u015flar i\u00e7in sahile giri\u015f alan\u0131, kamelyalar ve banklar\u0131n yerle\u015ftirildi\u011fi \u201cKaraduvar Sahili 2\u2019nci Etap Park\u201d projesi \u00e7al\u0131\u015fmas\u0131n\u0131 yerinde inceledi.<br \/>\nAkdeniz Belediyesi\u2019nin; \u201cGeleneksel Bal\u0131k Festivali\u201d sayesinde ad\u0131n\u0131 art\u0131k t\u00fcm T\u00fcrkiye\u2019nin bildi\u011fi Karaduvar Mahallesi sahilinde ba\u015flatt\u0131\u011f\u0131 yenileme \u00e7al\u0131\u015fmas\u0131n\u0131n 2\u2019nci etab\u0131nda art\u0131k sona yakla\u015f\u0131ld\u0131. B\u00f6lgede, Fen \u0130\u015fleri ile Park ve Bah\u00e7eler M\u00fcd\u00fcrl\u00fc\u011f\u00fc ekiplerinin yapt\u0131\u011f\u0131 kapsaml\u0131 \u00e7al\u0131\u015fmalarda zemin yenilendi. Yakla\u015f\u0131k 18 d\u00f6n\u00fcm alan \u00fczerinde alana sahip b\u00f6lgede, bin metrekare geni\u015fli\u011finde meydan, 4 bin metrekare uzunlu\u011funda y\u00fcr\u00fcy\u00fc\u015f yolu ile birlikte sahile giri\u015f alan\u0131 yap\u0131ld\u0131. Deniz kenar\u0131nda piknik yapmak isteyen vatanda\u015flar i\u00e7in, sahile kamelya ve banklar da yerle\u015ftirildi. Lodosla denizden gelen dalgalar\u0131n sahil band\u0131na yap\u0131lan park ve donat\u0131lar ile ev ve ara\u00e7lara zarar vermemesi amac\u0131yla da sahil boyuna daha \u00f6nce i\u015f makineleriyle kayalar yerle\u015ftirilmi\u015fti.<br \/>\nBa\u015fkan G\u00fcltak; \u201cKaraduvar sahili yeniden hayat buldu\u201d<br \/>\nSahilde art\u0131k sona yakla\u015f\u0131lan \u00e7al\u0131\u015fmalar\u0131 inceleyip Ba\u015fkan Yard\u0131mc\u0131s\u0131 Mustafa Arslan\u2019dan bilgi alan Akdeniz Belediye Ba\u015fkan\u0131 M. Mustafa G\u00fcltak, \u00e7al\u0131\u015fmalar bitti\u011finde Karaduvar sakinlerinin 21 d\u00f6n\u00fcm\u00fc a\u015fan bir ye\u015fil alana sahip olacaklar\u0131n\u0131 vurgulad\u0131. Ba\u015fkan G\u00fcltak; \u201cBir taraf\u0131m\u0131zda deniz, di\u011fer taraf\u0131m\u0131zda park\u0131m\u0131z var. Ayr\u0131ca y\u00fcr\u00fcy\u00fc\u015f yollar\u0131, bisiklet yollar\u0131 ve piknik alanlar\u0131 mevcut. Daha \u00f6nce at\u0131l bir yerdi. Fakat biz Milli Emlak\u2019tan kiralad\u0131ktan sonra yeniden hayat buldu. Adnan Menderes Bulvar\u0131\u2019na alternatif bir yer oldu. Sadece Karaduvarl\u0131lar\u0131n de\u011fil, t\u00fcm Mersinlilerin gelip dinlenebilecekleri, \u00e7ocuklar\u0131yla e\u011flenip denizin keyfini s\u00fcrebilecekleri, bal\u0131k avlay\u0131p, piknik yapabilecekleri bir alan\u0131 Akdeniz\u2019e kazand\u0131rd\u0131k. Mersine ve Mersinlilere hay\u0131rl\u0131 olsun\u201d ifadelerini kulland\u0131.<br \/>\nMuhtar Altan; \u201cSahile s\u0131f\u0131r, harika bir alan kazand\u0131k\u201d<br \/>\nKaraduvar Mahalle Muhtar\u0131 Fikret Altan da konu\u015fmas\u0131nda, ge\u00e7mi\u015fte at\u0131l bir durumda olan alan\u0131 yeniden kazanmaktan duydu\u011fu mutlulu\u011fu dile getirdi. Altan; \u201cSahile s\u0131f\u0131r, harika bir alan kazanm\u0131\u015f olduk. Ger\u00e7ekten \u00e7ok g\u00fczel bir alan oldu. Vatanda\u015flar\u0131m\u0131z\u0131n g\u00f6n\u00fcllerince kullanabilece\u011fi, i\u00e7inde y\u00fcr\u00fcy\u00fc\u015f ve dinlenme yerleri olan yeni bir park ve ye\u015fil alana kavu\u015ftuk. Benim de hayalimdi; \u00e7al\u0131\u015fmalar biter bitmez evimden \u00e7aydanl\u0131\u011f\u0131m\u0131 al\u0131p \u00e7ocuklar\u0131mla birlikte buraya gelece\u011fim. Herkesi de davet ediyorum. Mahallem ad\u0131na Say\u0131n Ba\u015fkan\u0131m\u0131za ve ekibine te\u015fekk\u00fcr ediyorum\u201d \u015feklinde konu\u015ftu.<\/p>\n","protected":false},"excerpt":{"rendered":"<p>Ba\u015fkan G\u00fcltak; toplamda 18 d\u00f6n\u00fcm geni\u015fli\u011fe sahip alan \u00fczerinde bin metrekare geni\u015fli\u011finde bir meydana sahip, 4 bin metrekare uzunlu\u011funda y\u00fcr\u00fcy\u00fc\u015f ve bisiklet yolu ile birlikte vatanda\u015flar i\u00e7in sahile giri\u015f alan\u0131, &hellip; <a href=\"https:\/\/akdenizolaygazetesi.com\/?p=24944\" class=\"more-link\">Devam\u0131n\u0131 Oku&#8230;<\/a><\/p>\n","protected":false},"author":2,"featured_media":24945,"comment_status":"open","ping_status":"open","sticky":false,"template":"","format":"standard","meta":[],"categories":[2,3],"tags":[],"_links":{"self":[{"href":"https:\/\/akdenizolaygazetesi.com\/index.php?rest_route=\/wp\/v2\/posts\/24944"}],"collection":[{"href":"https:\/\/akdenizolaygazetesi.com\/index.php?rest_route=\/wp\/v2\/posts"}],"about":[{"href":"https:\/\/akdenizolaygazetesi.com\/index.php?rest_route=\/wp\/v2\/types\/post"}],"author":[{"embeddable":true,"href":"https:\/\/akdenizolaygazetesi.com\/index.php?rest_route=\/wp\/v2\/users\/2"}],"replies":[{"embeddable":true,"href":"https:\/\/akdenizolaygazetesi.com\/index.php?rest_route=%2Fwp%2Fv2%2Fcomments&post=24944"}],"version-history":[{"count":1,"href":"https:\/\/akdenizolaygazetesi.com\/index.php?rest_route=\/wp\/v2\/posts\/24944\/revisions"}],"predecessor-version":[{"id":24946,"href":"https:\/\/akdenizolaygazetesi.com\/index.php?rest_route=\/wp\/v2\/posts\/24944\/revisions\/24946"}],"wp:featuredmedia":[{"embeddable":true,"href":"https:\/\/akdenizolaygazetesi.com\/index.php?rest_route=\/wp\/v2\/media\/24945"}],"wp:attachment":[{"href":"https:\/\/akdenizolaygazetesi.com\/index.php?rest_route=%2Fwp%2Fv2%2Fmedia&parent=24944"}],"wp:term":[{"taxonomy":"category","embeddable":true,"href":"https:\/\/akdenizolaygazetesi.com\/index.php?rest_route=%2Fwp%2Fv2%2Fcategories&post=24944"},{"taxonomy":"post_tag","embeddable":true,"href":"https:\/\/akdenizolaygazetesi.com\/index.php?rest_route=%2Fwp%2Fv2%2Ftags&post=24944"}],"curies":[{"name":"wp","href":"https:\/\/api.w.org\/{rel}","templated":true}]}}