{"id":24956,"date":"2023-03-30T13:12:00","date_gmt":"2023-03-30T10:12:00","guid":{"rendered":"http:\/\/akdenizolaygazetesi.com\/?p=24956"},"modified":"2023-03-30T13:12:00","modified_gmt":"2023-03-30T10:12:00","slug":"mersin-dob-damdaki-kemanci-promiyeri-ile-geliyor","status":"publish","type":"post","link":"https:\/\/akdenizolaygazetesi.com\/?p=24956","title":{"rendered":"\u201cMersin DOB Damdaki Kemanc\u0131 Pr\u00f6miyeri ile geliyor\u201d"},"content":{"rendered":"<p>\tMersin Devlet Opera ve Balesi, 1 Nisan 2023 Cumartesi saat 20:30\u2019da Opera Sahne\u2019sinde, \u201cDamdaki Kemanc\u0131\u201d m\u00fczikalinin pr\u00f6miyerini ger\u00e7ekle\u015ftirecek.<br \/>\n\t2. G\u00f6sterimi 4 Nisan Sal\u0131 saat 20:30\u2019da sahnelenecek olan m\u00fczikal 1905 \u00c7arl\u0131k Rusyas\u0131\u2019nda, gelenek ve devrim aras\u0131nda s\u0131k\u0131\u015fm\u0131\u015f k\u00fc\u00e7\u00fck bir k\u00f6y olan Anatevka\u2019da ge\u00e7mektedir.<br \/>\n\tKi\u015fisel ve siyasal \u00e7at\u0131\u015fmalar, kar\u0131s\u0131 ve k\u0131zlar\u0131yla yokluk i\u00e7inde zor bela ya\u015fayan S\u00fct\u00e7\u00fc Tevye ve ailesinin ya\u015fad\u0131klar\u0131n\u0131 anlatan m\u00fczikalin \u015fark\u0131 s\u00f6zleri Sheldon HARNICK\u2019e, metni  Joseph STEIN\u2019e ait. Bu muhte\u015fem Broadway m\u00fczikalinin T\u00fcrk\u00e7e \u00e7evirmenleri ise Aytu\u011f \u00dclgen ve Melis Yavuz.<br \/>\n\tEserin rejis\u00f6rl\u00fc\u011f\u00fcn\u00fc \u00fcnl\u00fc oyuncu ve y\u00f6netmen Volkan Severcan yaparken, orkestra \u015fefli\u011fini Aytu\u011f \u00dclgen \u00fcstleniyor. Eserin danslar\u0131 Mersin DOB M\u00fcd\u00fcr ve Sanat Y\u00f6netmeni Serb\u00fclent Bi\u00e7er ile, Ankara MDT Sanat Y\u00f6netmeni \u00d6zg\u00fcr Adam \u0130nan\u00e7 taraf\u0131ndan haz\u0131rland\u0131. Koro \u015fefli\u011fini An\u0131l Ayd\u0131n\u2019\u0131n yapt\u0131\u011f\u0131 eserin dekor tasar\u0131m\u0131 Hatice Kapt\u0131, kost\u00fcm tasar\u0131m\u0131 \u00d6zlem Topuz, \u0131\u015f\u0131k tasar\u0131m\u0131 Tar\u0131 Deniz, video-projeksiyon tasar\u0131m\u0131 ise Umut Sinan \u00d6zdemir imzas\u0131 ta\u015f\u0131yor.<br \/>\nMersin DOB Orkestras\u0131, Balesi ve Korosu ile birlikte ger\u00e7ekle\u015ftirece\u011fi \u201cDamdaki Kemanc\u0131\u201d m\u00fczikali 1 Nisan 2023 Cumartesi 20:30\u2019da seyircisini bekliyor. (Damdaki Kemanc\u0131 M\u00fczikalinin  sahnelenme hakk\u0131 yazar ve \u00e7evirmen Joseph STEIN &#038; Jerry BOCK &#038; Sheldon HARNICK temsilcisi ONK Ajans Fikir ve Sanat Eserleri A.\u015e.\u2019den devral\u0131nm\u0131\u015ft\u0131r.)<\/p>\n","protected":false},"excerpt":{"rendered":"<p>Mersin Devlet Opera ve Balesi, 1 Nisan 2023 Cumartesi saat 20:30\u2019da Opera Sahne\u2019sinde, \u201cDamdaki Kemanc\u0131\u201d m\u00fczikalinin pr\u00f6miyerini ger\u00e7ekle\u015ftirecek. 2. G\u00f6sterimi 4 Nisan Sal\u0131 saat 20:30\u2019da sahnelenecek olan m\u00fczikal 1905 \u00c7arl\u0131k &hellip; <a href=\"https:\/\/akdenizolaygazetesi.com\/?p=24956\" class=\"more-link\">Devam\u0131n\u0131 Oku&#8230;<\/a><\/p>\n","protected":false},"author":2,"featured_media":24957,"comment_status":"open","ping_status":"open","sticky":false,"template":"","format":"standard","meta":[],"categories":[3],"tags":[],"_links":{"self":[{"href":"https:\/\/akdenizolaygazetesi.com\/index.php?rest_route=\/wp\/v2\/posts\/24956"}],"collection":[{"href":"https:\/\/akdenizolaygazetesi.com\/index.php?rest_route=\/wp\/v2\/posts"}],"about":[{"href":"https:\/\/akdenizolaygazetesi.com\/index.php?rest_route=\/wp\/v2\/types\/post"}],"author":[{"embeddable":true,"href":"https:\/\/akdenizolaygazetesi.com\/index.php?rest_route=\/wp\/v2\/users\/2"}],"replies":[{"embeddable":true,"href":"https:\/\/akdenizolaygazetesi.com\/index.php?rest_route=%2Fwp%2Fv2%2Fcomments&post=24956"}],"version-history":[{"count":1,"href":"https:\/\/akdenizolaygazetesi.com\/index.php?rest_route=\/wp\/v2\/posts\/24956\/revisions"}],"predecessor-version":[{"id":24958,"href":"https:\/\/akdenizolaygazetesi.com\/index.php?rest_route=\/wp\/v2\/posts\/24956\/revisions\/24958"}],"wp:featuredmedia":[{"embeddable":true,"href":"https:\/\/akdenizolaygazetesi.com\/index.php?rest_route=\/wp\/v2\/media\/24957"}],"wp:attachment":[{"href":"https:\/\/akdenizolaygazetesi.com\/index.php?rest_route=%2Fwp%2Fv2%2Fmedia&parent=24956"}],"wp:term":[{"taxonomy":"category","embeddable":true,"href":"https:\/\/akdenizolaygazetesi.com\/index.php?rest_route=%2Fwp%2Fv2%2Fcategories&post=24956"},{"taxonomy":"post_tag","embeddable":true,"href":"https:\/\/akdenizolaygazetesi.com\/index.php?rest_route=%2Fwp%2Fv2%2Ftags&post=24956"}],"curies":[{"name":"wp","href":"https:\/\/api.w.org\/{rel}","templated":true}]}}