{"id":24962,"date":"2023-03-30T13:15:48","date_gmt":"2023-03-30T10:15:48","guid":{"rendered":"http:\/\/akdenizolaygazetesi.com\/?p=24962"},"modified":"2023-03-30T13:15:48","modified_gmt":"2023-03-30T10:15:48","slug":"yenisehir-belediyesinin-cocuk-oyun-gruplarina-cirkin-saldiri","status":"publish","type":"post","link":"https:\/\/akdenizolaygazetesi.com\/?p=24962","title":{"rendered":"Yeni\u015fehir Belediyesinin \u00e7ocuk oyun gruplar\u0131na \u00e7irkin sald\u0131r\u0131"},"content":{"rendered":"<p>Mersin Yeni\u015fehir Belediyesi \u00d6zg\u00fcrl\u00fck Park\u0131\u2019nda bulunan \u00e7ocuk oyun gruplar\u0131 hen\u00fcz kimli\u011fi belirlenemeyen ki\u015fi ya da ki\u015filer taraf\u0131ndan yak\u0131ld\u0131.<br \/>\nYeni\u015fehir il\u00e7esi E\u011fri\u00e7am Mahallesi\u2019nde bulunan \u00d6zg\u00fcrl\u00fck Park\u0131\u2019ndaki \u00e7ocuk oyun gruplar\u0131 gece saatlerinde ate\u015fe verildi, \u00e7evrede ya\u015fayan vatanda\u015flar\u0131n ihbar\u0131yla yang\u0131na itfaiye ekipleri taraf\u0131ndan m\u00fcdahale edildi. Yang\u0131ndan sonra parktaki oyun gruplar\u0131 kullan\u0131lamaz hale gelirken, polis ekipleri olayla ilgili inceleme ba\u015flatt\u0131.<br \/>\nBa\u015fkan \u00d6zyi\u011fit, \u201cKentimizi, ya\u015fam alan\u0131m\u0131z\u0131 korumak hepimizin sorumlulu\u011fu\u201d<br \/>\nSosyal medya hesaplar\u0131ndan a\u00e7\u0131klama yapan Mersin Yeni\u015fehir Belediye Ba\u015fkan\u0131 Abdullah \u00d6zyi\u011fit, \u201cHi\u00e7 merak etmeyin \u00e7ocuklar, en k\u0131sa zamanda yeni oyun grubumuzu park\u0131m\u0131za yerle\u015ftirece\u011fiz.  \u00d6zg\u00fcrl\u00fck Park\u0131\u2019m\u0131zda \u00e7ocuklar\u0131m\u0131z\u0131n doyas\u0131ya e\u011flendi\u011fi, arkada\u015flar\u0131yla g\u00fczel vakit ge\u00e7irdi\u011fi oyun grubumuz maalesef kendini bilmez \u015fah\u0131s ya da \u015fah\u0131slar taraf\u0131ndan yak\u0131ld\u0131.  Olayla ilgili soru\u015fturma ba\u015flat\u0131ld\u0131, sorumlular\u0131n hak ettikleri cezay\u0131 almalar\u0131 diliyorum. Kentimizi, ya\u015fam alan\u0131m\u0131z\u0131 korumak hepimizin sorumlulu\u011fu.\u201d \u0130fadelerini kulland\u0131. <\/p>\n","protected":false},"excerpt":{"rendered":"<p>Mersin Yeni\u015fehir Belediyesi \u00d6zg\u00fcrl\u00fck Park\u0131\u2019nda bulunan \u00e7ocuk oyun gruplar\u0131 hen\u00fcz kimli\u011fi belirlenemeyen ki\u015fi ya da ki\u015filer taraf\u0131ndan yak\u0131ld\u0131. Yeni\u015fehir il\u00e7esi E\u011fri\u00e7am Mahallesi\u2019nde bulunan \u00d6zg\u00fcrl\u00fck Park\u0131\u2019ndaki \u00e7ocuk oyun gruplar\u0131 gece saatlerinde &hellip; <a href=\"https:\/\/akdenizolaygazetesi.com\/?p=24962\" class=\"more-link\">Devam\u0131n\u0131 Oku&#8230;<\/a><\/p>\n","protected":false},"author":2,"featured_media":24963,"comment_status":"open","ping_status":"open","sticky":false,"template":"","format":"standard","meta":[],"categories":[2,3],"tags":[],"_links":{"self":[{"href":"https:\/\/akdenizolaygazetesi.com\/index.php?rest_route=\/wp\/v2\/posts\/24962"}],"collection":[{"href":"https:\/\/akdenizolaygazetesi.com\/index.php?rest_route=\/wp\/v2\/posts"}],"about":[{"href":"https:\/\/akdenizolaygazetesi.com\/index.php?rest_route=\/wp\/v2\/types\/post"}],"author":[{"embeddable":true,"href":"https:\/\/akdenizolaygazetesi.com\/index.php?rest_route=\/wp\/v2\/users\/2"}],"replies":[{"embeddable":true,"href":"https:\/\/akdenizolaygazetesi.com\/index.php?rest_route=%2Fwp%2Fv2%2Fcomments&post=24962"}],"version-history":[{"count":1,"href":"https:\/\/akdenizolaygazetesi.com\/index.php?rest_route=\/wp\/v2\/posts\/24962\/revisions"}],"predecessor-version":[{"id":24964,"href":"https:\/\/akdenizolaygazetesi.com\/index.php?rest_route=\/wp\/v2\/posts\/24962\/revisions\/24964"}],"wp:featuredmedia":[{"embeddable":true,"href":"https:\/\/akdenizolaygazetesi.com\/index.php?rest_route=\/wp\/v2\/media\/24963"}],"wp:attachment":[{"href":"https:\/\/akdenizolaygazetesi.com\/index.php?rest_route=%2Fwp%2Fv2%2Fmedia&parent=24962"}],"wp:term":[{"taxonomy":"category","embeddable":true,"href":"https:\/\/akdenizolaygazetesi.com\/index.php?rest_route=%2Fwp%2Fv2%2Fcategories&post=24962"},{"taxonomy":"post_tag","embeddable":true,"href":"https:\/\/akdenizolaygazetesi.com\/index.php?rest_route=%2Fwp%2Fv2%2Ftags&post=24962"}],"curies":[{"name":"wp","href":"https:\/\/api.w.org\/{rel}","templated":true}]}}