{"id":24965,"date":"2023-03-31T13:03:00","date_gmt":"2023-03-31T10:03:00","guid":{"rendered":"http:\/\/akdenizolaygazetesi.com\/?p=24965"},"modified":"2023-03-31T13:03:00","modified_gmt":"2023-03-31T10:03:00","slug":"secerden-deprem-sonrasi-calismalar-icin-isbirligi-cagrisi","status":"publish","type":"post","link":"https:\/\/akdenizolaygazetesi.com\/?p=24965","title":{"rendered":"SE\u00c7ER&#8217;DEN DEPREM SONRASI \u00c7ALI\u015eMALAR \u0130\u00c7\u0130N \u0130\u015eB\u0130RL\u0130\u011e\u0130 \u00c7A\u011eRISI"},"content":{"rendered":"<p>Mersin B\u00fcy\u00fck\u015fehir Belediye Ba\u015fkan\u0131 Vahap Se\u00e7er, B\u00fcy\u00fck\u015fehir&#8217;in Ad\u0131yaman&#8217;da ve Hatay&#8217;da ger\u00e7ekle\u015ftirdi\u011fi konteyner ve \u00e7ad\u0131rkent \u00e7al\u0131\u015fmalar\u0131nda i\u015fbirli\u011fi y\u00fcr\u00fctt\u00fc\u011f\u00fc Uluslararas\u0131 Lions Kul\u00fcpleri Ba\u015fkan\u0131 Brian Sheehan ile e\u015fi Lori Sheehan ve beraberindeki heyet ile bir araya geldi. Ziyarette, B\u00fcy\u00fck\u015fehir ve Lions Kul\u00fcpleri&#8217;nin deprem b\u00f6lgelerinde y\u00fcr\u00fctt\u00fc\u011f\u00fc \u00e7al\u0131\u015fmalar ve bundan sonraki s\u00fcre\u00e7te hayata ge\u00e7irilecek uygulamalar hakk\u0131nda fikir al\u0131\u015fveri\u015finde bulunuldu. Ziyarette Mersin B\u00fcy\u00fck\u015fehir Belediyesi Genel Sekreter Yard\u0131mc\u0131s\u0131 Serdal G\u00f6kayaz ve Ba\u015fkan Dan\u0131\u015fman\u0131 Ertan Liman da yer ald\u0131.<br \/>\n&#8220;Lions&#8217;un b\u00f6lgede \u00e7ok b\u00fcy\u00fck bir gayretle \u00e7al\u0131\u015ft\u0131\u011f\u0131n\u0131 bizzat g\u00f6rd\u00fcm&#8221;<br \/>\nZiyarette konu\u015fan Ba\u015fkan Se\u00e7er, B\u00fcy\u00fck\u015fehir&#8217;in deprem b\u00f6lgelerinde yapt\u0131\u011f\u0131 \u00e7al\u0131\u015fmalarda Lions Kul\u00fcpleri&#8217;nin b\u00fcy\u00fck katk\u0131lar\u0131 oldu\u011funu s\u00f6yledi. Ba\u015fkan Se\u00e7er, &#8220;Deprem \u00f6ncesi de Lions Kul\u00fcpleri&#8217;yle sosyal sorumluluk projelerinde belediyemizin i\u015fbirli\u011fi oldu. Bir\u00e7ok konuda da ortak \u00e7al\u0131\u015fmalarda uyumlu oldu\u011fumuzu s\u00f6yleyebilirim. \u00c7\u00fcnk\u00fc hem belediyemizin hem Lions Kul\u00fcpleri&#8217;nin temel ilkeleri birbiriyle \u00f6rt\u00fc\u015f\u00fcyor. Biz belediye olarak bir i\u015fi yaparken en iyisini yapmaya gayret ederiz. Asla g\u00fcn\u00fc kurtarmak i\u00e7in de\u011fil, ger\u00e7ekten olmas\u0131 gerekti\u011fi gibi yapan bir kurumuz. Lions Kul\u00fcpleri&#8217;nin \u00e7al\u0131\u015fmalar\u0131 da tam da bu anlay\u0131\u015fla yap\u0131l\u0131yor onun i\u00e7in ekibinizi kutluyorum. 6 \u015eubat&#8217;ta meydana gelen b\u00fcy\u00fck felaket sonras\u0131nda Lions Kul\u00fcpleri&#8217;nin de b\u00f6lgede \u00e7ok b\u00fcy\u00fck bir gayretle \u00e7al\u0131\u015ft\u0131\u011f\u0131n\u0131 bizzat g\u00f6rd\u00fcm. \u00d6zellikle Hatay ve Ad\u0131yaman&#8217;da Mersin B\u00fcy\u00fck\u015fehir Belediyemizin yapt\u0131\u011f\u0131 \u00e7ad\u0131rkent ve konteyner kent \u00e7al\u0131\u015fmalar\u0131na katk\u0131lar\u0131n\u0131 biliyorum ve sizlere te\u015fekk\u00fcr ediyorum&#8221; diye konu\u015ftu.<br \/>\n&#8220;Bizim insan\u0131m\u0131z \u00e7ok alicenap ve yard\u0131mseverdir&#8221;<br \/>\nBu tip afet durumlar\u0131nda ilk refleksin insanlar\u0131n g\u00fcnl\u00fck zaruri ihtiya\u00e7lar\u0131n\u0131 kar\u015f\u0131lamak oldu\u011funu s\u00f6yleyen Ba\u015fkan Se\u00e7er, bu konuda \u00fclke genelinde yurtta\u015flar\u0131n b\u00fcy\u00fck bir \u00f6zveriyle deprem b\u00f6lgelerine destek olmaya \u00e7al\u0131\u015ft\u0131klar\u0131n\u0131 s\u00f6yleyerek, &#8220;Mutlaka her \u00fclkenin insan\u0131 \u00e7ok de\u011ferlidir, ama bizim insan\u0131m\u0131z, milletimiz de \u00e7ok alicenap ve yard\u0131mseverdir. G\u00f6rd\u00fck ki ilk g\u00fcnden itibaren kamyonlar dolusu kendi b\u00fct\u00e7elerinden sa\u011flad\u0131klar\u0131 yard\u0131mlar\u0131 hi\u00e7bir organizasyona ihtiya\u00e7 duymadan o b\u00f6lgelere ta\u015f\u0131d\u0131lar&#8221; dedi.<br \/>\nBa\u015fkan Se\u00e7er, Mersin B\u00fcy\u00fck\u015fehir Belediyesi gibi Lions Kul\u00fcpleri&#8217;nin de sadece bu t\u00fcr yard\u0131mlar\u0131 de\u011fil, deprem b\u00f6lgelerindeki insanlar\u0131n ya\u015fam ko\u015fullar\u0131n\u0131 iyile\u015ftirmeye y\u00f6nelik \u00e7al\u0131\u015fmalar ger\u00e7ekle\u015ftirdi\u011fini vurgulad\u0131. Se\u00e7er, &#8220;Lions Kul\u00fcpleri&#8217;nin de bu hassasiyetini g\u00f6rd\u00fcm, ger\u00e7ekten bu anlamda da kutluyorum. \u0130\u015fte b\u00f6yle ola\u011fan\u00fcst\u00fc ko\u015fullarda bu tip ciddi yap\u0131lar iyi yeti\u015fmi\u015f kadrolarla olaya m\u00fcdahale ediyorlar. Ger\u00e7ek anlamda insana dokunuyorlar. Onun i\u00e7in de bu kurumlar\u0131 \u00f6nemsiyorum&#8221; ifadelerine yer verdi.<br \/>\n&#8220;As\u0131l i\u015fimiz bundan sonra ba\u015fl\u0131yor&#8221;<br \/>\nDeprem b\u00f6lgelerindeki insanlara, temel ihtiya\u00e7lar\u0131n\u0131n kar\u015f\u0131lanmas\u0131n\u0131n yan\u0131 s\u0131ra psikolojik destek vermenin de son derece \u00f6nemli oldu\u011funa dikkat \u00e7eken Se\u00e7er, &#8220;Sadece &#8216;\u00c7ad\u0131rkent, konteyner kent getirdik, \u00e7ad\u0131r\u0131 kurduk, konteyneri kurduk, suyunu verdik, yiyece\u011fini verdik&#8217; deyip ayr\u0131l\u0131nm\u0131yor. Onlarla arkada\u015f olmak ve onlar\u0131n bu travmatik durumunu atlatmas\u0131na yard\u0131mc\u0131 olman\u0131n, en az onlara bir su g\u00f6t\u00fcrme kadar \u00f6nemli oldu\u011funu d\u00fc\u015f\u00fcn\u00fcyorum. Hem insani olarak hem inan\u00e7 olarak en b\u00fcy\u00fck hizmetin insan\u0131n kalbine dokunmak oldu\u011funu d\u00fc\u015f\u00fcn\u00fcyorum ve buna inan\u0131yorum&#8221; diye konu\u015ftu. B\u00f6lgelerdeki Lions Kul\u00fcpleri ekiplerinin B\u00fcy\u00fck\u015fehir ekipleri gibi depremzede insanlara manevi anlamda da destek oldu\u011funu g\u00f6rd\u00fc\u011f\u00fcn\u00fc s\u00f6yleyen Ba\u015fkan Se\u00e7er, &#8220;Onun i\u00e7in de bunun s\u00fcrd\u00fcr\u00fclmesini sizlerden diliyorum, bu i\u015fbirli\u011fini de devam ettirme arzusu i\u00e7erisindeyiz. \u00c7\u00fcnk\u00fc orada her \u015fey bitmi\u015f, tamam de\u011fil. Bar\u0131nma, sa\u011fl\u0131k, giyecek, yiyecek tamam deyip gidemeyiz. As\u0131l i\u015fimiz bundan sonra ba\u015fl\u0131yor&#8221; dedi.<br \/>\nSheehan: &#8220;Konteyner ve \u00e7ad\u0131r alanlar\u0131n\u0131 da g\u00fcvenli bir hale getirdi\u011finiz i\u00e7in te\u015fekk\u00fcr ederim&#8221;<br \/>\nUluslararas\u0131 Lions Kul\u00fcpleri Ba\u015fkan\u0131 Brian Sheehan, bir arada olmalar\u0131n\u0131n kendileri i\u00e7in bir onur oldu\u011funu ifade ederek, &#8220;Bu y\u0131l\u0131n ba\u015flar\u0131nda T\u00fcrkiye&#8217;deydik. Depremin yaratt\u0131\u011f\u0131 etkiler \u00e7ok y\u00fcrek burkucu. Elimizden geldi\u011fi kadar t\u00fcm yard\u0131mlar\u0131 yapt\u0131k. Lions T\u00fcrkiye ve Lions d\u00fcnya \u00fcyelerinin yapt\u0131\u011f\u0131 t\u00fcm yard\u0131mlar i\u00e7in de \u00e7ok gurur duyuyoruz. Uluslararas\u0131 Lions Kul\u00fcpleri olarak size minnettar\u0131z ve Lions T\u00fcrkiye ile birlikte \u00e7al\u0131\u015ft\u0131\u011f\u0131n\u0131z i\u00e7in te\u015fekk\u00fcr ederiz. Konteyner ve \u00e7ad\u0131r alanlar\u0131n\u0131 da g\u00fcvenli bir hale getirdi\u011finiz i\u00e7in ve insanlar\u0131n gidip orada bar\u0131nmalar\u0131n\u0131 sa\u011flad\u0131\u011f\u0131n\u0131z i\u00e7in te\u015fekk\u00fcr ederim&#8221; dedi.<br \/>\n&#8220;Toplumumuzu daha iyi bir hale getirmek i\u00e7in m\u00fc\u015fterek ama\u00e7lar\u0131m\u0131z var&#8221;<br \/>\n107 y\u0131ld\u0131r Uluslararas\u0131 Lions Kul\u00fcpleri olarak hizmet ettiklerinden s\u00f6z eden Sheehan, &#8220;Buradaki ekibimle de bir slogan\u0131m\u0131z var; &#8216;Birlikte yapabiliriz&#8217; diye. Toplumumuzu daha iyi bir hale getirmek i\u00e7in m\u00fc\u015fterek ama\u00e7lar\u0131m\u0131z var.  Tabi ki bu y\u0131k\u0131c\u0131 depremden sonra bu ortak amac\u0131 ger\u00e7ekle\u015ftirmek \u00e7ok daha \u00f6nemli bir hale geldi. Her \u015feyi eski ve normal haline getirmek \u00e7ok uzun zaman alacak. Lions Vakf\u0131, Uluslararas\u0131 Lions Kul\u00fcb\u00fc ve T\u00fcrkiye Lions Dernekleri olarak her zaman sizin yan\u0131n\u0131zda olaca\u011f\u0131m\u0131zdan emin olabilirsiniz&#8221; diye konu\u015ftu.<br \/>\nBa\u015fkan Se\u00e7er&#8217;den deprem sonras\u0131 \u00e7al\u0131\u015fmalar i\u00e7in i\u015fbirli\u011fi \u00e7a\u011fr\u0131s\u0131<br \/>\nDeprem sonras\u0131 ger\u00e7ekle\u015ftirilecek rehabilite \u00e7al\u0131\u015fmalar\u0131n\u0131n da g\u00f6r\u00fc\u015f\u00fcld\u00fc\u011f\u00fc ziyarette kad\u0131nlar\u0131n istihdam edilebilirli\u011finin art\u0131r\u0131lmas\u0131na y\u00f6nelik \u00e7al\u0131\u015fmalar, projeler, kad\u0131nlar\u0131n ve \u00e7ocuklar\u0131n ya\u015fam ko\u015fullar\u0131n\u0131n iyile\u015ftirilmesi, ya\u015fam becerilerinin ar\u0131t\u0131lmas\u0131 ve toplumsal fayda \u00fcreten konumlar\u0131n\u0131n g\u00fc\u00e7lendirilmesiyle ilgili fikir al\u0131\u015fveri\u015finde bulunuldu.<br \/>\nDeprem sonras\u0131 s\u00fcre\u00e7te rehabilite \u00e7al\u0131\u015fmalar\u0131na \u00e7ok \u00f6nem verdiklerini belirten Ba\u015fkan Se\u00e7er, hem Mersin hem de deprem b\u00f6lgelerinde bu alana y\u00f6nelmenin son derece \u00f6nemli oldu\u011funa dikkat \u00e7ekerek, bu konuda her t\u00fcrl\u00fc i\u015fbirli\u011fine a\u00e7\u0131k olduklar\u0131n\u0131 s\u00f6yledi. Sheehan ise, deprem sonras\u0131 gen\u00e7ler, \u00e7ocuklar ve kad\u0131nlara verilebilecek destekleri \u00e7ok \u00f6nemsediklerini s\u00f6yledi. Bu anlamda hem yard\u0131m kampanyalar\u0131 hem ba\u011f\u0131\u015flar yapt\u0131klar\u0131n\u0131 belirten Sheehan, Mersin B\u00fcy\u00fck\u015fehir Belediyesi ile bu alanda yap\u0131lacak i\u015fbirliklerine de a\u00e7\u0131k olduklar\u0131n\u0131 kaydetti. <\/p>\n","protected":false},"excerpt":{"rendered":"<p>Mersin B\u00fcy\u00fck\u015fehir Belediye Ba\u015fkan\u0131 Vahap Se\u00e7er, B\u00fcy\u00fck\u015fehir&#8217;in Ad\u0131yaman&#8217;da ve Hatay&#8217;da ger\u00e7ekle\u015ftirdi\u011fi konteyner ve \u00e7ad\u0131rkent \u00e7al\u0131\u015fmalar\u0131nda i\u015fbirli\u011fi y\u00fcr\u00fctt\u00fc\u011f\u00fc Uluslararas\u0131 Lions Kul\u00fcpleri Ba\u015fkan\u0131 Brian Sheehan ile e\u015fi Lori Sheehan ve beraberindeki heyet &hellip; <a href=\"https:\/\/akdenizolaygazetesi.com\/?p=24965\" class=\"more-link\">Devam\u0131n\u0131 Oku&#8230;<\/a><\/p>\n","protected":false},"author":2,"featured_media":24966,"comment_status":"open","ping_status":"open","sticky":false,"template":"","format":"standard","meta":[],"categories":[7,2,3],"tags":[],"_links":{"self":[{"href":"https:\/\/akdenizolaygazetesi.com\/index.php?rest_route=\/wp\/v2\/posts\/24965"}],"collection":[{"href":"https:\/\/akdenizolaygazetesi.com\/index.php?rest_route=\/wp\/v2\/posts"}],"about":[{"href":"https:\/\/akdenizolaygazetesi.com\/index.php?rest_route=\/wp\/v2\/types\/post"}],"author":[{"embeddable":true,"href":"https:\/\/akdenizolaygazetesi.com\/index.php?rest_route=\/wp\/v2\/users\/2"}],"replies":[{"embeddable":true,"href":"https:\/\/akdenizolaygazetesi.com\/index.php?rest_route=%2Fwp%2Fv2%2Fcomments&post=24965"}],"version-history":[{"count":1,"href":"https:\/\/akdenizolaygazetesi.com\/index.php?rest_route=\/wp\/v2\/posts\/24965\/revisions"}],"predecessor-version":[{"id":24967,"href":"https:\/\/akdenizolaygazetesi.com\/index.php?rest_route=\/wp\/v2\/posts\/24965\/revisions\/24967"}],"wp:featuredmedia":[{"embeddable":true,"href":"https:\/\/akdenizolaygazetesi.com\/index.php?rest_route=\/wp\/v2\/media\/24966"}],"wp:attachment":[{"href":"https:\/\/akdenizolaygazetesi.com\/index.php?rest_route=%2Fwp%2Fv2%2Fmedia&parent=24965"}],"wp:term":[{"taxonomy":"category","embeddable":true,"href":"https:\/\/akdenizolaygazetesi.com\/index.php?rest_route=%2Fwp%2Fv2%2Fcategories&post=24965"},{"taxonomy":"post_tag","embeddable":true,"href":"https:\/\/akdenizolaygazetesi.com\/index.php?rest_route=%2Fwp%2Fv2%2Ftags&post=24965"}],"curies":[{"name":"wp","href":"https:\/\/api.w.org\/{rel}","templated":true}]}}