{"id":24968,"date":"2023-03-31T13:07:51","date_gmt":"2023-03-31T10:07:51","guid":{"rendered":"http:\/\/akdenizolaygazetesi.com\/?p=24968"},"modified":"2023-03-31T13:07:51","modified_gmt":"2023-03-31T10:07:51","slug":"depremzedeler-yararina-dayanisma-konseri","status":"publish","type":"post","link":"https:\/\/akdenizolaygazetesi.com\/?p=24968","title":{"rendered":"Depremzedeler yarar\u0131na dayan\u0131\u015fma konseri"},"content":{"rendered":"<p>Mersin Uluslararas\u0131 M\u00fczik Festivali, T\u00fcrkiye\u2019nin y\u0131ld\u0131z sanat\u00e7\u0131lar\u0131n\u0131 ayn\u0131 sahnede bulu\u015fturarak depremzedeler yarar\u0131na dayan\u0131\u015fma konseri d\u00fczenleyecek.   <\/p>\n<p>    Mersin Uluslararas\u0131 M\u00fczik Festivali (Merfest), 6 \u015eubat Depremleri sonras\u0131 ba\u015flat\u0131lan dayan\u0131\u015fma konserlerini Mersin Uluslararas\u0131 Liman \u0130\u015fletmecili\u011fi A.\u015e. (MIP) i\u015fbirli\u011fiyle Mersin\u2019e ta\u015f\u0131yor. Klasik m\u00fczik ve opera y\u0131ld\u0131zlar\u0131ndan T\u00fcrk m\u00fczi\u011finin usta isimlerine uzanan 10 usta sanat\u00e7\u0131y\u0131 ayn\u0131 sahnede bulu\u015fturacak olan Dayan\u0131\u015fma Konseri,  \u015eef R\u00fcstem Rahmedov y\u00f6netiminde, Mersin Devlet Opera ve Balesi Orkestras\u0131 e\u015fli\u011finde 08 Nisan 2023 Cumartesi saat: 20.30 Yeni\u015fehir Atat\u00fcrk K\u00fclt\u00fcr Merkezi\u2019nde yer alacak. Mersin\u2019de bar\u0131nan depremzede \u00e7ocuklardan kurulu Deprem \u00c7ocuk Korosu ise \u015eef Reyhan Bezd\u00fcz y\u00f6netiminde 4 eser seslendirecek. Konser davetiyeleri, Merfest\u2019in \u00c7aml\u0131bel\u2019de bulunan ofisinden temin edilecek.<br \/>\n    Sanat Etkinlikleri Derne\u011fi \u00e7at\u0131s\u0131 alt\u0131nda, Merfest ve MIP i\u015fbirli\u011fiyle ger\u00e7ekle\u015ftirilecek etkinlikte toplanan gelir ise depremden etkilenen b\u00f6lgelere aktar\u0131lmak \u00fczere resmi kurumlara y\u00f6nlendirilecek. Konserde,  G\u00fclsin Onay (Piyanist), Hakan Aysev (Tenor), Bengi \u0130spir \u00d6zd\u00fclger (Soprano), B\u00fclent Bezd\u00fcz (Tenor), Dilek T\u00fcrkan (T\u00fcrk M\u00fczi\u011fi Yorumcusu), Asude Karayavuz (Soprano), Caner Akg\u00fcn (Bariton), G\u00f6khan Aybulus (Piyanist), Bilgin Canaz (Neyzen), Elvin Hoxha Ganiyev (Keman) ve Deprem \u00c7ocuk Korosu yer alacak.<br \/>\nAyn\u0131 Sahne, Tek Y\u00fcrek<br \/>\nUsta sanat\u00e7\u0131lar, depremzedeler i\u00e7in Mersin\u2019de tek y\u00fcrek olurken Deprem \u00c7ocuk Korosu ise umudu ve gelece\u011fi temsilen ayn\u0131 sahnede yerini alacak.<br \/>\n    D\u00fcnyaca \u00fcnl\u00fc Piyanist G\u00fclsin Onay, S. Rahmaninov\u2019un \u201c3. Piyano Kon\u00e7ertosu 1.B\u00f6l\u00fcm\u201d, gen\u00e7 keman ustas\u0131 Elvin Hoxha Ganiyev, Massenet\u2019in \u201cMeditation\u201d, Piyanist G\u00f6khan Aybulus Mozart\u2019\u0131n \u201c23. Piyano Kon\u00e7ertosu 2. B\u00f6l\u00fcm\u201d,  Bariton Caner Akg\u00fcn, Wagner\u2019in Tannhauser Operas\u0131\u2019ndan \u201cWolfram Arya\u201d, Soprano Asude Karayavuz, Saygun\u2019un \u201cEski \u00dcslupta Kantat Arya\u201d, Neyzen Bilgin Canaz, \u201cMeleklerin H\u00fczn\u00fc\u201d, Soprano Bengi \u0130spir \u00d6zd\u00fclger, d\u00fczenlemesi Yusuf Yal\u00e7\u0131n\u2019a ait \u201cMagosa Liman\u0131\u201d, Tenor Hakan Aysev, d\u00fczenlemesi Yusuf Yal\u00e7\u0131n\u2019a ait A\u015f\u0131k Veysel\u2019in \u201cUzun \u0130nce Bir Yolday\u0131m\u201d, Klasik T\u00fcrk M\u00fczi\u011fi Tango Yorumcusu Dilek T\u00fcrkan, O\u011fuzhan Balc\u0131\u2019n\u0131n \u201cHasret\u201d, Tenor B\u00fclent Bezd\u00fcz, d\u00fczenlemesi Rustem Rahmedov\u2019a ait T. Guliyev\u2019in \u201cSana da Galmaz\u201d eserlerini seslendirecek. <\/p>\n<p>    Konserin finalinde yer alan Deprem B\u00f6lgesi \u00c7ocuk Korosu ise \u015eef Reyhan Bezd\u00fcz y\u00f6netiminde, d\u00fczenlemesi Oskay Hoca\u2019ya ait Kamran Aziz\u2019in &#8220;Al Yemeni Mor Yemeni&#8221;, d\u00fczenlemesi Eray \u0130nal\u2019a ait Serap-Ibrahim Korhan\u2019\u0131n &#8220;Sava\u015flar Olmas\u0131n&#8221;, d\u00fczenlemesi Jakup Klosowicz\u2019e ait B. Coulais\u2019un &#8220;Vois Sur Ton Chemin&#8221; ve d\u00fczenlemesi Rustem Rahmedov\u2019a ait Ismail L\u00fctf\u00fc Erol\u2019un &#8220;Mustafam&#8221; eserlerini seslendirecek. Konser bitimi Memleketim \u015fark\u0131s\u0131n\u0131 t\u00fcm sanat\u00e7\u0131lar birlikte s\u00f6yleyecek.<\/p>\n<p>    Mersin Uluslararas\u0131 M\u00fczik Festivali Y\u00fcr\u00fctme Kurulu yapt\u0131\u011f\u0131 a\u00e7\u0131klamada, \u201c 11 ilimizde y\u0131k\u0131ma ve can kayb\u0131na yol a\u00e7an Kahramanmara\u015f merkezli 06 \u015eubat Depremleri, t\u00fcm \u00fclkemizde oldu\u011fu gibi bizleri de derin ac\u0131lara b\u0131rakt\u0131. G\u00fczel Mersin\u2019imiz depremin ilk g\u00fcn\u00fcnden bu yana b\u00f6lgede ya\u015fam m\u00fccadelesi veren depremzede karde\u015flerimizin yan\u0131nda oldu, olmaya da devam etmekte. \u015e\u00fckr\u00fc Erba\u015f bir dizesinde, \u2018insan\u0131n ac\u0131s\u0131n\u0131 insan al\u0131r\u2019 demi\u015fti.  Elbette yaralar\u0131m\u0131z\u0131 birlikte sar\u0131p, birlikte iyile\u015fece\u011fiz. Bu vesileyle depremde hayat\u0131n\u0131 kaybeden yurtta\u015flar\u0131m\u0131za Allah\u2019tan rahmet, yaral\u0131lar\u0131m\u0131za acil \u015fifa diliyoruz. B\u00f6ylesine anlaml\u0131 bir etkinlikte maddi ve manevi olanaklar\u0131n\u0131 depremzedelerden esirgemeyen Mersin Uluslararas\u0131 Liman \u0130\u015fletmesi\u2019ne, yard\u0131mseverlere, sanat\u00e7\u0131lar\u0131m\u0131z ve salonumuzda bizleri yaln\u0131z b\u0131rakmayaca\u011f\u0131na inand\u0131\u011f\u0131m\u0131z sanatseverlere sonsuz te\u015fekk\u00fcr\u00fcm\u00fc sunuyorum\u201d, dedi. <\/p>\n","protected":false},"excerpt":{"rendered":"<p>Mersin Uluslararas\u0131 M\u00fczik Festivali, T\u00fcrkiye\u2019nin y\u0131ld\u0131z sanat\u00e7\u0131lar\u0131n\u0131 ayn\u0131 sahnede bulu\u015fturarak depremzedeler yarar\u0131na dayan\u0131\u015fma konseri d\u00fczenleyecek. Mersin Uluslararas\u0131 M\u00fczik Festivali (Merfest), 6 \u015eubat Depremleri sonras\u0131 ba\u015flat\u0131lan dayan\u0131\u015fma konserlerini Mersin Uluslararas\u0131 Liman &hellip; <a href=\"https:\/\/akdenizolaygazetesi.com\/?p=24968\" class=\"more-link\">Devam\u0131n\u0131 Oku&#8230;<\/a><\/p>\n","protected":false},"author":2,"featured_media":24969,"comment_status":"open","ping_status":"open","sticky":false,"template":"","format":"standard","meta":[],"categories":[3,5],"tags":[],"_links":{"self":[{"href":"https:\/\/akdenizolaygazetesi.com\/index.php?rest_route=\/wp\/v2\/posts\/24968"}],"collection":[{"href":"https:\/\/akdenizolaygazetesi.com\/index.php?rest_route=\/wp\/v2\/posts"}],"about":[{"href":"https:\/\/akdenizolaygazetesi.com\/index.php?rest_route=\/wp\/v2\/types\/post"}],"author":[{"embeddable":true,"href":"https:\/\/akdenizolaygazetesi.com\/index.php?rest_route=\/wp\/v2\/users\/2"}],"replies":[{"embeddable":true,"href":"https:\/\/akdenizolaygazetesi.com\/index.php?rest_route=%2Fwp%2Fv2%2Fcomments&post=24968"}],"version-history":[{"count":1,"href":"https:\/\/akdenizolaygazetesi.com\/index.php?rest_route=\/wp\/v2\/posts\/24968\/revisions"}],"predecessor-version":[{"id":24970,"href":"https:\/\/akdenizolaygazetesi.com\/index.php?rest_route=\/wp\/v2\/posts\/24968\/revisions\/24970"}],"wp:featuredmedia":[{"embeddable":true,"href":"https:\/\/akdenizolaygazetesi.com\/index.php?rest_route=\/wp\/v2\/media\/24969"}],"wp:attachment":[{"href":"https:\/\/akdenizolaygazetesi.com\/index.php?rest_route=%2Fwp%2Fv2%2Fmedia&parent=24968"}],"wp:term":[{"taxonomy":"category","embeddable":true,"href":"https:\/\/akdenizolaygazetesi.com\/index.php?rest_route=%2Fwp%2Fv2%2Fcategories&post=24968"},{"taxonomy":"post_tag","embeddable":true,"href":"https:\/\/akdenizolaygazetesi.com\/index.php?rest_route=%2Fwp%2Fv2%2Ftags&post=24968"}],"curies":[{"name":"wp","href":"https:\/\/api.w.org\/{rel}","templated":true}]}}