{"id":24971,"date":"2023-03-31T13:09:43","date_gmt":"2023-03-31T10:09:43","guid":{"rendered":"http:\/\/akdenizolaygazetesi.com\/?p=24971"},"modified":"2023-03-31T13:09:43","modified_gmt":"2023-03-31T10:09:43","slug":"baskan-secer-kulturel-miras-yumuktepe-hoyugunde-incelemelerde-bulundu","status":"publish","type":"post","link":"https:\/\/akdenizolaygazetesi.com\/?p=24971","title":{"rendered":"BA\u015eKAN SE\u00c7ER, K\u00dcLT\u00dcREL M\u0130RAS YUMUKTEPE H\u00d6Y\u00dc\u011e\u00dc&#8217;NDE \u0130NCELEMELERDE BULUNDU"},"content":{"rendered":"<p>Hayata ge\u00e7irdi\u011fi projelerle Mersin&#8217;i bir taraftan gelece\u011fin y\u0131ld\u0131z\u0131 kentler aras\u0131na haz\u0131rlayan Mersin B\u00fcy\u00fck\u015fehir Belediyesi, di\u011fer taraftan da tarihi de\u011ferleri koruyan ve sahip \u00e7\u0131kan projelerle ge\u00e7mi\u015fin izlerinin gelece\u011fe ta\u015f\u0131nmas\u0131n\u0131 sa\u011fl\u0131yor.<br \/>\nMersin B\u00fcy\u00fck\u015fehir Belediye Ba\u015fkan\u0131 Vahap Se\u00e7er, 9 bin y\u0131ll\u0131k tarihe sahip ve farkl\u0131 uygarl\u0131klar\u0131n izlerini ta\u015f\u0131yan Yumuktepe H\u00f6y\u00fc\u011f\u00fc&#8217;nde incelemelerde bulundu. B\u00fcy\u00fck\u015fehir Belediyesi taraf\u0131ndan yap\u0131m\u0131 devam eden Arkeopark projesi ile ilgili teknik ekipten bilgi alan Ba\u015fkan Se\u00e7er, alan i\u00e7erisinde yap\u0131lan Hu\u011f Ev&#8217;in de ilk s\u0131vas\u0131n\u0131 atarak tarihi ve k\u00fclt\u00fcrel mirasa sahip alana iz b\u0131rakt\u0131.<br \/>\n\u0130nceleme sonras\u0131 a\u00e7\u0131klamalarda bulunan Ba\u015fkan Se\u00e7er, &#8220;9 bin y\u0131ll\u0131k bir tarih \u00fczerindeyiz, Yumuktepe&#8217;deyiz. Mersin&#8217;in g\u00f6be\u011finde, 9 bin y\u0131ll\u0131k tarihi, bu s\u00fcre\u00e7 i\u00e7erisindeki medeniyetleri g\u00f6rme, tan\u0131ma f\u0131rsat\u0131 buluyoruz. 1937&#8217;den beri yap\u0131lan arkeolojik \u00e7al\u0131\u015fmalarda \u015fimdiye kadar 33 katman tespit edilmi\u015f. Mersin hinterlant\u0131, medeniyetlere ev sahipli\u011fi yapm\u0131\u015f, insanl\u0131k tarihinin birikiminin yo\u011fun oldu\u011fu bir b\u00f6lge&#8221; dedi.<br \/>\n&#8220;Buras\u0131 bir Arkeopark oluyor&#8221;<br \/>\nYumuktepe&#8217;de Mersin&#8217;e kazand\u0131r\u0131lacak \u00f6nemli \u00e7al\u0131\u015fmalar yapt\u0131klar\u0131na dikkat \u00e7eken Ba\u015fkan Se\u00e7er, &#8220;Mersin B\u00fcy\u00fck\u015fehir Belediyesi&#8217;nin bir alan\u0131, m\u00fclkiyeti ama 1. derecede sit alan\u0131 ve Turizm Bakanl\u0131\u011f\u0131&#8217;n\u0131n uhdesinde. Bu konuda uzunca s\u00fcredir \u00e7al\u0131\u015fmalar yap\u0131ld\u0131. Buras\u0131 bir Arkeopark oluyor. Mersin&#8217;e kazand\u0131r\u0131labilecek \u00e7ok de\u011ferli bir \u00e7al\u0131\u015fma yap\u0131l\u0131yor. \u015eu anda \u00f6ncelikli olarak etraf\u0131 toparl\u0131yoruz. \u00c7\u00fcnk\u00fc burada arkeolojik \u00e7al\u0131\u015fmalar yap\u0131l\u0131yor ama \u00e7ok zor ko\u015fullarda yap\u0131l\u0131yor&#8221; diye konu\u015ftu.<br \/>\nAlan i\u00e7erisinde vatanda\u015flara sunulacak Hu\u011f Ev&#8217;den de s\u00f6z eden Se\u00e7er, &#8220;\u00c7amurdan, samandan yap\u0131lan, eski uygarl\u0131klar d\u00f6neminde bir ya\u015fam alan\u0131 olarak kullan\u0131lan bir ev vard\u0131. \u015eimdi oran\u0131n yap\u0131m\u0131 ger\u00e7ekle\u015ftiriliyor. Tabi ki \u00e7ok tahrip olmu\u015ftu, rekonstr\u00fcksiyonu yap\u0131l\u0131yor. Ard\u0131ndan da kam\u0131\u015flarla eski d\u00f6nemlerde oldu\u011fu gibi duvarlar\u0131 yap\u0131l\u0131yor. Ben de bir katk\u0131 sundum, s\u0131va \u00e7al\u0131\u015fmas\u0131na kat\u0131ld\u0131m&#8221; ifadelerine yer verdi.<br \/>\n&#8220;Bu b\u00f6lgede her nokta tarih&#8221;<br \/>\nYumuktepe H\u00f6y\u00fc\u011f\u00fc&#8217;n\u00fc Mersin halk\u0131n\u0131n ziyaretine a\u00e7mak ve tarihi de\u011ferleri g\u00fcn y\u00fcz\u00fcne \u00e7\u0131karmak istediklerini belirten Se\u00e7er, bu anlamda ger\u00e7ekle\u015ftirdikleri \u00e7al\u0131\u015fmalara s\u00fcratle devam ettiklerini s\u00f6yleyerek, &#8220;Buras\u0131, bitti\u011fi zaman halka a\u00e7\u0131k, \u00e7ok g\u00fczel bir alan olacak. Burada \u00e7ocuklar\u0131m\u0131za tarihi anlatma f\u0131rsat\u0131 bulaca\u011f\u0131z. Elde edilen bulgularla, buras\u0131 \u00fczerinden de\u011ferlendirmeler ve geriye d\u00f6n\u00fck tespitler yapmak m\u00fcmk\u00fcn olacak. Bu b\u00f6lgede her nokta tarih. Yeter ki bunun de\u011ferinin, k\u0131ymetinin fark\u0131nda olan toplumlar ya\u015fas\u0131n. Biz de belediye olarak bu bilin\u00e7 ve anlay\u0131\u015fta bir y\u00f6netimiz. Tarihi de\u011ferlerimizi koruyal\u0131m istiyoruz. Onlar\u0131 g\u00fcn y\u00fcz\u00fcne \u00e7\u0131karal\u0131m, insanl\u0131\u011f\u0131n hizmetine ve bilincine sunal\u0131m. Bu \u00e7al\u0131\u015fmalar\u0131 da s\u00fcrd\u00fcrece\u011fiz&#8221; dedi.<br \/>\n&#8220;Bulgular\u0131n sergilenmesine y\u00f6nelik alanlar yap\u0131lacak&#8221;<br \/>\nB\u00fcy\u00fck\u015fehir taraf\u0131ndan alanda ger\u00e7ekle\u015ftirilen \u00e7al\u0131\u015fmalar hakk\u0131nda da bilgi veren Ba\u015fkan Se\u00e7er, &#8220;\u015eu anda \u00e7evre d\u00fczenlemesi yap\u0131l\u0131yor. Bu s\u0131n\u0131rlar\u0131 olu\u015fturan b\u00f6lgelerde bir g\u00fcvenlik duvar\u0131 yoktu, tahrip olmu\u015ftu. \u015eimdi bunlar yenileniyor. Ziyaret\u00e7ilerin giri\u015fini m\u00fcmk\u00fcn k\u0131lacak alanlar,  vatanda\u015flar\u0131n y\u00fcksek b\u00f6lgelere rahat\u00e7a \u00e7\u0131kaca\u011f\u0131 merdivenler yap\u0131l\u0131yor. Daha sonra da arkeolojik \u00e7al\u0131\u015fma yap\u0131lan alan\u0131n \u00fcst\u00fc kapat\u0131lacak. Bulgular\u0131n sergilenmesine y\u00f6nelik alanlar yap\u0131lacak. Bunu da \u00e7ok k\u0131sa bir s\u00fcre i\u00e7erisinde vatanda\u015flar\u0131m\u0131z\u0131n hizmetine sunaca\u011f\u0131z&#8221; diyerek s\u00f6zlerini tamamlad\u0131.<br \/>\nYumuktepe H\u00f6y\u00fc\u011f\u00fc hakk\u0131nda<br \/>\nD\u00fcnyada tar\u0131m\u0131n ilk yap\u0131ld\u0131\u011f\u0131 yerlerden biri olan 9 bin y\u0131ll\u0131k K\u00fclt\u00fcrel Miras Yumuktepe H\u00f6y\u00fc\u011f\u00fc, Mersin&#8217;in Akdeniz il\u00e7esine ba\u011fl\u0131 Demirta\u015f Mahallesi&#8217;nde bulunuyor. H\u00f6y\u00fckteki kaz\u0131lar ilk olarak 1937&#8217;de ba\u015flad\u0131. G\u00fcn\u00fcm\u00fcze kadarki s\u00fcre\u00e7te 9 bin y\u0131ll\u0131k uygarl\u0131k miras\u0131n\u0131 ve k\u00fclt\u00fcrel geli\u015fimi sergileyen 33 katman tespit edildi. Kaz\u0131 \u00e7al\u0131\u015fmalar\u0131nda tar\u0131msal faaliyetin Neolitik d\u00f6neme uzand\u0131\u011f\u0131n\u0131n g\u00f6steren yabani bu\u011fday, mercimek, bezelye; orak ve benzeri ta\u015f aletler ortaya \u00e7\u0131kar\u0131ld\u0131. H\u00f6y\u00fck, Suriye-Mezopotamya topluluklar\u0131n\u0131n Akdeniz havzas\u0131yla ve \u0130\u00e7 Anadolu&#8217;yla ili\u015fkisini deniz ve kara yoluyla Yumuktepe \u00fczerinden kurmas\u0131yla da \u00f6nemli bir kesi\u015fim noktas\u0131 olma \u00f6zelli\u011fi ta\u015f\u0131yor.<\/p>\n","protected":false},"excerpt":{"rendered":"<p>Hayata ge\u00e7irdi\u011fi projelerle Mersin&#8217;i bir taraftan gelece\u011fin y\u0131ld\u0131z\u0131 kentler aras\u0131na haz\u0131rlayan Mersin B\u00fcy\u00fck\u015fehir Belediyesi, di\u011fer taraftan da tarihi de\u011ferleri koruyan ve sahip \u00e7\u0131kan projelerle ge\u00e7mi\u015fin izlerinin gelece\u011fe ta\u015f\u0131nmas\u0131n\u0131 sa\u011fl\u0131yor. Mersin &hellip; <a href=\"https:\/\/akdenizolaygazetesi.com\/?p=24971\" class=\"more-link\">Devam\u0131n\u0131 Oku&#8230;<\/a><\/p>\n","protected":false},"author":2,"featured_media":24972,"comment_status":"open","ping_status":"open","sticky":false,"template":"","format":"standard","meta":[],"categories":[2,3],"tags":[],"_links":{"self":[{"href":"https:\/\/akdenizolaygazetesi.com\/index.php?rest_route=\/wp\/v2\/posts\/24971"}],"collection":[{"href":"https:\/\/akdenizolaygazetesi.com\/index.php?rest_route=\/wp\/v2\/posts"}],"about":[{"href":"https:\/\/akdenizolaygazetesi.com\/index.php?rest_route=\/wp\/v2\/types\/post"}],"author":[{"embeddable":true,"href":"https:\/\/akdenizolaygazetesi.com\/index.php?rest_route=\/wp\/v2\/users\/2"}],"replies":[{"embeddable":true,"href":"https:\/\/akdenizolaygazetesi.com\/index.php?rest_route=%2Fwp%2Fv2%2Fcomments&post=24971"}],"version-history":[{"count":1,"href":"https:\/\/akdenizolaygazetesi.com\/index.php?rest_route=\/wp\/v2\/posts\/24971\/revisions"}],"predecessor-version":[{"id":24973,"href":"https:\/\/akdenizolaygazetesi.com\/index.php?rest_route=\/wp\/v2\/posts\/24971\/revisions\/24973"}],"wp:featuredmedia":[{"embeddable":true,"href":"https:\/\/akdenizolaygazetesi.com\/index.php?rest_route=\/wp\/v2\/media\/24972"}],"wp:attachment":[{"href":"https:\/\/akdenizolaygazetesi.com\/index.php?rest_route=%2Fwp%2Fv2%2Fmedia&parent=24971"}],"wp:term":[{"taxonomy":"category","embeddable":true,"href":"https:\/\/akdenizolaygazetesi.com\/index.php?rest_route=%2Fwp%2Fv2%2Fcategories&post=24971"},{"taxonomy":"post_tag","embeddable":true,"href":"https:\/\/akdenizolaygazetesi.com\/index.php?rest_route=%2Fwp%2Fv2%2Ftags&post=24971"}],"curies":[{"name":"wp","href":"https:\/\/api.w.org\/{rel}","templated":true}]}}