{"id":24980,"date":"2023-03-31T13:13:52","date_gmt":"2023-03-31T10:13:52","guid":{"rendered":"http:\/\/akdenizolaygazetesi.com\/?p=24980"},"modified":"2023-03-31T13:13:52","modified_gmt":"2023-03-31T10:13:52","slug":"el-emegi-goz-nuru-eserlerini-acacaklari-sergide-begeniye-sunacaklar","status":"publish","type":"post","link":"https:\/\/akdenizolaygazetesi.com\/?p=24980","title":{"rendered":"El eme\u011fi g\u00f6z nuru eserlerini a\u00e7acaklar\u0131 sergide be\u011feniye sunacaklar"},"content":{"rendered":"<p>Akdeniz Belediyesi\u2019nin k\u00fclt\u00fcr ve sanat evlerinde misafir edilen depremzede kad\u0131nlar \u00f6zel bir sergiye haz\u0131rlan\u0131yor. Tak\u0131 tasar\u0131m, ah\u015fap boyama ve \u00f6rg\u00fc kurslar\u0131 alan kad\u0131nlar, \u00fcrettikleri el eme\u011fi g\u00f6z nuru eserlerini 8-9 Nisan 2023 tarihlerinde a\u00e7acaklar\u0131 sergide hem be\u011feniye hem de sat\u0131\u015fa sunacak.<br \/>\nAkdeniz Belediyesi; deprem felaketi nedeniyle Hatay ve Kahramanmara\u015f\u2019tan g\u00f6\u00e7 eden aileleri, K\u00fclt\u00fcr ve Sosyal \u0130\u015fler M\u00fcd\u00fcrl\u00fc\u011f\u00fc\u2019ne ba\u011fl\u0131 k\u00fclt\u00fcr sanat evlerinde a\u011f\u0131rlamaya devam ediyor. Felaketi ya\u015fayan ailelerin temel ihtiya\u00e7lar\u0131n\u0131 da kar\u015f\u0131layan Akdeniz Belediyesi, afetzede ailelere uzmanlar e\u015fli\u011finde hem psikososyal destekler sunuyor, hem de deprem felaketi nedeniyle sars\u0131lan moral ve \u00f6zg\u00fcvenlerini artt\u0131r\u0131c\u0131 etkinlikler d\u00fczenliyor.<br \/>\nDepremzede kad\u0131nlar \u00fcretiyor<br \/>\nAkdeniz Belediyesi, k\u00fclt\u00fcr ve sanat evlerinde bar\u0131nan depremzede kad\u0131nlar i\u00e7in \u00e7e\u015fitli mesleki ve beceri kurslar\u0131 vermeye de ba\u015flad\u0131. Kurslar kapsam\u0131nda kad\u0131nlar; tak\u0131 tasar\u0131m\u0131, ah\u015fap boyama, bi\u00e7ki diki\u015f, \u00f6rg\u00fc k\u0131yafetler, \u00f6rg\u00fc s\u00fcsler ve geri d\u00f6n\u00fc\u015f\u00fcm malzemelerinden hediyelikler yapmay\u0131 \u00f6\u011freniyor. B\u00f6ylelikle b\u00fcy\u00fck felaketin ruhlar\u0131nda yaratt\u0131\u011f\u0131 a\u011f\u0131r psikolojik travmadan bir nebze uzakla\u015fan deprem ma\u011fduru kad\u0131nlar, zamanlar\u0131n\u0131 da daha g\u00fczel ve verimli ge\u00e7irme imk\u00e2n\u0131 buluyor.<br \/>\nSergi ve stantlar 8-9 Nisan\u2019da a\u00e7\u0131lacak<br \/>\nE\u011fitmenler g\u00f6zetiminde birbirinden farkl\u0131 ve ilgi \u00e7ekici el eme\u011fi g\u00f6z nuru eserler \u00fcreten kad\u0131nlar, 8-9 Nisan 2023 tarihleri aras\u0131nda bir AVM\u2019de (Forum AVM) a\u00e7\u0131lacak stantlarda d\u00fczenlenecek sergide ortaya \u00e7\u0131kard\u0131klar\u0131 eserleri satma ve gelir elde etme imk\u00e2n\u0131 da elde edecek. Akdeniz Belediyesi\u2019nin, afetzede kad\u0131nlara y\u00f6nelik mesleki e\u011fitim ve beceri kurslar\u0131 \u00e7e\u015fitlenerek devam edecek.<br \/>\n\u201cDeprem stresinden uzakla\u015f\u0131yor, zaman\u0131m\u0131z\u0131 da daha verimli ge\u00e7iriyoruz\u201d<br \/>\nDuygular\u0131n\u0131 payla\u015fan depremzede kad\u0131nlar, kendilerine sunulan bu destek ve imkan nedeniyle Akdeniz Belediye Ba\u015fkan\u0131 Mustafa G\u00fcltak ile K\u00fclt\u00fcr ve Sosyal \u0130\u015fler M\u00fcd\u00fcrl\u00fc\u011f\u00fc g\u00f6revlilerine te\u015fekk\u00fcr etti. Hatay Antakya\u2019dan Mersin\u2019e g\u00f6\u00e7 eden depremzedelerden biri olan Aylin Ate\u015f; \u201cArkada\u015flar\u0131m vesilesiyle el i\u015fi sanatlar\u0131n\u0131 burada \u00f6\u011frenebilece\u011fimi duydum ve hemen gelip ba\u015flad\u0131m. Hocalar\u0131m\u0131z sayesinde farkl\u0131 el i\u015fi sanatlar\u0131n\u0131 \u00f6\u011freniyoruz. Ald\u0131\u011f\u0131m\u0131z bu g\u00fczel kurslar sayesinde bo\u015f zaman\u0131m\u0131z\u0131 de\u011ferlendiriyor, ya\u015fad\u0131\u011f\u0131m\u0131z depremi bir s\u00fcre de olsa akl\u0131m\u0131zdan \u00e7\u0131kar\u0131yoruz\u201d dedi.<br \/>\nYine Hatay\u2019dan Mersin\u2019e g\u00f6\u00e7 ederek k\u00fclt\u00fcr sanat evinde konaklayan depremzede kad\u0131nlardan biri olan ve kurs alan Zarife Kaplan ise duygular\u0131n\u0131; \u201cBurada ah\u015fap boyama sanat\u0131 ile ilgili kurslar oldu\u011funu \u00f6\u011frendim ve kat\u0131lmaya karar verdim. Ya\u015fad\u0131\u011f\u0131m\u0131z stres ve s\u0131k\u0131nt\u0131y\u0131 \u00fczerimizden atmak i\u00e7in kurslara kat\u0131ld\u0131m. Bu kurslar\u0131n a\u00e7\u0131lmas\u0131n\u0131 sa\u011flayan belediye ba\u015fkan\u0131m\u0131za te\u015fekk\u00fcr ediyorum\u201d diye konu\u015ftu. Karacailyas K\u00fclt\u00fcr ve Sanat Evi\u2019ne yerle\u015fen Hatayl\u0131 depremzedelerden biri olan ve kurslara kat\u0131lan Emirhan \u015eahino\u011flu ise; \u201cBo\u015f zamanlar\u0131m\u0131zda burada verilen \u00e7e\u015fitli kurslardan faydalan\u0131yoruz. Kurslar sayesinde ya\u015fad\u0131\u011f\u0131m\u0131z o k\u00f6t\u00fc g\u00fcnleri bir nebze de olsa akl\u0131m\u0131zdan \u00e7\u0131karmaya \u00e7al\u0131\u015f\u0131yoruz\u201d ifadelerini kulland\u0131.  <\/p>\n","protected":false},"excerpt":{"rendered":"<p>Akdeniz Belediyesi\u2019nin k\u00fclt\u00fcr ve sanat evlerinde misafir edilen depremzede kad\u0131nlar \u00f6zel bir sergiye haz\u0131rlan\u0131yor. Tak\u0131 tasar\u0131m, ah\u015fap boyama ve \u00f6rg\u00fc kurslar\u0131 alan kad\u0131nlar, \u00fcrettikleri el eme\u011fi g\u00f6z nuru eserlerini 8-9 &hellip; <a href=\"https:\/\/akdenizolaygazetesi.com\/?p=24980\" class=\"more-link\">Devam\u0131n\u0131 Oku&#8230;<\/a><\/p>\n","protected":false},"author":2,"featured_media":24981,"comment_status":"open","ping_status":"open","sticky":false,"template":"","format":"standard","meta":[],"categories":[8,3,5],"tags":[],"_links":{"self":[{"href":"https:\/\/akdenizolaygazetesi.com\/index.php?rest_route=\/wp\/v2\/posts\/24980"}],"collection":[{"href":"https:\/\/akdenizolaygazetesi.com\/index.php?rest_route=\/wp\/v2\/posts"}],"about":[{"href":"https:\/\/akdenizolaygazetesi.com\/index.php?rest_route=\/wp\/v2\/types\/post"}],"author":[{"embeddable":true,"href":"https:\/\/akdenizolaygazetesi.com\/index.php?rest_route=\/wp\/v2\/users\/2"}],"replies":[{"embeddable":true,"href":"https:\/\/akdenizolaygazetesi.com\/index.php?rest_route=%2Fwp%2Fv2%2Fcomments&post=24980"}],"version-history":[{"count":1,"href":"https:\/\/akdenizolaygazetesi.com\/index.php?rest_route=\/wp\/v2\/posts\/24980\/revisions"}],"predecessor-version":[{"id":24982,"href":"https:\/\/akdenizolaygazetesi.com\/index.php?rest_route=\/wp\/v2\/posts\/24980\/revisions\/24982"}],"wp:featuredmedia":[{"embeddable":true,"href":"https:\/\/akdenizolaygazetesi.com\/index.php?rest_route=\/wp\/v2\/media\/24981"}],"wp:attachment":[{"href":"https:\/\/akdenizolaygazetesi.com\/index.php?rest_route=%2Fwp%2Fv2%2Fmedia&parent=24980"}],"wp:term":[{"taxonomy":"category","embeddable":true,"href":"https:\/\/akdenizolaygazetesi.com\/index.php?rest_route=%2Fwp%2Fv2%2Fcategories&post=24980"},{"taxonomy":"post_tag","embeddable":true,"href":"https:\/\/akdenizolaygazetesi.com\/index.php?rest_route=%2Fwp%2Fv2%2Ftags&post=24980"}],"curies":[{"name":"wp","href":"https:\/\/api.w.org\/{rel}","templated":true}]}}