{"id":24983,"date":"2023-04-01T17:28:02","date_gmt":"2023-04-01T14:28:02","guid":{"rendered":"http:\/\/akdenizolaygazetesi.com\/?p=24983"},"modified":"2023-04-01T17:28:02","modified_gmt":"2023-04-01T14:28:02","slug":"baskan-secer-zeytin-fidani-ve-organik-sivi-gubre-dagitim-torenine-katildi","status":"publish","type":"post","link":"https:\/\/akdenizolaygazetesi.com\/?p=24983","title":{"rendered":"BA\u015eKAN SE\u00c7ER, ZEYT\u0130N F\u0130DANI VE ORGAN\u0130K SIVI G\u00dcBRE DA\u011eITIM T\u00d6REN\u0130&#8217;NE KATILDI"},"content":{"rendered":"<p>Mersin B\u00fcy\u00fck\u015fehir Belediyesi&#8217;nin &#8216;Yerli Yerinde&#8217; slogan\u0131 ile &#8216;G\u0131da G\u00fcvenli\u011fi \u0130\u00e7in Yerel Tar\u0131msal \u00dcretim Te\u015fviki&#8217; kapsam\u0131nda Akdeniz il\u00e7esi Adanal\u0131o\u011flu Mahallesi&#8217;nde ger\u00e7ekle\u015ftirilen Zeytin Fidan\u0131 ve G\u00fcbre Da\u011f\u0131t\u0131m T\u00f6reni&#8217;ne kat\u0131ld\u0131. T\u00f6rende, Adanal\u0131o\u011flu&#8217;ndaki 451 \u00fcreticiye toplam 9 bin 20 adet zeytin fidan\u0131 ve 500 \u00fcreticiye de 10 bin litre organik s\u0131v\u0131 g\u00fcbre da\u011f\u0131t\u0131m\u0131 ger\u00e7ekle\u015fti. Proje kapsam\u0131nda, Mersin B\u00fcy\u00fck\u015fehir Belediyesi taraf\u0131ndan kent genelinde toplam 2 bin 133 \u00fcreticiye 42 bin 660 adet zeytin fidan\u0131 teslim edilecek.<\/p>\n<p>T\u00f6rene, Cumhuriyet Halk Partisi (CHP) Mersin Milletvekilleri Alpay Antmen ile Cengiz G\u00f6k\u00e7el, CHP Mersin \u0130l Ba\u015fkan\u0131 Koral \u00d6m\u00fcr, Mersin Ticaret ve Sanayi Odas\u0131 (MTSO) Meclis Ba\u015fkan\u0131 Hamit \u0130zol, Akdeniz Ziraat Odas\u0131 Ba\u015fkan\u0131 Musa Y\u0131lmaz, STK Ba\u015fkanlar\u0131, Muhtarlar ve \u00fcreticiler kat\u0131ld\u0131.<\/p>\n<p>&#8220;Pansuman tedbirlerle depremzedelerin yaralar\u0131n\u0131 saramazs\u0131n\u0131z&#8221;<\/p>\n<p>T\u00f6rende konu\u015fan Mersin B\u00fcy\u00fck\u015fehir Belediye Ba\u015fkan\u0131 Vahap Se\u00e7er, deprem dolay\u0131s\u0131yla bu tarz etkinliklere uzun s\u00fcredir ara verdiklerinden s\u00f6z etti. 6 \u015eubat&#8217;ta herkesi derinden \u00fczen \u00e7ok b\u00fcy\u00fck bir felaket ya\u015fand\u0131\u011f\u0131n\u0131 hat\u0131rlatan Ba\u015fkan Se\u00e7er, Mersin B\u00fcy\u00fck\u015fehir Belediye Ba\u015fkan\u0131 olarak t\u00fcm \u00e7al\u0131\u015fma arkada\u015flar\u0131 ile birlikte b\u00f6lgede yap\u0131lmas\u0131 gereken her t\u00fcrl\u00fc katk\u0131y\u0131 vermek i\u00e7in gecelerini g\u00fcnd\u00fczlerine katt\u0131klar\u0131n\u0131 ifade etti. Se\u00e7er, &#8220;Belediye olarak karde\u015flerimizin her zaman yan\u0131nda olaca\u011f\u0131z. Buradan bir uyar\u0131da bulunmak istiyorum; herkes bir \u015feyi ka\u00e7\u0131r\u0131yor, art\u0131k bu insanlar\u0131n birinci derecedeki sorunu bar\u0131nma, yeme, i\u00e7me, su ihtiyac\u0131ndan \u00f6te; art\u0131k ge\u00e7ici olarak ara verdikleri ya\u015famlar\u0131n\u0131 tekrar s\u00fcrd\u00fcrme \u00e7abalar\u0131d\u0131r. Bu insanlar\u0131n tekrar i\u015f ve yuva sahibi olmas\u0131, bu travmay\u0131 atlatabilmesi, kendi memleketlerinde ya\u015fam alanlar\u0131 bulmas\u0131 ve bu \u00e7ark\u0131n d\u00f6nmesi i\u00e7in Merkezi H\u00fck\u00fcmet&#8217;in bir an \u00f6nce gerekli tedbirleri almas\u0131 gerekti\u011fini buradan s\u00f6yl\u00fcyorum. Konu sadece yeme-i\u00e7me de\u011fil, bu insanlar\u0131n orada \u00fcretmesi laz\u0131m, te\u015fvik paketlerinin \u015fu ana kadar a\u00e7\u0131klanmas\u0131 laz\u0131md\u0131. \u0130nsanlar tekrar i\u015f yerlerini, fabrikalar\u0131n\u0131 \u00e7al\u0131\u015ft\u0131racak, ham madde \u00fcretecek, o b\u00f6lgeyi ihya edece\u011fiz, etmek zorunday\u0131z. Yoksa kap\u0131 kap\u0131 dola\u015farak, pansuman tedbirlerle depremzedelerin yaralar\u0131n\u0131 saramazs\u0131n\u0131z. Bu, \u00e7a\u011fda\u015f devlet anlay\u0131\u015f\u0131na s\u0131\u011fmaz&#8221; dedi.<\/p>\n<p>&#8220;\u00c7ift\u00e7inin mevcut h\u00fck\u00fcmete k\u0131rm\u0131z\u0131 kart g\u00f6stermesi laz\u0131m&#8221;<\/p>\n<p>\u00c7ift\u00e7ili\u011fin en kutsal kazan\u00e7 alan\u0131 oldu\u011funu vurgulayan Ba\u015fkan Se\u00e7er, \u00e7ift\u00e7inin kazand\u0131\u011f\u0131 her kuru\u015fun da helal oldu\u011funun alt\u0131n\u0131 \u00e7izdi. Ba\u015fkan Se\u00e7er, &#8220;Buras\u0131 bir tar\u0131m memleketi. Serac\u0131l\u0131ktan sebzecili\u011fe, meyvecilikten m\u0131s\u0131r \u00fcretimine her t\u00fcrl\u00fc tar\u0131m\u0131n yap\u0131ld\u0131\u011f\u0131 topraklar buralar ve \u00f6nemli bir kitle buradan ge\u00e7imini sa\u011fl\u0131yor. T\u00fcrkiye de \u00f6yle. Siz T\u00fcrkiye&#8217;nin toplam cirosunda tar\u0131m\u0131n pay\u0131n\u0131n d\u00fc\u015f\u00fck oldu\u011funa bakmay\u0131n. T\u00fcrkiye&#8217;de her 4 ki\u015fiden 1&#8217;i tar\u0131mdan ge\u00e7inir. Bakkal d\u00fckkan\u0131 olan\u0131n da, doktor, avukat, t\u00fcccar ve berber olan\u0131n da tar\u0131mla ba\u011f\u0131 vard\u0131r. T\u00fcrkiye&#8217;de tar\u0131m ger\u00e7e\u011fi budur. Genel anlamda tar\u0131ma ili\u015fkin do\u011fru \u015feyler yap\u0131lmad\u0131\u011f\u0131na g\u00f6re, bug\u00fcnk\u00fc bu krizleri ya\u015f\u0131yoruz. \u00c7\u00fcnk\u00fc bir irade y\u00f6netiyor, 20 y\u0131ld\u0131r bir anlay\u0131\u015f y\u00f6netiyor, tar\u0131ma bir bak\u0131\u015f\u0131 var. 20 y\u0131l\u0131n sonunda ayn\u0131 \u015feyler konu\u015fuluyor ve tart\u0131\u015f\u0131l\u0131yorsa demek ki ba\u015far\u0131l\u0131 olunamam\u0131\u015f, yanl\u0131\u015f i\u015fler olmu\u015f. Hala \u00e7ift\u00e7inin iki yakas\u0131 bir araya gelmiyorsa, demek ki mevcut h\u00fck\u00fcmete tar\u0131m konusunda \u00e7ift\u00e7ilerin k\u0131rm\u0131z\u0131 kart g\u00f6stermesi laz\u0131m&#8221; dedi.<\/p>\n<p>Herkesi \u00e7ok sevdi\u011fine de\u011finen Ba\u015fkan Se\u00e7er, &#8220;Hi\u00e7bir parti ayr\u0131m\u0131 yapmadan hepinizi \u00e7ok seviyorum. Sizler bizim halk\u0131m\u0131zs\u0131n\u0131z, ben de hepinizin belediye ba\u015fkan\u0131n\u0131z\u0131m. Ama T\u00fcrkiye&#8217;de mevcut yap\u0131 i\u00e7erisinde Cumhurba\u015fkanl\u0131\u011f\u0131&#8217;n\u0131n anlay\u0131\u015f\u0131, &#8216;Herkesin Cumhurba\u015fkan\u0131&#8217; dedirtmiyor. Bunlara dikkat \u00e7ekmek istiyorum. \u015eimdi bir se\u00e7ime gidiyoruz. Tar\u0131m\u0131 anlat\u0131yoruz; sorun var. Deprem b\u00f6lgesindeki sorunlar\u0131 anlat\u0131yoruz; sorun var&#8221; ifadelerini kulland\u0131.<\/p>\n<p>&#8220;Cumhur&#8217;un Belediyeleri, Millet&#8217;in Belediyeleri ayr\u0131m\u0131 bu \u00fclkeye zarar getirdi&#8221;<\/p>\n<p>CHP&#8217;li belediye ba\u015fkanlar\u0131n\u0131n normal bir belediye ba\u015fkan\u0131n\u0131n \u00f6tesinde ba\u015fkanl\u0131k yapt\u0131\u011f\u0131na dikkat \u00e7eken Se\u00e7er, &#8220;Kurumlarda, devlet idaresinde ayr\u0131\u015fma var. Belediyelerde Cumhur&#8217;un Belediyeleri, Millet&#8217;in Belediyeleri ayr\u0131m\u0131 var. Bunlar bu \u00fclkeye zarar getirdi. 4 y\u0131ld\u0131r k\u0131t kanaat imk\u00e2nlarla Mersin&#8217;e hizmet ettik. \u0130stanbul&#8217;a, Ankara&#8217;ya, Adana&#8217;ya, Hatay&#8217;a, Antalya&#8217;ya ve her b\u00f6lgeye belediye ba\u015fkanlar\u0131 olarak hizmet ettik. Hi\u00e7 y\u00fcks\u00fcnmedik, dertlenmedik, \u015fikayet etmedik. Sadece tespitler yapt\u0131k, ger\u00e7ekleri s\u00f6yledik&#8221; dedi.<\/p>\n<p>&#8220;4 y\u0131l boyunca yolda y\u00fcr\u00fcrken ba\u015f\u0131n\u0131z\u0131 \u00f6ne e\u011fdirmedim&#8221;<\/p>\n<p>4 y\u0131l \u00f6nce Mersinlilerin kulland\u0131klar\u0131 oy ile kendisini B\u00fcy\u00fck\u015fehir Belediye Ba\u015fkan\u0131 se\u00e7ti\u011fini hat\u0131rlatan Ba\u015fkan Se\u00e7er, bu s\u00fcre zarf\u0131nda gece-g\u00fcnd\u00fcz \u00e7al\u0131\u015ft\u0131klar\u0131n\u0131 belirterek &#8220;4 y\u0131l boyunca yolda y\u00fcr\u00fcrken ba\u015f\u0131n\u0131z\u0131 \u00f6ne e\u011fdirmedi\u011fimi umut ediyorum. Hepinizin sokakta y\u00fcr\u00fcrken ba\u015f\u0131n\u0131z\u0131n dik gezmesi i\u00e7in gecemizi g\u00fcnd\u00fcz\u00fcm\u00fcze katt\u0131k. 4 y\u0131l\u0131m\u0131z\u0131 da doldurduk. \u0130n\u015fallah 1 y\u0131l\u0131m\u0131zda hizmetlerimizle ge\u00e7irece\u011fiz&#8221; diye konu\u015ftu.<\/p>\n<p>&#8220;Buras\u0131 demokratik bir \u00fclke, ben herkesin belediye ba\u015fkan\u0131y\u0131m&#8221;<\/p>\n<p>Kendisini &#8216;Cumhuriyet Halk Partisi ve Atat\u00fcrk&#8217;\u00fcyle \u00f6v\u00fcn\u00e7 duyan bir siyaset\u00e7i&#8217; olarak tan\u0131mlayan ve bunun alt\u0131n\u0131 kara kalemle \u00e7izdi\u011fini ifade eden Se\u00e7er &#8220;Ancak bu konu\u015fmay\u0131 yapt\u0131ktan sonra da c\u00fcmlemi \u015f\u00f6yle tamaml\u0131yorum: Buras\u0131 demokratik bir \u00fclke, ben herkesin belediye ba\u015fkan\u0131y\u0131m, nokta. Herkese ayn\u0131 hizmet, Akdeniz&#8217;e de Mut&#8217;a da Tarsus&#8217;a da Anamur&#8217;a da yap\u0131yoruz. Akdeniz il\u00e7emiz, Adanal\u0131o\u011flu Mahallesi&#8217;ndeyiz. Bu b\u00f6lgede yollar\u0131 pekala g\u00fczel g\u00fczel yapt\u0131k. Mezarl\u0131ktan sahile kadar asfalt\u0131n\u0131z\u0131 yapt\u0131k. D-400&#8217;den mezarl\u0131\u011fa kadar da 2023 program\u0131nda s\u0131cak asfalt yap\u0131lacak. Yine sahil yolunuzu, \u015e\u0131h \u0130brahim Caddesi&#8217;ni s\u0131cak asfalt yapaca\u011f\u0131z, 2023 program\u0131nda var. \u015e\u0131h Mahmut Caddesi&#8217;ni, Atalar Mahallesi yolumuzu sathi kaplama yapaca\u011f\u0131z, program\u0131m\u0131zda var. Muhtarlar\u0131m\u0131z da takip ediyor. Programa al\u0131nd\u0131 m\u0131 bizde i\u015f bitmi\u015ftir, yap\u0131l\u0131r&#8221; ifadelerini kulland\u0131.<\/p>\n<p>&#8220;Biz insanlar\u0131n derdine ortak olmaya, \u00e7\u00f6z\u00fcm olmaya geldik&#8221;<\/p>\n<p>Se\u00e7ildikten sonra geride kalan 4 y\u0131l\u0131 bu mant\u0131k ile ge\u00e7irdiklerini kalan 1 y\u0131l\u0131n da b\u00f6yle olaca\u011f\u0131n\u0131 dile getiren Ba\u015fkan Se\u00e7er, &#8220;Ne dediysek yapaca\u011f\u0131z. \u0130nsanlar\u0131n derdine dert katmaya gelmedik. Derdine ortak olmaya, \u00e7\u00f6z\u00fcm olmaya geldik. Onun i\u00e7in ne dediysek onu yapaca\u011f\u0131z. Her yere adaletli hizmet g\u00f6t\u00fcr\u00fcyoruz. Bak\u0131n ben az \u00f6nce adaletsizlikten \u015fikayet ettim. Hangi kafayla adaletsizlikten \u015fikayet edip de adaletsizlik yapaca\u011f\u0131m. B\u00f6yle bir \u015fey olabilir mi? Biz adaleti sa\u011flamak istiyoruz&#8221; dedi.<\/p>\n<p>CHP Lideri ve 13. Cumhurba\u015fkan\u0131 Aday\u0131 Kemal K\u0131l\u0131\u00e7daro\u011flu&#8217;nun 1 Nisan 2019 sabah\u0131 kendisini arayarak &#8216;Say\u0131n Ba\u015fkan hay\u0131rl\u0131 olsun se\u00e7imi kazand\u0131n, eminim \u00e7ok iyi bir belediye ba\u015fkan\u0131 olacaks\u0131n. Senin i\u00e7in 2024 kampanyas\u0131 bug\u00fcnden itibaren ba\u015fl\u0131yor. Yapaca\u011f\u0131n\u0131z \u015fu; sak\u0131n ola yetim hakk\u0131na tenezz\u00fcl etmeyin. Sak\u0131n ola t\u00fcy\u00fc bitmemi\u015f yetimin hakk\u0131n\u0131 kimseye yedirmeyin, sak\u0131n ola adaletsizlik yapmay\u0131n. Hizmetlerinizi her yere e\u015fit bir \u015fekilde g\u00f6t\u00fcr\u00fcn&#8217; dedi\u011fini aktaran Se\u00e7er &#8220;Bu bizim Say\u0131n Genel Ba\u015fkan\u0131m\u0131z\u0131n talimat\u0131d\u0131r. \u0130n\u015fallah Say\u0131n Genel Ba\u015fkan\u0131m\u0131z\u0131 14 May\u0131s&#8217;ta T\u00fcrkiye&#8217;nin 13. Cumhurba\u015fkan\u0131 se\u00e7ece\u011fiz. O telkinleri bize yapan o insan\u0131n, o d\u00fc\u015f\u00fcncenin sahibi olan o insan\u0131n, ki biz de ayn\u0131 d\u00fc\u015f\u00fcncedeyiz ki onunla beraber y\u00fcr\u00fcy\u00fcp yol arkada\u015fl\u0131\u011f\u0131 yap\u0131yoruz, T\u00fcrkiye&#8217;deki uygulamalar\u0131 da farkl\u0131 olmayacakt\u0131r. Bundan emin olabilirsiniz&#8221; diye konu\u015ftu.<\/p>\n<p>Toplam 42 bin 660 adet zeytin fidan\u0131 ve 10 ton organik s\u0131v\u0131 g\u00fcbre da\u011f\u0131t\u0131lacak<\/p>\n<p>B\u00fcy\u00fck\u015fehir Belediyesi olarak \u00e7ift\u00e7ilere destek olmak ad\u0131na her y\u0131l her b\u00f6lgeye uygun destekler yapt\u0131klar\u0131n\u0131 s\u00f6yleyen Ba\u015fkan Se\u00e7er, &#8220;Fidan kaliteli olursa a\u011fa\u00e7 sa\u011fl\u0131kl\u0131, \u00fcr\u00fcn de verimli ve kaliteli olur. Toplamda 42 bin 660 adet zeytin fidan\u0131 talebi olmu\u015f, bunlar\u0131 2 bin 133 \u00fcreticimize da\u011f\u0131taca\u011f\u0131z. Bug\u00fcn de burada 451 \u00fcreticiye, bunun 112&#8217;si kad\u0131n, toplam 9 bin 20 adet zeytin fidan\u0131 ve ki\u015fi ba\u015f\u0131 20 litre olmak \u00fczere toplam 500 \u00fcreticimize 10 ton organik s\u0131v\u0131 g\u00fcbre verece\u011fiz&#8221; dedi.<\/p>\n<p>&#8220;94 kilometre boru da\u011f\u0131t\u0131m\u0131 ger\u00e7ekle\u015ftirilecek&#8221;<\/p>\n<p>B\u00fcy\u00fck\u015fehir olarak \u00fcreticilere y\u00f6nelik farkl\u0131 kalemlerde desteklerin oldu\u011funun alt\u0131n\u0131 \u00e7izen Ba\u015fkan Se\u00e7er, fide, fidan, ila\u00e7, sera naylonu, sera ipi gibi desteklerin yan\u0131 s\u0131ra kendisinin \u00e7ok \u00f6nemsedi\u011fi sulama borusu deste\u011finden de s\u00f6z etti. Sulama borusu demenin; su, verim ve kalite demek oldu\u011funu s\u00f6yleyen Se\u00e7er \u015funlar\u0131 kaydetti:<\/p>\n<p>&#8220;Toroslar\u0131n eteklerindeki engebeli arazilerin, oradaki tar\u0131m alanlar\u0131n\u0131n suyla bulu\u015fmas\u0131 i\u00e7in boruya ihtiya\u00e7 var. Ova gibi de\u011fil. Bug\u00fcne kadar yakla\u015f\u0131k 162 kilometre boru da\u011f\u0131tt\u0131k. Bu y\u0131l da 94 kilometre boru da\u011f\u0131t\u0131m\u0131 ger\u00e7ekle\u015ftirilecek. Bu borular HDPE ve \u00e7elik borular. Y\u00fcksek maliyetli borular. Kooperatifler marifetiyle bu da\u011f\u0131t\u0131m\u0131 yap\u0131yoruz. Ekipman da\u011f\u0131t\u0131m\u0131n\u0131 \u00f6nemsiyoruz. Ziraat odalar\u0131m\u0131z\u0131n, kooperatiflerimizin, ar\u0131 \u00fcreticilerimizin ve di\u011fer kooperatiflerin t\u00fcm taleplerini uygunluk \u00f6l\u00e7\u00fcs\u00fcnde de\u011ferlendiriyoruz ve alet ekipman deste\u011fi de veriyoruz.&#8221;<\/p>\n<p>&#8216;Hadi Gel K\u00f6y\u00fcm\u00fcze Destek Verelim&#8217; projesi sonras\u0131nda 180 ailenin k\u00fc\u00e7\u00fck i\u015fletme kurdu\u011funu aktaran Ba\u015fkan Se\u00e7er, Tarsus&#8217;tan Anamur&#8217;a kadar her y\u0131l 1500 dam\u0131zl\u0131k k\u00fc\u00e7\u00fckba\u015f hayvan da\u011f\u0131t\u0131m\u0131 yapt\u0131klar\u0131n\u0131 ve her aileye 25 k\u00fc\u00e7\u00fckba\u015f hayvan\u0131n yan\u0131 s\u0131ra, yem ve veteriner hizmeti verdiklerini s\u00f6yledi. Ba\u015fkan Se\u00e7er &#8220;\u0130\u015finizi ciddi yaparsan\u0131z k\u00fc\u00e7\u00fck kaynaklarla b\u00fcy\u00fck sonu\u00e7lar elde edebilirsiniz. \u0130lk y\u0131l verdi\u011fimiz \u00fcreticilerden ge\u00e7en y\u0131l 556 hayvan geldi. Bu y\u0131l bu rakam 1158 e \u00e7\u0131kacak. 5 y\u0131l\u0131n sonunda zaten \u00e7ark kendini d\u00f6nd\u00fcrecek. Yani bize her y\u0131l 1500 hayvan gelecek, 60 yeni \u00fcreticiye da\u011f\u0131lacak. Herkes kendi ekme\u011fini kazanacak. Tar\u0131msal destek budur. \u015eunu da yapabilirdik; her y\u0131l 2 bin hayvan da\u011f\u0131t\u0131rd\u0131k 3&#8217;er 5&#8217;er e\u015fe dosta, muhtar\u0131n, ba\u015fkan\u0131n, parti \u00fcyesinin bir telefonuna, bizim belediyenin arac\u0131 k\u00f6yl\u00fcn\u00fcn evine \u00fc\u00e7 hayvan\u0131 b\u0131rak\u0131r, sonras\u0131nda kar\u015f\u0131dan kasab\u0131n arabas\u0131 girer, \u00fc\u00e7\u00fcn\u00fc g\u00f6t\u00fcr\u00fcr mezbahaya, keserdi. Bunun ad\u0131 proje de\u011fil. Bunun ad\u0131 halk\u0131 kand\u0131rmak, kaynak israf\u0131. Kendi kendinizi kand\u0131rmak. T\u00fcrkiye bundan kaybetti&#8221; ifadelerini kulland\u0131.<\/p>\n<p>Bu y\u0131l G\u00fcne\u015f Paneli deste\u011fi ile 300 yeti\u015ftiriciye y\u00fczde 50 hibeli g\u00fcne\u015f paneli deste\u011fi sa\u011flanaca\u011f\u0131n\u0131 da ifade eden Ba\u015fkan Se\u00e7er, &#8220;Fide, fidandan ar\u0131c\u0131l\u0131k malzemelerine kadar, kaz yeti\u015ftiricili\u011fine kadar bir\u00e7ok alanda Mersin B\u00fcy\u00fck\u015fehir Belediyesi&#8217;nin tar\u0131ma y\u00f6nelik desteklerini g\u00f6rmemiz m\u00fcmk\u00fcn&#8221; dedi.<\/p>\n<p>&#8220;Ben halk\u0131mla ya\u015f\u0131yorum, onlar\u0131, onlar\u0131n ac\u0131s\u0131n\u0131, nefesini hissediyorum&#8221;<\/p>\n<p>Konu\u015fmas\u0131n\u0131n sonunda T\u00fcrkiye&#8217;nin se\u00e7im kayg\u0131s\u0131 olmayan, cebini d\u00fc\u015f\u00fcnmeyen, gelece\u011fini, makam\u0131n\u0131 d\u00fc\u015f\u00fcnmeyen y\u00f6neticilere ihtiyac\u0131 oldu\u011funu s\u00f6zlerine ekleyen Ba\u015fkan Se\u00e7er, &#8220;Mahkeme kad\u0131ya m\u00fclk de\u011fil. G\u00f6revini yapacak, halk\u0131n kar\u015f\u0131s\u0131na \u00e7\u0131kacak. Se\u00e7im tarafs\u0131z, ba\u011f\u0131ms\u0131z, demokratik olacak, \u015faibeli olmayacak, g\u00f6lge d\u00fc\u015fmeyecek. Bana, &#8216;Hizmetlerinizi anlat&#8217; deyin, anlata anlata bitiremem. &#8216;An\u0131lar\u0131n\u0131 anlat&#8217; deyin, anlata anlata bitiremem, deprem b\u00f6lgesinde g\u00f6rd\u00fcklerimi anlata anlata bitiremem. Ben halk\u0131mla ya\u015f\u0131yorum, onlar\u0131, onlar\u0131n ac\u0131s\u0131n\u0131, nefesini hissediyorum. Benden kimse k\u00f6t\u00fc adam \u00e7\u0131kartamaz. Herkes d\u00f6n\u00fcp aynaya bakacak. Biz sizler i\u00e7in, \u00fclkemiz i\u00e7in \u00e7al\u0131\u015f\u0131yoruz. Bu vatan\u0131 bize arma\u011fan eden ba\u015fta Ulu \u00d6nder Mustafa Kemal Atat\u00fcrk ve onun m\u00fccadele arkada\u015flar\u0131n\u0131n mezarda kemiklerini s\u0131zlatmamak i\u00e7in \u00e7al\u0131\u015f\u0131yoruz&#8221; diyerek konu\u015fmas\u0131n\u0131 tamamlad\u0131.<\/p>\n<p>&#8220;\u00c7ift\u00e7ilere destek olabilmek \u00e7ift\u00e7ilerin \u00fcretimde kalmas\u0131 i\u00e7in \u00e7ok \u00f6nemli&#8221;<\/p>\n<p>CHP Mersin Milletvekili Cengiz G\u00f6k\u00e7el, Adanal\u0131o\u011flu&#8217;nda \u00fcretim yapan \u00e7ift\u00e7ilerin daha \u00f6nceleri her ya\u011fan ya\u011fmur ve esen kuvvetli r\u00fczgarda ma\u011fdur oldu\u011funu fakat B\u00fcy\u00fck\u015fehir Belediyesi&#8217;nin hizmetleri sayesinde bu durumun art\u0131k ya\u015fanmad\u0131\u011f\u0131n\u0131 belirterek &#8220;Bug\u00fcn ve daha \u00f6nceki geldi\u011fim zamanlarda da g\u00f6rd\u00fcm ki bunlar\u0131n hepsi \u00e7\u00f6z\u00fclm\u00fc\u015f. Yollar \u015fehrin merkez mahalleleri gibi yap\u0131lm\u0131\u015f. Kanallar art\u0131k eskisi gibi ta\u015fm\u0131yor. Sizlerin arazilerine zarar vermiyor. Bu konuda yap\u0131lan b\u00fct\u00fcn katk\u0131lar i\u00e7in B\u00fcy\u00fck\u015fehir Belediye Ba\u015fkan\u0131m\u0131za te\u015fekk\u00fcr ediyorum. \u00c7\u00fcnk\u00fc burada en kutsal i\u015fi yapan, \u00e7ift\u00e7ileri hat\u0131rlay\u0131p onlar\u0131n \u00fcretim noktas\u0131nda ya\u015fad\u0131\u011f\u0131 s\u0131k\u0131nt\u0131lar\u0131 \u00e7\u00f6zmek i\u00e7in destek olabilmek, belediyenin b\u00fct\u00e7esinden katk\u0131 yapabilmek, hem g\u0131da g\u00fcvenli\u011fi i\u00e7in hem de \u00e7ift\u00e7ilerin \u00fcretimde kalmas\u0131 i\u00e7in \u00e7ok \u00f6nemli&#8221; dedi.<\/p>\n<p>G\u00f6k\u00e7el, kurakl\u0131k tehlikesine de de\u011finerek, Berdan Baraj\u0131&#8217;n\u0131n doluluk oran\u0131n\u0131n y\u00fczde 27 oldu\u011funu, tar\u0131msal sulama ve i\u00e7me suyunda ileriki g\u00fcnlerde s\u0131k\u0131nt\u0131 olabilece\u011fini ifade ederken, &#8220;18 kilometre yukar\u0131da Pamukluk Baraj\u0131 var. Doluluk oran\u0131 y\u00fczde 37. Su orada duruyor. Ama maalesef iktidar isale hatlar\u0131n\u0131 yapmad\u0131\u011f\u0131 i\u00e7in baraj\u0131n in\u015faat\u0131n\u0131 tamamlamad\u0131\u011f\u0131 i\u00e7in su orada duruyor. Biz suya bak\u0131yoruz. Oradan gelecek su cazibe ile kendili\u011finden akarak gelecek ve enerji maliyeti olmayacak. Ne i\u00e7me suyu ne sulama suyu e\u011fer bu baraj in\u015faat\u0131 tamamlan\u0131rsa bug\u00fcnk\u00fc fiyatlar kadar y\u00fcksek olmayacak. \u00c7ift\u00e7ilerimiz, vatanda\u015flar\u0131m\u0131z daha da ucuza i\u00e7me suyu kullanabilecekler&#8221; diye konu\u015ftu.<\/p>\n<p>Antmen: &#8220;Mersin B\u00fcy\u00fck\u015fehir, deprem yaralar\u0131n\u0131n sar\u0131lmas\u0131nda tarih yazd\u0131&#8221;<\/p>\n<p>CHP Mersin Milletvekili Alpay Antmen,  B\u00fcy\u00fck\u015fehir Belediyesinin tar\u0131mla ilgili bir\u00e7ok proje yaparak hayata ge\u00e7irdi\u011fini belirterek, &#8220;\u00c7aml\u0131yayla&#8217;dan Silifke&#8217;ye, Anamur&#8217;a, Akdeniz&#8217;e, her yere tar\u0131mla ilgili hem projeleri yapt\u0131lar hem projeleri uygulad\u0131lar hem de tar\u0131msal bir\u00e7ok destek verdiler&#8221; dedi. Mersin B\u00fcy\u00fck\u015fehir Belediyesi&#8217;nin deprem b\u00f6lgesine verdi\u011fi desteklerin \u00f6nemli oldu\u011funa da vurgu yapan Antmen, &#8220;Mersin B\u00fcy\u00fck\u015fehir Belediyemiz sosyal belediye oldu\u011fu gibi deprem b\u00f6lgesinde ve burada deprem yaralar\u0131n\u0131n sar\u0131lmas\u0131nda tarih yazd\u0131lar. \u0130\u015fte bu tarihi 14 May\u0131s&#8217;tan sonra t\u00fcm T\u00fcrkiye&#8217;de yazaca\u011f\u0131z. Yar\u0131n Allah nasip ederse oy istemeye \u00e7\u0131kaca\u011f\u0131z. Bize; &#8216;iktidara geldi\u011finizde ne yapacaks\u0131n\u0131z&#8217; diye soracaklar. Ben de &#8216;Vahap Se\u00e7er, Mersin&#8217;de ne yap\u0131yorsa onu yapaca\u011f\u0131z&#8217; diyece\u011fim&#8221; diye konu\u015ftu.<\/p>\n<p>Muhtar Sakar: &#8220;Ba\u015fkan\u0131m\u0131z se\u00e7ildikten sonra b\u00f6lgemize canl\u0131l\u0131k geldi&#8221;<\/p>\n<p>Limonlu Mahalle Muhtar\u0131 \u0130sa Sakar, Ba\u015fkan Se\u00e7er&#8217;in g\u00f6reve geldikten sonra mahallesinin \u00e7ehresinin de\u011fi\u015fti\u011fini belirterek, &#8220;Adanal\u0131o\u011flu, Kazanl\u0131, Karaduvar ve di\u011fer yukar\u0131daki mahalleler olarak; bizler tar\u0131mla u\u011fra\u015f\u0131yoruz. Tar\u0131mla u\u011fra\u015ft\u0131\u011f\u0131m\u0131z i\u00e7in ger\u00e7ekten bu b\u00f6lge bir nevi sahipsizdi. Ba\u015fkan\u0131m\u0131z se\u00e7ildikten sonra b\u00f6lgemize hizmet anlam\u0131nda canl\u0131l\u0131k geldi. Bunu hi\u00e7 kimse inkar edemez&#8221; dedi.<\/p>\n<p>\u00dcretici G\u00fcvent\u00fcrk: &#8220;\u00c7ift\u00e7ilerin yan\u0131nda oluyorsunuz&#8221;<\/p>\n<p>B\u00fcy\u00fck\u015fehir Belediyesi&#8217;nden destek alan \u00fcreticilerden Ayta\u00e7 G\u00fcvent\u00fcrk de desteklerden \u00f6t\u00fcr\u00fc te\u015fekk\u00fcr ederek, &#8220;Bu zorlu \u015fartlarda, gerek hava \u015fartlar\u0131nda ve artan maliyetlerde sizin de bildi\u011finiz gibi \u00e7ift\u00e7ilik yapmak ger\u00e7ekten hayli zor. Bu \u00e7ift\u00e7ilerin yan\u0131nda oldu\u011funuz i\u00e7in size \u00e7ok te\u015fekk\u00fcr ediyoruz&#8221; dedi.<\/p>\n<p>Programda daha sonra Ba\u015fkan Vahap Se\u00e7er, Milletvekilleri ve protokol\u00fcn di\u011fer \u00fcyeleri taraf\u0131ndan \u00fcreticilere zeytin fidan\u0131 ve s\u0131v\u0131 g\u00fcbrelerin da\u011f\u0131t\u0131m\u0131 ger\u00e7ekle\u015ftirildi.<\/p>\n","protected":false},"excerpt":{"rendered":"<p>Mersin B\u00fcy\u00fck\u015fehir Belediyesi&#8217;nin &#8216;Yerli Yerinde&#8217; slogan\u0131 ile &#8216;G\u0131da G\u00fcvenli\u011fi \u0130\u00e7in Yerel Tar\u0131msal \u00dcretim Te\u015fviki&#8217; kapsam\u0131nda Akdeniz il\u00e7esi Adanal\u0131o\u011flu Mahallesi&#8217;nde ger\u00e7ekle\u015ftirilen Zeytin Fidan\u0131 ve G\u00fcbre Da\u011f\u0131t\u0131m T\u00f6reni&#8217;ne kat\u0131ld\u0131. T\u00f6rende, Adanal\u0131o\u011flu&#8217;ndaki 451 &hellip; <a href=\"https:\/\/akdenizolaygazetesi.com\/?p=24983\" class=\"more-link\">Devam\u0131n\u0131 Oku&#8230;<\/a><\/p>\n","protected":false},"author":2,"featured_media":24984,"comment_status":"open","ping_status":"open","sticky":false,"template":"","format":"standard","meta":[],"categories":[8,1,2,3,5],"tags":[],"_links":{"self":[{"href":"https:\/\/akdenizolaygazetesi.com\/index.php?rest_route=\/wp\/v2\/posts\/24983"}],"collection":[{"href":"https:\/\/akdenizolaygazetesi.com\/index.php?rest_route=\/wp\/v2\/posts"}],"about":[{"href":"https:\/\/akdenizolaygazetesi.com\/index.php?rest_route=\/wp\/v2\/types\/post"}],"author":[{"embeddable":true,"href":"https:\/\/akdenizolaygazetesi.com\/index.php?rest_route=\/wp\/v2\/users\/2"}],"replies":[{"embeddable":true,"href":"https:\/\/akdenizolaygazetesi.com\/index.php?rest_route=%2Fwp%2Fv2%2Fcomments&post=24983"}],"version-history":[{"count":1,"href":"https:\/\/akdenizolaygazetesi.com\/index.php?rest_route=\/wp\/v2\/posts\/24983\/revisions"}],"predecessor-version":[{"id":24985,"href":"https:\/\/akdenizolaygazetesi.com\/index.php?rest_route=\/wp\/v2\/posts\/24983\/revisions\/24985"}],"wp:featuredmedia":[{"embeddable":true,"href":"https:\/\/akdenizolaygazetesi.com\/index.php?rest_route=\/wp\/v2\/media\/24984"}],"wp:attachment":[{"href":"https:\/\/akdenizolaygazetesi.com\/index.php?rest_route=%2Fwp%2Fv2%2Fmedia&parent=24983"}],"wp:term":[{"taxonomy":"category","embeddable":true,"href":"https:\/\/akdenizolaygazetesi.com\/index.php?rest_route=%2Fwp%2Fv2%2Fcategories&post=24983"},{"taxonomy":"post_tag","embeddable":true,"href":"https:\/\/akdenizolaygazetesi.com\/index.php?rest_route=%2Fwp%2Fv2%2Ftags&post=24983"}],"curies":[{"name":"wp","href":"https:\/\/api.w.org\/{rel}","templated":true}]}}