{"id":24996,"date":"2023-04-03T13:15:39","date_gmt":"2023-04-03T10:15:39","guid":{"rendered":"http:\/\/akdenizolaygazetesi.com\/?p=24996"},"modified":"2023-04-03T13:15:39","modified_gmt":"2023-04-03T10:15:39","slug":"cocuklar-guldukce-asacagiz-bulusmasi-adanalioglu-kazanli-ve-karaduvarda-gerceklesti","status":"publish","type":"post","link":"https:\/\/akdenizolaygazetesi.com\/?p=24996","title":{"rendered":"\u201c\u00c7ocuklar G\u00fcld\u00fck\u00e7e A\u015faca\u011f\u0131z\u201d bulu\u015fmas\u0131, Adanal\u0131o\u011flu, Kazanl\u0131 ve Karaduvar\u2019da ger\u00e7ekle\u015fti"},"content":{"rendered":"<p>Akdeniz Belediyesi\u2019nin, \u201c\u00c7ocuklar G\u00fcld\u00fck\u00e7e A\u015faca\u011f\u0131z\u201d slogan\u0131yla ba\u015flatt\u0131\u011f\u0131 moral etkinlikleri, bu kez Adanal\u0131o\u011flu, Kazanl\u0131 ve Karaduvar mahalle k\u00fclt\u00fcr sanat evlerinde a\u011f\u0131rlanan depremzede \u00e7ocuklar i\u00e7in d\u00fczenlendi. Etkinli\u011fe kat\u0131larak deprem ma\u011fduru \u00e7ocuklar\u0131 ve ailelerini yaln\u0131z b\u0131rakmayan Ba\u015fkan G\u00fcltak; \u201cYaralar\u0131m\u0131z\u0131 hep birlikte saraca\u011f\u0131z, \u00e7ocuklar\u0131m\u0131z g\u00fcld\u00fck\u00e7e de bu zor g\u00fcnleri birlikte a\u015faca\u011f\u0131z\u201d dedi.<\/p>\n<p>Ge\u00e7en haftalarda Karacailyas k\u00fclt\u00fcr ve sanat evinde kalan \u00e7ocuklar yarar\u0131na etkinlik d\u00fczenleyen Akdeniz Belediyesi; Adanal\u0131o\u011flu, Kazanl\u0131 ve Karaduvar mahalleleri k\u00fclt\u00fcr sanat evlerinde misafir edilen depremzede \u00e7ocuklar i\u00e7in sihirbazl\u0131k, kukla ve palya\u00e7o g\u00f6sterileri, dev balon \u015fovlar\u0131, dans ile disko g\u00f6sterisinden olu\u015fan etkinlik organize etti. <\/p>\n<p>K\u00fclt\u00fcr ve Sosyal \u0130\u015fler M\u00fcd\u00fcrl\u00fc\u011f\u00fc taraf\u0131ndan \u201c\u00c7ocuklar G\u00fcld\u00fck\u00e7e A\u015faca\u011f\u0131z\u201d slogan\u0131yla ger\u00e7ekle\u015fen ve deprem ma\u011fduru ailelerin de kat\u0131ld\u0131\u011f\u0131 bulu\u015fmada \u00e7ocuklar e\u011flenceli dakikalar ge\u00e7irdi. G\u00f6sterilere e\u015flik eden minikler, b\u00fcy\u00fck afetin k\u00fc\u00e7\u00fck ruhlar\u0131nda yaratt\u0131\u011f\u0131 korku ve stresten bir nebze uzakla\u015ft\u0131.<\/p>\n<p>\u201cDepremin yaralar\u0131n\u0131 sarmaya devam ediyoruz\u201d<\/p>\n<p>Adanal\u0131o\u011flu Mahallesi\u2019nde ger\u00e7ekle\u015fen etkinli\u011fe kat\u0131lan Akdeniz Belediye Ba\u015fkan\u0131 M. Mustafa G\u00fcltak, T\u00fcrkiye\u2019nin; 6 \u015eubat\u2019ta d\u00fcnyan\u0131n en b\u00fcy\u00fck afetlerinden birini ya\u015fad\u0131\u011f\u0131n\u0131n alt\u0131n\u0131 \u00e7izerek; \u201cSadece T\u00fcrkiye de\u011fil, yabanc\u0131 uzmanlar\u0131n da s\u00f6yledi\u011fi \u00fczere d\u00fcnya tarihi boyunca k\u0131talararas\u0131 en b\u00fcy\u00fck hareket ger\u00e7ekle\u015fti. <\/p>\n<p>Maalesef 50 binin \u00fczerinde can\u0131m\u0131z\u0131 kaybettik, 100 binin \u00fczerinde insan\u0131m\u0131z da yaraland\u0131. Akdeniz Belediyesi olarak felaketin ilk g\u00fcnden itibaren K\u0131r\u0131khan, Nurda\u011f\u0131 ve Osmaniye\u2019deydik. Halen de bir\u00e7ok personelimiz, i\u015f makineleri deste\u011fiyle Alt\u0131n\u00f6z\u00fc ve K\u0131r\u0131khan\u2019da yard\u0131m \u00e7al\u0131\u015fmalar\u0131na kat\u0131l\u0131yor. B\u00f6lgedeki belediye ba\u015fkanlar\u0131 \u2018tamam, i\u015fimiz bitti\u2019 deyinceye kadar da orada olmaya devam edece\u011fiz\u201d dedi. <\/p>\n<p>\u201c\u00c7ocuklar\u0131m\u0131z g\u00fcld\u00fck\u00e7e bu zorluklar\u0131 a\u015faca\u011f\u0131z\u201d<\/p>\n<p>Ba\u015fkan G\u00fcltak; Mersin ve Akdeniz\u2019in, depremin vurdu\u011fu kentlerden en \u00e7ok g\u00f6\u00e7 alan il ve il\u00e7e oldu\u011funu kaydederek; \u201cMuhtarlar\u0131m\u0131za te\u015fekk\u00fcr ediyorum. \u0130mk\u00e2ns\u0131zl\u0131klar i\u00e7inde zor bir y\u00fck\u00fcn alt\u0131na girdiler. Vatanda\u015flar\u0131m\u0131za te\u015fekk\u00fcr ediyorum. \u00c7\u00fcnk\u00fc evlerinizi a\u00e7arak kutsal bir i\u015f yapt\u0131n\u0131z. Hepinize ayr\u0131 ayr\u0131 te\u015fekk\u00fcr ediyorum. <\/p>\n<p>Birbirimize kucak a\u00e7\u0131p yaralar\u0131m\u0131z\u0131 hep birlikte saraca\u011f\u0131z. \u00c7ocuklar\u0131m\u0131z g\u00fcld\u00fck\u00e7e de bu zor ve ac\u0131 g\u00fcnleri hep birlikte a\u015faca\u011f\u0131z. \u00c7ocuklar\u0131m\u0131z g\u00fcld\u00fck\u00e7e ac\u0131lar\u0131m\u0131z hafifleyecek, hayat da yava\u015f yava\u015f normale d\u00f6necek. Akdeniz Belediyesi olarak da siz de\u011ferli misafirlerimize en iyi misafirperverli\u011fi sunmaya devam edece\u011fiz\u201d ifadelerini kulland\u0131.<\/p>\n<p>Konu\u015fmas\u0131n\u0131n ard\u0131ndan Akdeniz Belediye Ba\u015fkan\u0131 Mustafa G\u00fcltak; beraberinde Ba\u015fkan Yard\u0131mc\u0131lar\u0131, Meclis \u00fcyeleri, mahalle muhtarlar\u0131 ve depremzede ailelerle birlikte, afeti ya\u015fayan \u00e7ocuklar i\u00e7in haz\u0131rlanan g\u00f6sterileri izledi. <\/p>\n","protected":false},"excerpt":{"rendered":"<p>Akdeniz Belediyesi\u2019nin, \u201c\u00c7ocuklar G\u00fcld\u00fck\u00e7e A\u015faca\u011f\u0131z\u201d slogan\u0131yla ba\u015flatt\u0131\u011f\u0131 moral etkinlikleri, bu kez Adanal\u0131o\u011flu, Kazanl\u0131 ve Karaduvar mahalle k\u00fclt\u00fcr sanat evlerinde a\u011f\u0131rlanan depremzede \u00e7ocuklar i\u00e7in d\u00fczenlendi. Etkinli\u011fe kat\u0131larak deprem ma\u011fduru \u00e7ocuklar\u0131 ve &hellip; <a href=\"https:\/\/akdenizolaygazetesi.com\/?p=24996\" class=\"more-link\">Devam\u0131n\u0131 Oku&#8230;<\/a><\/p>\n","protected":false},"author":2,"featured_media":24997,"comment_status":"open","ping_status":"open","sticky":false,"template":"","format":"standard","meta":[],"categories":[2,3],"tags":[],"_links":{"self":[{"href":"https:\/\/akdenizolaygazetesi.com\/index.php?rest_route=\/wp\/v2\/posts\/24996"}],"collection":[{"href":"https:\/\/akdenizolaygazetesi.com\/index.php?rest_route=\/wp\/v2\/posts"}],"about":[{"href":"https:\/\/akdenizolaygazetesi.com\/index.php?rest_route=\/wp\/v2\/types\/post"}],"author":[{"embeddable":true,"href":"https:\/\/akdenizolaygazetesi.com\/index.php?rest_route=\/wp\/v2\/users\/2"}],"replies":[{"embeddable":true,"href":"https:\/\/akdenizolaygazetesi.com\/index.php?rest_route=%2Fwp%2Fv2%2Fcomments&post=24996"}],"version-history":[{"count":1,"href":"https:\/\/akdenizolaygazetesi.com\/index.php?rest_route=\/wp\/v2\/posts\/24996\/revisions"}],"predecessor-version":[{"id":24998,"href":"https:\/\/akdenizolaygazetesi.com\/index.php?rest_route=\/wp\/v2\/posts\/24996\/revisions\/24998"}],"wp:featuredmedia":[{"embeddable":true,"href":"https:\/\/akdenizolaygazetesi.com\/index.php?rest_route=\/wp\/v2\/media\/24997"}],"wp:attachment":[{"href":"https:\/\/akdenizolaygazetesi.com\/index.php?rest_route=%2Fwp%2Fv2%2Fmedia&parent=24996"}],"wp:term":[{"taxonomy":"category","embeddable":true,"href":"https:\/\/akdenizolaygazetesi.com\/index.php?rest_route=%2Fwp%2Fv2%2Fcategories&post=24996"},{"taxonomy":"post_tag","embeddable":true,"href":"https:\/\/akdenizolaygazetesi.com\/index.php?rest_route=%2Fwp%2Fv2%2Ftags&post=24996"}],"curies":[{"name":"wp","href":"https:\/\/api.w.org\/{rel}","templated":true}]}}