{"id":25018,"date":"2023-04-03T17:05:50","date_gmt":"2023-04-03T14:05:50","guid":{"rendered":"http:\/\/akdenizolaygazetesi.com\/?p=25018"},"modified":"2023-04-03T17:05:50","modified_gmt":"2023-04-03T14:05:50","slug":"ozellikle-buyuk-ihalelerimiz-e-ihale-yontemiyle-yapilmaktadir","status":"publish","type":"post","link":"https:\/\/akdenizolaygazetesi.com\/?p=25018","title":{"rendered":"\u201c\u00d6zellikle b\u00fcy\u00fck ihalelerimiz e-ihale y\u00f6ntemiyle yap\u0131lmaktad\u0131r\u201d"},"content":{"rendered":"<p>Akdeniz Belediye Ba\u015fkan\u0131 M. Mustafa G\u00fcltak, \u201cMeclis Denetim Raporunun\u201d da g\u00f6r\u00fc\u015f\u00fcld\u00fc\u011f\u00fc Belediye Meclis toplant\u0131s\u0131n\u0131n Nisan ay\u0131 ilk birle\u015fiminde; \u2018belediyenin bor\u00e7 ve gelir durumu, ihaleler, personel ve temsil-a\u011f\u0131rlama giderleri, personel istihdam\u0131 ile hizmet ara\u00e7lar\u0131n\u0131n akaryak\u0131t t\u00fcketimi konular\u0131nda HDP ve CHP\u2019li \u00fcyelerin y\u00f6neltti\u011fi ele\u015ftirilere tek tek a\u00e7\u0131kl\u0131k getirerek yan\u0131t verdi.<br \/>\n\u201cG\u00fcne\u015f bal\u00e7\u0131kla s\u0131vanmaz\u201d<br \/>\nBa\u015fkan Mustafa G\u00fcltak, bu t\u00fcr alg\u0131 yaratma giri\u015fimlerinin kamuoyu nezdinde tutmad\u0131\u011f\u0131n\u0131 dile getirerek; \u201cKendinizi \u00e7ok zor durumda b\u0131rak\u0131yorsunuz\u2026 Bug\u00fcn B\u00fcy\u00fck\u015fehir Belediyesi d\u00e2hil, di\u011fer il\u00e7e belediyelerin do\u011frudan teminlerini ara\u015ft\u0131r\u0131n, ne a\u015famada acaba? Bak\u0131n nas\u0131l a\u015fm\u0131\u015flar, ne kadar a\u015fm\u0131\u015flar? Biz a\u015fmay\u0131 b\u0131rak\u0131n, hakk\u0131m\u0131z\u0131 dahi kullanmam\u0131\u015f\u0131z. Sonra da bizim \u00fczerimizden kamuoyuna y\u00f6nelik bir alg\u0131 yaratmaya \u00e7al\u0131\u015f\u0131yorsunuz. Ama g\u00fcne\u015f bal\u00e7\u0131kla s\u0131vanmaz\u201d dedi.<br \/>\n\u201c\u00d6zellikle b\u00fcy\u00fck ihalelerimiz e-ihale y\u00f6ntemiyle yap\u0131lmaktad\u0131r\u201d<br \/>\nE-ihale y\u00f6ntemiyle yap\u0131lan akaryak\u0131t ihalelerine de a\u00e7\u0131kl\u0131k getirdi\u011fi a\u00e7\u0131klamas\u0131nda Ba\u015fkan G\u00fcltak, \u015fu ifadeleri kulland\u0131; \u201cE-ihale\u2019de, ben ve m\u00fcd\u00fcrlerimiz dahil, ihaleye kimin girdi\u011fini g\u00f6rm\u00fcyoruz. Ne zaman g\u00f6r\u00fcyoruz? \u0130hale g\u00fcn\u00fc\u2026 Daha ne yapay\u0131m? Daha ne istiyorsunuz benden? E-ihale yapm\u0131\u015f\u0131m, tek firmada kal\u0131nca iptal etmi\u015fim yetkimi kullanarak. Bir daha ihaleye girin demi\u015fim. Sonraki ihaleye de 4 firma girmi\u015f. E-ihale ile t\u00fcm T\u00fcrkiye\u2019ye duyuruyorum.<br \/>\nT\u00fcm T\u00fcrkiye\u2019ye a\u00e7\u0131k. Ben bile, ihaleyi yapan amir bile ihaleye girenleri ihale g\u00fcn\u00fc g\u00f6r\u00fcyor. Daha ne yapabilirim bilmiyorum ki. \u015eeffafl\u0131ktan bahsediyorsunuz. Allah \u0131slah etsin. \u2018Tek firma girdi, \u015f\u00f6yle oldu, b\u00f6yle oldu\u2019 diyerek manip\u00fclasyon yapmay\u0131n. Tutmaz! G\u00fcltak\u2019\u0131n \u00fczerine b\u00f6yle gelmeyin, vallahi, billahi tutmaz. Vatanda\u015f da sizler de bizi tan\u0131d\u0131n\u0131z. \u0130hale veya para \u00fczerinden bana gelmeyin, tutmaz. \u00c7\u00fcnk\u00fc biz bu konuda radikal tedbirler al\u0131yoruz. \u00d6zellikle b\u00fct\u00fcn b\u00fcy\u00fck ihalelerimiz e-ihale y\u00f6ntemiyle yap\u0131lmaktad\u0131r. Veya a\u00e7\u0131k ihaledir. Yani t\u00fcm T\u00fcrkiye duymaktad\u0131r.\u201d<\/p>\n<p>\u201cAlg\u0131 yaratmaya \u00e7al\u0131\u015f\u0131yorsunuz\u201d<br \/>\nTan\u0131t\u0131m ve a\u011f\u0131rlama giderlerine y\u00f6nelik ele\u015ftirilere de de\u011finen Ba\u015fkan Mustafa G\u00fcltak, \u201cBu kaleme harcanan 16 milyon TL\u2019nin i\u00e7inde gazetelere ve TV\u2019lere yap\u0131lan \u00f6demeler var, kad\u0131nlar\u0131m\u0131z\u0131n gezileri var, Karaduvar Bal\u0131k Festivali var, Esenli \u00dcz\u00fcm Festivali var, \u00c7ocuk e\u011flence programlar\u0131 var\u2026<br \/>\n\u015e\u00f6yle bir alg\u0131 yaratmay\u0131n! Sanki G\u00fcltak 16 milyon TL\u2019yi ald\u0131, her tarafa \u2018G\u00fcltak\u2019 yazd\u0131rd\u0131. B\u00f6yle bir \u015fey yok arkada\u015flar. Harcad\u0131\u011f\u0131m\u0131z para belli, tan\u0131t\u0131ma ve bas\u0131na verdi\u011fimiz para belli. Fakat siz israf var deyip, alg\u0131 yarat\u0131yorsunuz, \u00f6yle bir \u015fey yok. Biraz da di\u011fer belediyelerin \u015firketler \u00fczerinden yapt\u0131\u011f\u0131 \u00f6demelere bak\u0131n\u201d diye konu\u015ftu.<br \/>\n\u201cB\u00fct\u00e7e i\u00e7erisindeki personel giderimiz y\u00fczde 45 de\u011fil, y\u00fczde 20,1\u201d<br \/>\nMeclis \u00fcyelerinin, Meclis Denetim Komisyonu raporu \u00fczerine y\u00f6neltti\u011fi ele\u015ftirilere yan\u0131t veren Ba\u015fkan G\u00fcltak, belediyeyi 232 milyon TL ile devrald\u0131klar\u0131n\u0131, belediyenin o d\u00f6nem gelirinin ise 129 milyon TL oldu\u011funu hat\u0131rlatarak; \u201cBir \u00f6nceki gelirimiz 348 milyon TL. Buna yeniden de\u011ferlemeyi ekledi\u011finizde 700 milyon TL\u2019nin \u00fczerinde b\u00fct\u00e7emiz var. Dolay\u0131s\u0131yla personel \u00fccretlerini buna oranlad\u0131\u011f\u0131n\u0131zda, b\u00fct\u00e7e i\u00e7erisindeki personel giderimiz \u00f6yle s\u00f6ylendi\u011fi gibi y\u00fczde 45 de\u011fil, y\u00fczde 20,1\u2019dir\u201d dedi.<br \/>\n \u201c47 milyon TL do\u011frudan temin hakk\u0131m\u0131z\u0131n sadece 12 milyon TL\u2019sini kulland\u0131k\u201d<br \/>\nBelediyenin, do\u011frudan temin y\u00f6ntemiyle ger\u00e7ekle\u015ftirdi\u011fi ihalelere y\u00f6nelik ele\u015ftirilere de yan\u0131t verdi\u011fi a\u00e7\u0131klamas\u0131nda Ba\u015fkan Mustafa G\u00fcltak, do\u011frudan temin s\u0131n\u0131r\u0131n\u0131n y\u00fczde 10 oldu\u011funu hat\u0131rlatarak; \u201cYasa, yasal \u00e7er\u00e7evede y\u00fczde 10\u2019una kadar idareye do\u011frudan temin izni veriyor. Yani idaremiz, 47 milyon TL bu idare do\u011frudan temin yapma hakk\u0131na sahip. Az \u00f6nce baz\u0131 arkada\u015flar \u2018tek firma, do\u011frudan temin alg\u0131s\u0131\u2019 yaratt\u0131lar ya!<br \/>\nAlt\u0131n\u0131 \u00e7iziyorum. Bu idare 47 milyon TL\u2019lik do\u011frudan temin hakk\u0131 varken, Allah\u2019a hamdolsun ki 12 milyon TL k\u00fcs\u00fcrde kalm\u0131\u015f. Bunu da s\u00f6yleyin! Normalde ben bunun \u00fcst\u00fcne 47 milyon TL\u2019ye kadar do\u011frudan temin hakk\u0131m\u0131z duruyor. E\u011fer idare olarak k\u00f6t\u00fc niyetli olsayd\u0131k do\u011frudan temin s\u0131n\u0131rlar\u0131n\u0131 kullan\u0131rd\u0131k. Biz ne yapm\u0131\u015f\u0131z? A\u00e7\u0131k ihaleye y\u00f6nelmi\u015fiz. Yani hakk\u0131m\u0131z\u0131n 3\u2019te 1\u2019ini bile kullanm\u0131\u015f\u0131z. L\u00fctfen biraz insafl\u0131 olun\u201d  ifadelerini kulland\u0131.<br \/>\n \u201cYeni hizmet ve projelerimizle akaryak\u0131t t\u00fcketimi artm\u0131\u015ft\u0131r\u201d<br \/>\nBa\u015fkan G\u00fcltak, akaryak\u0131t kullan\u0131m\u0131n\u0131n artt\u0131\u011f\u0131 y\u00f6n\u00fcndeki ele\u015ftirilere de a\u00e7\u0131kl\u0131k getirdi\u011fi konu\u015fmas\u0131nda; \u201cServis ara\u00e7lar\u0131m\u0131zla hafta sonunda kad\u0131nlar\u0131 tarihi ve k\u00fclt\u00fcrel gezilere g\u00f6t\u00fcr\u00fcyoruz. Onkob\u00fcs hizmetimiz var, \u00e7ocuk e\u011flence programlar\u0131 var. Tar\u0131mla ilgili bir\u00e7ok harcamam\u0131z var. Bunlar\u0131n sonucunda da elektrik ve akaryak\u0131t giderlerinin artt\u0131\u011f\u0131n\u0131 belirtmek isterim. Dolay\u0131s\u0131yla yeni hizmetlerin, yeni proje i\u015flerin yap\u0131lmas\u0131ndan kaynakl\u0131 akaryak\u0131t giderlerimiz artm\u0131\u015ft\u0131r\u201d dedi.<br \/>\n\u201cNereden bakt\u0131\u011f\u0131n\u0131z \u00e7ok \u00f6nemli\u201d<br \/>\nBa\u015fkan G\u00fcltak, bor\u00e7lanma konusundaki ele\u015ftirilere de a\u00e7\u0131kl\u0131k getirerek, s\u00f6zlerini \u015f\u00f6yle s\u00fcrd\u00fcrd\u00fc; \u201c2019 y\u0131l\u0131nda se\u00e7ilip belediye ba\u015fkan\u0131 oldu\u011fumda, 232 milyon TL bor\u00e7 ile belediyeyi devrald\u0131m. Belediyenin geliri ise 129 milyon idi. \u015eimdi y\u0131ll\u0131k 129 milyon TL geliriniz var ama 232 milyon TL borcunuz var. Tabi nereden bakt\u0131\u011f\u0131n\u0131z \u00f6nemli, arkada\u015flar tabi ki g\u00fczelleme yapacaklar. \u015eimdi \u2018bor\u00e7 artt\u0131\u2019 diyorlar, do\u011fru. TL baz\u0131nda bakt\u0131\u011f\u0131n\u0131zda bor\u00e7 artt\u0131. Gelirimiz 348 milyon TL. Y\u00fczde 122 (de\u011ferlemeyi) de ekledi\u011fimizde 776 milyon TL. Borcumuzun art\u0131\u015f oran\u0131 ise y\u00fczde 0,40. Diyelim ki evime ayl\u0131k 10 TL para giriyor, borcum da 2 lira, bunu \u00e7evirebilirim.<br \/>\nAma ayl\u0131k evime 10 lira para giriyor, bor\u00e7 ise 25 lira. Bunu \u00e7evirmenin imk\u00e2n\u0131 yok. Yani biz belediyeyi devrald\u0131\u011f\u0131m\u0131zda 232 milyon TL bor\u00e7, 129 milyon TL gelir; tabi bu gelirin i\u00e7in de de maa\u015flar ve bir\u00e7ok kalem de var. Yani asl\u0131nda gelir, maa\u015flara ve belediyenin di\u011fer \u00f6demelerine bakt\u0131\u011f\u0131n\u0131zda hi\u00e7bir borcu \u00f6deyebilecek bir gelir de de\u011fil. Bug\u00fcn ise gelirimiz 776 milyon TL\u2019ye y\u00fckselmi\u015f. E\u011fer bu geliri \u00f6nceye g\u00f6re oranlad\u0131\u011f\u0131n\u0131zda 1 bu\u00e7uk milyar TL\u2019nin \u00fczerinde borcumuzun olmas\u0131 gerekirdi. Ama biz gelire ve borca bakt\u0131\u011f\u0131m\u0131zda bor\u00e7 miktar\u0131 \u00e7ok d\u00fc\u015fm\u00fc\u015ft\u00fcr.\u201d<\/p>\n","protected":false},"excerpt":{"rendered":"<p>Akdeniz Belediye Ba\u015fkan\u0131 M. Mustafa G\u00fcltak, \u201cMeclis Denetim Raporunun\u201d da g\u00f6r\u00fc\u015f\u00fcld\u00fc\u011f\u00fc Belediye Meclis toplant\u0131s\u0131n\u0131n Nisan ay\u0131 ilk birle\u015fiminde; \u2018belediyenin bor\u00e7 ve gelir durumu, ihaleler, personel ve temsil-a\u011f\u0131rlama giderleri, personel istihdam\u0131 &hellip; <a href=\"https:\/\/akdenizolaygazetesi.com\/?p=25018\" class=\"more-link\">Devam\u0131n\u0131 Oku&#8230;<\/a><\/p>\n","protected":false},"author":2,"featured_media":25019,"comment_status":"open","ping_status":"open","sticky":false,"template":"","format":"standard","meta":[],"categories":[8,2,3,5,6],"tags":[],"_links":{"self":[{"href":"https:\/\/akdenizolaygazetesi.com\/index.php?rest_route=\/wp\/v2\/posts\/25018"}],"collection":[{"href":"https:\/\/akdenizolaygazetesi.com\/index.php?rest_route=\/wp\/v2\/posts"}],"about":[{"href":"https:\/\/akdenizolaygazetesi.com\/index.php?rest_route=\/wp\/v2\/types\/post"}],"author":[{"embeddable":true,"href":"https:\/\/akdenizolaygazetesi.com\/index.php?rest_route=\/wp\/v2\/users\/2"}],"replies":[{"embeddable":true,"href":"https:\/\/akdenizolaygazetesi.com\/index.php?rest_route=%2Fwp%2Fv2%2Fcomments&post=25018"}],"version-history":[{"count":1,"href":"https:\/\/akdenizolaygazetesi.com\/index.php?rest_route=\/wp\/v2\/posts\/25018\/revisions"}],"predecessor-version":[{"id":25020,"href":"https:\/\/akdenizolaygazetesi.com\/index.php?rest_route=\/wp\/v2\/posts\/25018\/revisions\/25020"}],"wp:featuredmedia":[{"embeddable":true,"href":"https:\/\/akdenizolaygazetesi.com\/index.php?rest_route=\/wp\/v2\/media\/25019"}],"wp:attachment":[{"href":"https:\/\/akdenizolaygazetesi.com\/index.php?rest_route=%2Fwp%2Fv2%2Fmedia&parent=25018"}],"wp:term":[{"taxonomy":"category","embeddable":true,"href":"https:\/\/akdenizolaygazetesi.com\/index.php?rest_route=%2Fwp%2Fv2%2Fcategories&post=25018"},{"taxonomy":"post_tag","embeddable":true,"href":"https:\/\/akdenizolaygazetesi.com\/index.php?rest_route=%2Fwp%2Fv2%2Ftags&post=25018"}],"curies":[{"name":"wp","href":"https:\/\/api.w.org\/{rel}","templated":true}]}}