{"id":25021,"date":"2023-04-04T13:18:30","date_gmt":"2023-04-04T10:18:30","guid":{"rendered":"http:\/\/akdenizolaygazetesi.com\/?p=25021"},"modified":"2023-04-04T13:18:30","modified_gmt":"2023-04-04T10:18:30","slug":"baskan-secer-yurutulen-calismalarda-kadin-ve-cocuklari-onceliyoruz","status":"publish","type":"post","link":"https:\/\/akdenizolaygazetesi.com\/?p=25021","title":{"rendered":"BA\u015eKAN SE\u00c7ER: &#8220;Y\u00dcR\u00dcT\u00dcLEN \u00c7ALI\u015eMALARDA KADIN VE \u00c7OCUKLARI \u00d6NCEL\u0130YORUZ&#8221;"},"content":{"rendered":"<p>Mersin B\u00fcy\u00fck\u015fehir Belediye Ba\u015fkan\u0131 Vahap Se\u00e7er, T\u00fcrkiye Kad\u0131n Dernekleri Federasyonu Ba\u015fkan\u0131 Canan G\u00fcll\u00fc ile Y\u00f6netim Kurulu \u00fcyesi \u0130smet \u00d6zen&#8217;i makam\u0131nda a\u011f\u0131rlad\u0131. Ziyarette Mersin B\u00fcy\u00fck\u015fehir Belediyesi Genel Sekreter Yard\u0131mc\u0131s\u0131 Serdal G\u00f6kayaz ile Kad\u0131n ve Aile Hizmetleri Dairesi Ba\u015fkan\u0131 \u015eerife Haso\u011flu Dokucu da yer ald\u0131.<br \/>\nDeprem sonras\u0131 s\u00fcre\u00e7te depremden etkilenen kad\u0131nlar\u0131n istihdam\u0131, psikolojik ve sosyal ihtiya\u00e7lar\u0131 konusunda at\u0131lacak ad\u0131mlar\u0131n g\u00f6r\u00fc\u015f\u00fcld\u00fc\u011f\u00fc ziyarette, Federasyon Ba\u015fkan\u0131 Canan G\u00fcll\u00fc, hayata ge\u00e7irdikleri &#8216;Mor Yerle\u015fke&#8217; ve &#8216;Mor Anahtar&#8217; projelerinden s\u00f6z etti. Ba\u015fkan Se\u00e7er de, istihdam, bar\u0131nma, psikolojik ve sosyal alanlarda yap\u0131lacak \u00e7al\u0131\u015fmalarda kad\u0131n ve \u00e7ocuklar\u0131 \u00f6ncelediklerini belirterek, bu konuda her t\u00fcrl\u00fc i\u015f birli\u011fine haz\u0131r olduklar\u0131n\u0131 vurgulad\u0131.<br \/>\n&#8220;Y\u00fcr\u00fct\u00fclen \u00e7al\u0131\u015fmalarda kad\u0131n ve \u00e7ocuklar\u0131 \u00f6nceliyoruz&#8221;<br \/>\nZiyarette konu\u015fan Ba\u015fkan Se\u00e7er, Mersin&#8217;in deprem b\u00f6lgelerine yak\u0131nl\u0131\u011f\u0131 itibariyle \u00f6nemli bir fonksiyonu oldu\u011funa dikkat \u00e7ekti. Bundan sonraki s\u00fcre\u00e7te art\u0131k temel ihtiya\u00e7lar\u0131n kar\u015f\u0131lanmas\u0131n\u0131n yan\u0131 s\u0131ra, depremzedeleri yeniden insan onuruna yara\u015f\u0131r ya\u015fam ko\u015fullar\u0131na d\u00f6nd\u00fcrecek politikalar\u0131n geli\u015ftirilmesinin, ge\u00e7im kaynaklar\u0131na eri\u015fimlerinin g\u00fc\u00e7lendirilmesinin ve depremzedelere y\u00f6nelik psikososyal destek ve rehabilitasyon \u00e7al\u0131\u015fmalar\u0131n\u0131n \u00f6nemini vurgulayan Se\u00e7er, &#8220;Cinsiyet, sosyal s\u0131n\u0131f ya da ya\u015f fark\u0131 g\u00f6zetmeksizin herkes etkilendi ama kad\u0131nlar ve \u00e7ocuklar ba\u015fta olmak \u00fczere k\u0131r\u0131lgan gruplar\u0131n bu a\u00e7\u0131dan \u00f6ncelendirilmesi gerekti\u011fini d\u00fc\u015f\u00fcn\u00fcyorum. Zaten bizim temel felsefemiz bu&#8221; diyerek \u00f6zellikle kad\u0131nlar ve \u00e7ocuklar i\u00e7in uygulamalar\u0131n hayata ge\u00e7mesinin \u00f6nem arz etti\u011fini s\u00f6yledi. Yap\u0131lacak \u00e7al\u0131\u015fmalarda her t\u00fcrl\u00fc i\u015f birli\u011fine a\u00e7\u0131k olduklar\u0131n\u0131n alt\u0131n\u0131 \u00e7izen Se\u00e7er, &#8220;Siz de \u00e7ok de\u011ferli \u00e7al\u0131\u015fmalar yap\u0131yorsunuz. Umar\u0131m i\u015f birli\u011fimiz d\u00fcn oldu\u011fu gibi bug\u00fcn de yar\u0131n da devam eder, g\u00fczel i\u015fler yapar\u0131z. Buras\u0131 sizin eviniz, bu konuda rahat olun. \u00c7\u00fcnk\u00fc iyi i\u015fler yapanlarla biz de bir \u015feyler yapal\u0131m ki sonu\u00e7 iyi olsun istiyoruz. Her \u015feyin en iyisini yapmak isteyen bir kurumuz biz. B\u00f6yle de bir realite var&#8221; dedi.<br \/>\n&#8220;Merkezi h\u00fck\u00fcmetin o y\u00f6reye ili\u015fkin bir paket sunmas\u0131 laz\u0131m&#8221;<br \/>\nDepremzedeler i\u00e7in hayat\u0131n t\u00fcm alanlar\u0131nda katk\u0131 sunman\u0131n yan\u0131 s\u0131ra art\u0131k b\u00f6lgede ya\u015fam\u0131 ba\u015flatmak gerekti\u011fine dikkat \u00e7eken Ba\u015fkan Se\u00e7er, &#8220;Orada insanlar\u0131n \u00fcretmesi, fabrikalar\u0131n tekrar faaliyete girmesi, esnaf\u0131n d\u00fckk\u00e2n\u0131n\u0131 a\u00e7mas\u0131, oran\u0131n ihtiya\u00e7lar\u0131n\u0131n orada \u00fcretilmesi, yani ekonomi \u00e7ark\u0131n\u0131 d\u00f6nd\u00fcrmek laz\u0131m. Merkezi h\u00fck\u00fcmetin o y\u00f6reye ili\u015fkin bir paket sunmas\u0131 laz\u0131m. Ben \u015fu ana kadar duymad\u0131m, g\u00f6rmedim. Bundan sonra buna dikkat etmek laz\u0131m&#8221; ifadelerine yer verdi.<br \/>\n&#8220;Kente gelen n\u00fcfusun \u00f6nemli bir k\u0131sm\u0131 Mersin&#8217;de kal\u0131c\u0131 olacak&#8221;<br \/>\nMersin&#8217;in kar\u015f\u0131la\u015ft\u0131\u011f\u0131 yo\u011fun g\u00f6\u00e7ten de s\u00f6z eden Se\u00e7er, &#8220;\u0130lk g\u00fcnler 400 bin civar\u0131nda bir g\u00f6\u00e7 oldu\u011funu tespit ettik. Su t\u00fcketiminden evsel at\u0131k miktar\u0131n\u0131n art\u0131\u015f\u0131na kadar trafik yo\u011funlu\u011funa, ev kiralar\u0131n\u0131n astronomik artmas\u0131na kadar elimizde bunu do\u011frulayan veriler var&#8221; dedi. Kente gelen n\u00fcfusun \u00f6nemli bir k\u0131sm\u0131n\u0131n Mersin&#8217;de kal\u0131c\u0131 olaca\u011f\u0131na dikkat \u00e7eken Se\u00e7er, \u015fehrin bu n\u00fcfus yo\u011funlu\u011funu kald\u0131r\u0131labilmesi i\u00e7in altyap\u0131, istihdam, sa\u011fl\u0131k, e\u011fitim gibi kamu hizmetlerine etkin eri\u015fimlerinin g\u00fc\u00e7lendirilmesine y\u00f6nelik \u00e7al\u0131\u015fmalar\u0131n da planlanmas\u0131 gerekti\u011fini vurgulad\u0131.<br \/>\nG\u00fcll\u00fc: &#8220;28 tane Mor Yerle\u015fke yapaca\u011f\u0131z&#8221;<br \/>\nT\u00fcrkiye Kad\u0131n Dernekleri Federasyonu Ba\u015fkan\u0131 Canan G\u00fcll\u00fc ise, B\u00fcy\u00fck\u015fehir&#8217;in depremzede yurtta\u015flar\u0131n hizmetine a\u00e7t\u0131\u011f\u0131 bar\u0131nma alanlar\u0131ndaki incelemelerini aktararak, &#8220;Hem Gen\u00e7lik Kamp\u0131nda hem de otelde a\u011f\u0131rlanan misafirlerin a\u011fz\u0131ndan dolu dolu &#8216;Allah raz\u0131 olsun&#8217; kelimesini duydum. Ekibinize, \u015fahs\u0131n\u0131zda, b\u00fct\u00fcn \u00e7al\u0131\u015fanlar\u0131n\u0131za g\u00f6n\u00fcl dolusu te\u015fekk\u00fcrler iletiyorum. O \u00e7ocuklar\u0131n sar\u0131lmas\u0131 m\u00fcthi\u015f bir \u015feydi&#8221; dedi. Hayata ge\u00e7irdikleri Mor Yerle\u015fke projesini anlatan G\u00fcll\u00fc, deprem b\u00f6lgelerinde ve depremzede yurtta\u015flar\u0131n g\u00f6\u00e7 etti\u011fi b\u00f6lgelerde, donan\u0131ml\u0131 bir yerle\u015fke kurmay\u0131 planlad\u0131klar\u0131n\u0131 s\u00f6yleyerek, &#8220;Hatay&#8217;da Malatya&#8217;da, Antalya&#8217;da, Mersin&#8217;de, Adana&#8217;da, Kahramanmara\u015f&#8217;ta, Elbistan&#8217;da, \u0130slahiye&#8217;de, Ayd\u0131n&#8217;da ve \u0130zmit&#8217;te olmak \u00fczere totalde 28 tane Mor Yerle\u015fke yapaca\u011f\u0131z. Her mor yerle\u015fkenin birim de\u011feri 60 bin dolar. Bu projeyi tamamlayabilmek bizim birinci g\u00f6revimiz&#8221; diye konu\u015ftu.<br \/>\n&#8220;Kad\u0131n istihdam\u0131na y\u00f6nelik \u00e7al\u0131\u015fmalar yap\u0131yoruz&#8221;<br \/>\nProjenin ikinci aya\u011f\u0131 olan Mor Anahtarl\u0131k&#8217;tan da s\u00f6z eden G\u00fcll\u00fc, &#8220;Mor Anahtarl\u0131k projesinin i\u00e7eri\u011fi kira yard\u0131m\u0131yd\u0131. Kira yard\u0131m\u0131 noktas\u0131nda da yine baz\u0131 \u015firketlerden maddi destek alarak, g\u00f6\u00e7 eden insanlar\u0131n 1 y\u0131l, 6 ay ya da birka\u00e7 ayl\u0131k kiras\u0131n\u0131 \u00f6demeyi hedefliyoruz. Bu nedenle de belediyelerde protokol yap\u0131yoruz&#8221; ifadelerine yer verdi. Bundan sonraki s\u00fcre\u00e7te yurtta\u015flar\u0131n yeniden \u00fcretebilmesi i\u00e7in projeler \u00fcrettiklerini belirten G\u00fcll\u00fc, &#8220;50&#8217;nin \u00fczerinde \u015firketi deprem b\u00f6lgelerine g\u00f6t\u00fcrd\u00fck. B\u00fct\u00fcn firmalar\u0131n hem kendi g\u00f6zlemleriyle hem bize g\u00fcvenerek belirli bir yol alma s\u00fcreci ba\u015flad\u0131. Hem kad\u0131n istihdam\u0131na, hem de\u011fi\u015fen toplumsal cinsiyet e\u015fitli\u011fi yap\u0131s\u0131, hem s\u00fcrd\u00fcr\u00fclebilir ekonomi i\u00e7in hem de k\u0131z \u00e7ocuklar\u0131 okusun diye okulla\u015fma s\u00fcreci gibi bir\u00e7ok \u00e7al\u0131\u015fma yap\u0131yoruz&#8221; diyerek s\u00f6zlerini tamamlad\u0131.<\/p>\n","protected":false},"excerpt":{"rendered":"<p>Mersin B\u00fcy\u00fck\u015fehir Belediye Ba\u015fkan\u0131 Vahap Se\u00e7er, T\u00fcrkiye Kad\u0131n Dernekleri Federasyonu Ba\u015fkan\u0131 Canan G\u00fcll\u00fc ile Y\u00f6netim Kurulu \u00fcyesi \u0130smet \u00d6zen&#8217;i makam\u0131nda a\u011f\u0131rlad\u0131. Ziyarette Mersin B\u00fcy\u00fck\u015fehir Belediyesi Genel Sekreter Yard\u0131mc\u0131s\u0131 Serdal G\u00f6kayaz &hellip; <a href=\"https:\/\/akdenizolaygazetesi.com\/?p=25021\" class=\"more-link\">Devam\u0131n\u0131 Oku&#8230;<\/a><\/p>\n","protected":false},"author":2,"featured_media":25022,"comment_status":"open","ping_status":"open","sticky":false,"template":"","format":"standard","meta":[],"categories":[2,3],"tags":[],"_links":{"self":[{"href":"https:\/\/akdenizolaygazetesi.com\/index.php?rest_route=\/wp\/v2\/posts\/25021"}],"collection":[{"href":"https:\/\/akdenizolaygazetesi.com\/index.php?rest_route=\/wp\/v2\/posts"}],"about":[{"href":"https:\/\/akdenizolaygazetesi.com\/index.php?rest_route=\/wp\/v2\/types\/post"}],"author":[{"embeddable":true,"href":"https:\/\/akdenizolaygazetesi.com\/index.php?rest_route=\/wp\/v2\/users\/2"}],"replies":[{"embeddable":true,"href":"https:\/\/akdenizolaygazetesi.com\/index.php?rest_route=%2Fwp%2Fv2%2Fcomments&post=25021"}],"version-history":[{"count":1,"href":"https:\/\/akdenizolaygazetesi.com\/index.php?rest_route=\/wp\/v2\/posts\/25021\/revisions"}],"predecessor-version":[{"id":25023,"href":"https:\/\/akdenizolaygazetesi.com\/index.php?rest_route=\/wp\/v2\/posts\/25021\/revisions\/25023"}],"wp:featuredmedia":[{"embeddable":true,"href":"https:\/\/akdenizolaygazetesi.com\/index.php?rest_route=\/wp\/v2\/media\/25022"}],"wp:attachment":[{"href":"https:\/\/akdenizolaygazetesi.com\/index.php?rest_route=%2Fwp%2Fv2%2Fmedia&parent=25021"}],"wp:term":[{"taxonomy":"category","embeddable":true,"href":"https:\/\/akdenizolaygazetesi.com\/index.php?rest_route=%2Fwp%2Fv2%2Fcategories&post=25021"},{"taxonomy":"post_tag","embeddable":true,"href":"https:\/\/akdenizolaygazetesi.com\/index.php?rest_route=%2Fwp%2Fv2%2Ftags&post=25021"}],"curies":[{"name":"wp","href":"https:\/\/api.w.org\/{rel}","templated":true}]}}